{"id":3994,"date":"2009-11-09T09:28:32","date_gmt":"2009-11-09T11:28:32","guid":{"rendered":"http:\/\/fachodeluz.hostmach.com.br\/wp\/?p=3994"},"modified":"2009-11-09T09:28:32","modified_gmt":"2009-11-09T11:28:32","slug":"reconhecimento-e-entrega","status":"publish","type":"post","link":"https:\/\/www.fachodeluz.blog.br\/wp\/2009\/11\/09\/reconhecimento-e-entrega\/","title":{"rendered":"RECONHECIMENTO E ENTREGA"},"content":{"rendered":"<div style=\"text-align: center;\"><span style=\"font-family: Vivian; color: #800000; font-size: xx-large;\">RECONHECIMENTO <\/span><\/div>\n<div style=\"text-align: center;\"><span style=\"font-family: Vivian; color: #800000; font-size: xx-large;\">E  ENTREGA<br \/>\n<\/span><span style=\"color: #800000;\"><strong><span style=\"font-size: medium;\">D\u00e1rcio<br \/>\n<\/span><\/strong><br \/>\n<\/span><\/div>\n<div><\/div>\n<div><span style=\"font-family: Verdana; color: #800000; font-size: medium;\"><strong>Durante a  &#8220;Pr\u00e1tica do Sil\u00eancio&#8221;, podemos empregar o reconhecimento de um princ\u00edpio  espiritual e ao mesmo tempo fazermos uma entrega profunda que se torna uma  abertura m\u00e1xima \u00e0 revela\u00e7\u00e3o desse princ\u00edpio. Tudo se passa simultaneamente, ou  seja, a mente reconhece, solta-se nesse reconhecimento e nesta &#8220;entrega&#8221; \u00e0 nossa  Consci\u00eancia, que \u00e9 Deus, o princ\u00edpio \u00e9 endossado. Se voc\u00ea, por exemplo, for  contemplar a &#8220;inexist\u00eancia da mat\u00e9ria&#8221;, seria feito este reconhecimento: &#8220;N\u00e3o  existe mat\u00e9ria&#8221;, enquanto, ao mesmo tempo, a mente se soltasse na &#8220;entrega ao  Esp\u00edrito onipresente&#8221;. \u00c9 dessa forma que usamos a mente sem pararmos em puro  &#8220;mentalismo&#8221;. A associa\u00e7\u00e3o do mental com o m\u00edstico gera facilidade nas  medita\u00e7\u00f5es, al\u00e9m de reduzir o tempo das mesmas em termos de efic\u00e1cia diante do  que estivermos contemplando da Verdade absoluta.<\/p>\n<p>DEUS \u00c9 TUDO! N\u00e3o existe  mente humana! Como esta cren\u00e7a hipn\u00f3tica \u00e9 puro &#8220;nada&#8221;, se praticarmos as  contempla\u00e7\u00f5es sempre tendo em vista esta Verdade absoluta, partindo dela  pr\u00f3pria, veremos os frutos desta &#8220;perman\u00eancia em MIM&#8221;, ou seja, nesta percep\u00e7\u00e3o  de que &#8220;EU SOU DEUS&#8221; \u00e9 a Verdade eterna e permanente sobre o &#8220;Eu&#8221; que somos. E  esta associa\u00e7\u00e3o do reconhecimento mental com a espont\u00e2nea a\u00e7\u00e3o da Consci\u00eancia se  torna bem \u00fatil em termos de percep\u00e7\u00e3o.<\/strong><\/span><\/div>\n<div><strong> <\/strong><\/div>\n<div style=\"text-align: center;\"><strong><span style=\"font-family: Verdana; color: #800000; font-size: medium;\">*<\/span><\/strong><\/div>\n","protected":false},"excerpt":{"rendered":"<p>RECONHECIMENTO E ENTREGA D\u00e1rcio Durante a &#8220;Pr\u00e1tica do Sil\u00eancio&#8221;, podemos empregar o reconhecimento de um princ\u00edpio espiritual e ao mesmo tempo fazermos uma entrega profunda que se torna uma abertura m\u00e1xima \u00e0 revela\u00e7\u00e3o desse princ\u00edpio. Tudo se passa simultaneamente, ou seja, a mente reconhece, solta-se nesse reconhecimento e nesta &#8220;entrega&#8221; \u00e0 nossa Consci\u00eancia, que \u00e9 &hellip; <\/p>\n<p class=\"link-more\"><a href=\"https:\/\/www.fachodeluz.blog.br\/wp\/2009\/11\/09\/reconhecimento-e-entrega\/\" class=\"more-link\">Leia mais<span class=\"screen-reader-text\"> &#8220;RECONHECIMENTO E ENTREGA&#8221;<\/span><\/a><\/p>\n","protected":false},"author":2,"featured_media":0,"comment_status":"open","ping_status":"open","sticky":false,"template":"","format":"standard","meta":{"nf_dc_page":"","_crdt_document":"","footnotes":""},"categories":[10],"tags":[],"class_list":["post-3994","post","type-post","status-publish","format-standard","hentry","category-darcio-dezolt"],"featured_media_urls":[],"_links":{"self":[{"href":"https:\/\/www.fachodeluz.blog.br\/wp\/wp-json\/wp\/v2\/posts\/3994","targetHints":{"allow":["GET"]}}],"collection":[{"href":"https:\/\/www.fachodeluz.blog.br\/wp\/wp-json\/wp\/v2\/posts"}],"about":[{"href":"https:\/\/www.fachodeluz.blog.br\/wp\/wp-json\/wp\/v2\/types\/post"}],"author":[{"embeddable":true,"href":"https:\/\/www.fachodeluz.blog.br\/wp\/wp-json\/wp\/v2\/users\/2"}],"replies":[{"embeddable":true,"href":"https:\/\/www.fachodeluz.blog.br\/wp\/wp-json\/wp\/v2\/comments?post=3994"}],"version-history":[{"count":0,"href":"https:\/\/www.fachodeluz.blog.br\/wp\/wp-json\/wp\/v2\/posts\/3994\/revisions"}],"wp:attachment":[{"href":"https:\/\/www.fachodeluz.blog.br\/wp\/wp-json\/wp\/v2\/media?parent=3994"}],"wp:term":[{"taxonomy":"category","embeddable":true,"href":"https:\/\/www.fachodeluz.blog.br\/wp\/wp-json\/wp\/v2\/categories?post=3994"},{"taxonomy":"post_tag","embeddable":true,"href":"https:\/\/www.fachodeluz.blog.br\/wp\/wp-json\/wp\/v2\/tags?post=3994"}],"curies":[{"name":"wp","href":"https:\/\/api.w.org\/{rel}","templated":true}]}}