{"id":4216,"date":"2009-12-11T09:36:20","date_gmt":"2009-12-11T11:36:20","guid":{"rendered":"http:\/\/fachodeluz.hostmach.com.br\/wp\/?p=4216"},"modified":"2009-12-11T09:36:20","modified_gmt":"2009-12-11T11:36:20","slug":"imagens-e-sensacoes-da-mente-humana","status":"publish","type":"post","link":"https:\/\/www.fachodeluz.blog.br\/wp\/2009\/12\/11\/imagens-e-sensacoes-da-mente-humana\/","title":{"rendered":"IMAGENS E SENSA\u00c7\u00d5ES DA MENTE HUMANA"},"content":{"rendered":"<p><span style=\"font-family: Arial; font-size: x-small;\"> <\/span><\/p>\n<div style=\"text-align: center;\"><span style=\"font-family: Garamond; color: #000080; font-size: xx-large;\"><strong>IMAGENS <\/strong><\/span><\/div>\n<div style=\"text-align: center;\"><strong><span style=\"font-family: Garamond; color: #000080; font-size: xx-large;\">E SENSA\u00c7\u00d5ES  DA MENTE HUMANA<br \/>\n<\/span><span style=\"color: #000080; font-size: medium;\">D\u00e1rcio<\/span><\/strong><\/div>\n<div style=\"text-align: center;\"><strong><span style=\"color: #000080; font-size: medium;\">.<br \/>\n<\/span><\/strong><\/div>\n<p><span style=\"font-family: Estrangelo Edessa; font-size: medium;\"><strong> <\/strong><\/span><\/p>\n<div><span style=\"font-family: Estrangelo Edessa; color: #000080; font-size: medium;\"><strong> <\/strong><\/span><\/div>\n<div><span style=\"font-family: Estrangelo Edessa; color: #000080; font-size: medium;\"><strong>Durante um sonho, o quarto de dormir some de  percep\u00e7\u00e3o e ilusoriamente nos vemos participando daquelas imagens e sensa\u00e7\u00f5es  mentais\u00a0do sonho. De repente, acordamos, e tudo aquilo desaparece imediatamente!  Que \u00e9 estudar a Verdade? \u00c9 acordarmos da mesma forma, mas\u00a0do &#8220;sonho de  exist\u00eancia humana&#8221;. Quem acorda de um sonho noturno e se acha &#8220;neste mundo&#8221;,  continua sonhando do mesmo jeito! \u00c9 preciso estender o despertar \u00e0 vis\u00e3o da  Realidade iluminada! Todas as imagens e sensa\u00e7\u00f5es &#8220;deste mundo&#8221; s\u00e3o inteiramente  NADAS! Pura ILUS\u00c3O!<\/strong><\/p>\n<p><strong>A mente que sonha \u00e9 a suposta mente humana!  Entretanto, tamb\u00e9m o seu suposto &#8220;despertar&#8221; \u00e9 ilus\u00f3rio! Como algo inexistente  poderia &#8220;despertar&#8221; para o que existe? Ocorre que as palavras s\u00e3o insuficientes  para descrever processos espirituais. Quando falamos em &#8220;despertar espiritual&#8221;,  para que a Realidade seja discernida, geramos a falsa cren\u00e7a de que &#8220;n\u00e3o estamos  despertos&#8221;. E \u00e9 quando nos envolvemos com a ILUS\u00c3O, negando a Verdade de que  DEUS \u00c9 TUDO e que n\u00e3o h\u00e1 Deus algum sonhando nem iludido! Dessa forma, v\u00e1 passo  a passo no entendimento do que deve ser feito! DEUS EST\u00c1 DESPERTO, SENDO VOC\u00ca, E  VENDO UNICAMENTE A SI MESMO COMO ONIPRESEN\u00c7A PERMANENTE, PERFEITA E ILUMINADA!  Em suas contempla\u00e7\u00f5es, mesmo que de in\u00edcio voc\u00ea aparente estar &#8220;saindo da  ilus\u00e3o&#8221;, n\u00e3o se prenda a tal processo inexistente! V\u00e1 discernindo tranquilamente  a Verdade absoluta, e a pr\u00f3pria Verdade o estar\u00e1 dirigindo para  satisfatoriamente faz\u00ea-lo ver que\u00a0DEUS \u00c9 VOC\u00ca, DESPERTO, E ILUMINADO, enquanto o  suposto sonhador, seu sonho e seu suposto despertar JAMAIS CHEGARAM A  EXISTIR!<\/strong><\/p>\n<p><\/span><\/div>\n<div style=\"text-align: center;\"><span style=\"color: #000080;\">*<\/span><\/div>\n","protected":false},"excerpt":{"rendered":"<p>IMAGENS E SENSA\u00c7\u00d5ES DA MENTE HUMANA D\u00e1rcio . Durante um sonho, o quarto de dormir some de percep\u00e7\u00e3o e ilusoriamente nos vemos participando daquelas imagens e sensa\u00e7\u00f5es mentais\u00a0do sonho. De repente, acordamos, e tudo aquilo desaparece imediatamente! Que \u00e9 estudar a Verdade? \u00c9 acordarmos da mesma forma, mas\u00a0do &#8220;sonho de exist\u00eancia humana&#8221;. Quem acorda de &hellip; <\/p>\n<p class=\"link-more\"><a href=\"https:\/\/www.fachodeluz.blog.br\/wp\/2009\/12\/11\/imagens-e-sensacoes-da-mente-humana\/\" class=\"more-link\">Leia mais<span class=\"screen-reader-text\"> &#8220;IMAGENS E SENSA\u00c7\u00d5ES DA MENTE HUMANA&#8221;<\/span><\/a><\/p>\n","protected":false},"author":2,"featured_media":0,"comment_status":"open","ping_status":"open","sticky":false,"template":"","format":"standard","meta":{"nf_dc_page":"","_crdt_document":"","footnotes":""},"categories":[10],"tags":[],"class_list":["post-4216","post","type-post","status-publish","format-standard","hentry","category-darcio-dezolt"],"featured_media_urls":[],"_links":{"self":[{"href":"https:\/\/www.fachodeluz.blog.br\/wp\/wp-json\/wp\/v2\/posts\/4216","targetHints":{"allow":["GET"]}}],"collection":[{"href":"https:\/\/www.fachodeluz.blog.br\/wp\/wp-json\/wp\/v2\/posts"}],"about":[{"href":"https:\/\/www.fachodeluz.blog.br\/wp\/wp-json\/wp\/v2\/types\/post"}],"author":[{"embeddable":true,"href":"https:\/\/www.fachodeluz.blog.br\/wp\/wp-json\/wp\/v2\/users\/2"}],"replies":[{"embeddable":true,"href":"https:\/\/www.fachodeluz.blog.br\/wp\/wp-json\/wp\/v2\/comments?post=4216"}],"version-history":[{"count":0,"href":"https:\/\/www.fachodeluz.blog.br\/wp\/wp-json\/wp\/v2\/posts\/4216\/revisions"}],"wp:attachment":[{"href":"https:\/\/www.fachodeluz.blog.br\/wp\/wp-json\/wp\/v2\/media?parent=4216"}],"wp:term":[{"taxonomy":"category","embeddable":true,"href":"https:\/\/www.fachodeluz.blog.br\/wp\/wp-json\/wp\/v2\/categories?post=4216"},{"taxonomy":"post_tag","embeddable":true,"href":"https:\/\/www.fachodeluz.blog.br\/wp\/wp-json\/wp\/v2\/tags?post=4216"}],"curies":[{"name":"wp","href":"https:\/\/api.w.org\/{rel}","templated":true}]}}