{"id":4306,"date":"2009-12-28T10:31:09","date_gmt":"2009-12-28T12:31:09","guid":{"rendered":"http:\/\/fachodeluz.hostmach.com.br\/wp\/?p=4306"},"modified":"2009-12-28T10:31:09","modified_gmt":"2009-12-28T12:31:09","slug":"o-corpo-templo-que-e-seu-corpo","status":"publish","type":"post","link":"https:\/\/www.fachodeluz.blog.br\/wp\/2009\/12\/28\/o-corpo-templo-que-e-seu-corpo\/","title":{"rendered":"O CORPO-TEMPLO QUE \u00c9 SEU CORPO"},"content":{"rendered":"<div style=\"text-align: center;\"><span style=\"font-family: Dayton; color: #008000; font-size: xx-large;\">O CORPO-TEMPLO QUE<br \/>\n\u00c9 SEU CORPO<br \/>\n<\/span><strong><span style=\"font-family: Arial; font-size: medium;\"><span style=\"color: #008000;\">D\u00e1rcio<\/span><\/span><\/strong><\/div>\n<div style=\"text-align: center;\"><strong><span style=\"font-family: Arial; font-size: medium;\"><span style=\"color: #008000;\">.<\/p>\n<p><\/span><\/span><\/strong><\/div>\n<p><strong> <\/strong><\/p>\n<div><strong> <\/strong><\/div>\n<div><span style=\"color: #008000;\"><strong><span style=\"font-family: Arial; font-size: medium;\">A ILUS\u00c3O  faz a maioria acreditar que o corpo possa estar saud\u00e1vel ou doentio; desse modo,  o primeiro passo na chamada &#8220;cura do corpo&#8221; est\u00e1 em sabermos que o Corpo \u00fanico \u00e9  DEUS, aparecendo COMO NOSSO\u00a0CORPO! Todos os sintomas e supostas imperfei\u00e7\u00f5es,  aparentemente vistos ou sentidos, s\u00e3o o pensamento invertido na mente humana.  Enquanto a aten\u00e7\u00e3o estiver no corpo, a pessoa estar\u00e1 iludida! Nunca h\u00e1 mudan\u00e7as  em nosso Corpo, que \u00e9 LUZ ETERNA. O Corpo real nunca nasce, nunca envelhece,  nunca adoece e nunca morre! Todas estas apar\u00eancias s\u00e3o forma\u00e7\u00f5es ilus\u00f3rias,  miragens\u00a0projetadas na mente humana!<\/p>\n<p>As obras divinas s\u00e3o PERMANENTES! O  seu Corpo \u00e9 permanentemente perfeito! Jamais creia que algo de errado existe em  seu Corpo! Volte sua aten\u00e7\u00e3o \u00e0 mente humana! E descarte-a!\u00a0\u00c9 nela que se  encontram as sensa\u00e7\u00f5es de imperfei\u00e7\u00e3o! E s\u00e3o todas ilus\u00f3rias, falsas, sem  subst\u00e2ncia e sem realidade! Assuma &#8220;ter a Mente de Cristo&#8221;; louve a DEUS em SEU  CORPO! Reconhe\u00e7a este Corpo como ETERNO, IMUT\u00c1VEL E PERFEITO! Enquanto a  &#8220;imperfei\u00e7\u00e3o&#8221; estiver sendo reconhecida como presente, a ILUS\u00c3O estar\u00e1 sendo  vista como realidade! N\u00e3o \u00e9 preciso que voc\u00ea deixe de &#8220;ver a imperfei\u00e7\u00e3o&#8221;; basta  que internamente lhe tenha minado todo o poder e toda realidade, como se voc\u00ea  estivesse ACORDADO vendo um sonho! N\u00e3o tema a ILUS\u00c3O! N\u00e3o lute contra o que \u00e9  irrealidade! Olhe para a imagem ilus\u00f3ria e veja-a como ILUS\u00d3RIA, consciente de  que DEUS \u00c9 TUDO e que o &#8220;seu Corpo&#8221; \u00e9, na verdade, o CORPO DE  DEUS!<\/p>\n<p><\/span><\/strong><br \/>\n<\/span><\/div>\n<div style=\"text-align: center;\"><span style=\"color: #008000;\">*<\/span><\/div>\n","protected":false},"excerpt":{"rendered":"<p>O CORPO-TEMPLO QUE \u00c9 SEU CORPO D\u00e1rcio . A ILUS\u00c3O faz a maioria acreditar que o corpo possa estar saud\u00e1vel ou doentio; desse modo, o primeiro passo na chamada &#8220;cura do corpo&#8221; est\u00e1 em sabermos que o Corpo \u00fanico \u00e9 DEUS, aparecendo COMO NOSSO\u00a0CORPO! Todos os sintomas e supostas imperfei\u00e7\u00f5es, aparentemente vistos ou sentidos, s\u00e3o &hellip; <\/p>\n<p class=\"link-more\"><a href=\"https:\/\/www.fachodeluz.blog.br\/wp\/2009\/12\/28\/o-corpo-templo-que-e-seu-corpo\/\" class=\"more-link\">Leia mais<span class=\"screen-reader-text\"> &#8220;O CORPO-TEMPLO QUE \u00c9 SEU CORPO&#8221;<\/span><\/a><\/p>\n","protected":false},"author":2,"featured_media":0,"comment_status":"open","ping_status":"open","sticky":false,"template":"","format":"standard","meta":{"nf_dc_page":"","_crdt_document":"","footnotes":""},"categories":[10],"tags":[],"class_list":["post-4306","post","type-post","status-publish","format-standard","hentry","category-darcio-dezolt"],"featured_media_urls":[],"_links":{"self":[{"href":"https:\/\/www.fachodeluz.blog.br\/wp\/wp-json\/wp\/v2\/posts\/4306","targetHints":{"allow":["GET"]}}],"collection":[{"href":"https:\/\/www.fachodeluz.blog.br\/wp\/wp-json\/wp\/v2\/posts"}],"about":[{"href":"https:\/\/www.fachodeluz.blog.br\/wp\/wp-json\/wp\/v2\/types\/post"}],"author":[{"embeddable":true,"href":"https:\/\/www.fachodeluz.blog.br\/wp\/wp-json\/wp\/v2\/users\/2"}],"replies":[{"embeddable":true,"href":"https:\/\/www.fachodeluz.blog.br\/wp\/wp-json\/wp\/v2\/comments?post=4306"}],"version-history":[{"count":0,"href":"https:\/\/www.fachodeluz.blog.br\/wp\/wp-json\/wp\/v2\/posts\/4306\/revisions"}],"wp:attachment":[{"href":"https:\/\/www.fachodeluz.blog.br\/wp\/wp-json\/wp\/v2\/media?parent=4306"}],"wp:term":[{"taxonomy":"category","embeddable":true,"href":"https:\/\/www.fachodeluz.blog.br\/wp\/wp-json\/wp\/v2\/categories?post=4306"},{"taxonomy":"post_tag","embeddable":true,"href":"https:\/\/www.fachodeluz.blog.br\/wp\/wp-json\/wp\/v2\/tags?post=4306"}],"curies":[{"name":"wp","href":"https:\/\/api.w.org\/{rel}","templated":true}]}}