{"id":4465,"date":"2010-01-22T09:21:35","date_gmt":"2010-01-22T11:21:35","guid":{"rendered":"http:\/\/fachodeluz.hostmach.com.br\/wp\/?p=4465"},"modified":"2010-01-22T09:21:35","modified_gmt":"2010-01-22T11:21:35","slug":"%e2%80%9cquem-me-ve-a-mim-ve-o-pai","status":"publish","type":"post","link":"https:\/\/www.fachodeluz.blog.br\/wp\/2010\/01\/22\/%e2%80%9cquem-me-ve-a-mim-ve-o-pai\/","title":{"rendered":"\u201cQUEM ME V\u00ca A MIM, V\u00ca O PAI"},"content":{"rendered":"<div style=\"text-align: center;\"><span style=\"font-family: Tahoma; color: #008000; font-size: xx-large;\"><strong>\u201cQUEM ME <\/strong><\/span><\/div>\n<div style=\"text-align: center;\"><span style=\"color: #008000;\"><span style=\"font-family: Tahoma; font-size: xx-large;\"><strong>V\u00ca A MIM,  V\u00ca O PAI\u201d<br \/>\n<span style=\"font-size: small;\">D\u00e1rcio<\/span><\/strong><\/span><\/p>\n<p><\/span><\/div>\n<div><span style=\"font-family: Verdana; color: #008000; font-size: medium;\"><strong>Aparentemente, lidamos com um &#8220;hipnotismo de massa&#8221;, quando  vemos as coisas, pessoas e fatos com a suposta mente humana! Enquanto um  posicionamento radical n\u00e3o for adotado diante destas imagens fraudulentas, elas  exercer\u00e3o o seu efeito hipn\u00f3tico que leva a maioria a acreditar serem reais!  DEUS \u00c9 TUDO! N\u00e3o pode haver exce\u00e7\u00f5es nesta regra absoluta! Qualquer brecha nesta  aceita\u00e7\u00e3o, estar\u00e1 sendo dado cr\u00e9dito\u00a0 \u00e0 ILUS\u00c3O!<\/strong><\/p>\n<p><strong>Quando vemos Jesus  desafiando as apar\u00eancias, vencendo o mundo e se dizendo Deus, devemos entender  este radicalismo como normal e como exemplo a ser seguido! \u201cQuem me v\u00ea a mim, v\u00ea  o Pai\u201d, disse ele. E isso para nos servir de modelo e n\u00e3o para ser enaltecido! Adotar  radicalmente este ponto de vista iluminado \u00e9 o que voc\u00ea tem a fazer! N\u00e3o se  imagine sendo como o mundo o v\u00ea! N\u00e3o se veja como o mundo o v\u00ea! Se assim fizer,  seu \u201cestudo da Verdade\u201d ser\u00e1 meramente te\u00f3rico! Adote a Verdade como Verdade!  Expulse a possibilidade de ser qualquer outro, sen\u00e3o Deus! Expulse a  possibilidade de existir algu\u00e9m, na imagem hipn\u00f3tica, vendo-o segundo as  apar\u00eancias! A imagem toda \u00e9 FALSA! DEUS \u00c9 TUDO! Quem o v\u00ea, v\u00ea Deus, quem n\u00e3o o  v\u00ea, v\u00ea ilus\u00e3o! Al\u00e9m disso, n\u00e3o h\u00e1 quem n\u00e3o o veja sendo Deus! Ilus\u00e3o \u00e9 nada!  Ilus\u00e3o n\u00e3o v\u00ea coisa alguma! Medite e contemple estes fatos espirituais! Veja-se  como VOC\u00ca \u00c9!\u00a0 Admita ser visto por TODOS como VOC\u00ca \u00c9! Contemple o fato eterno de  que VOC\u00ca E OS OUTROS S\u00c3O UM! E, que este UM \u00c9 DEUS!<\/strong><\/p>\n<p><\/span><\/div>\n<div><strong> <\/strong><\/div>\n<div><strong> <\/strong><\/div>\n<div style=\"text-align: center;\"><strong><span style=\"font-family: Verdana; color: #008000; font-size: medium;\">*<\/span><\/strong><\/div>\n","protected":false},"excerpt":{"rendered":"<p>\u201cQUEM ME V\u00ca A MIM, V\u00ca O PAI\u201d D\u00e1rcio Aparentemente, lidamos com um &#8220;hipnotismo de massa&#8221;, quando vemos as coisas, pessoas e fatos com a suposta mente humana! Enquanto um posicionamento radical n\u00e3o for adotado diante destas imagens fraudulentas, elas exercer\u00e3o o seu efeito hipn\u00f3tico que leva a maioria a acreditar serem reais! DEUS \u00c9 &hellip; <\/p>\n<p class=\"link-more\"><a href=\"https:\/\/www.fachodeluz.blog.br\/wp\/2010\/01\/22\/%e2%80%9cquem-me-ve-a-mim-ve-o-pai\/\" class=\"more-link\">Leia mais<span class=\"screen-reader-text\"> &#8220;\u201cQUEM ME V\u00ca A MIM, V\u00ca O PAI&#8221;<\/span><\/a><\/p>\n","protected":false},"author":2,"featured_media":0,"comment_status":"open","ping_status":"open","sticky":false,"template":"","format":"standard","meta":{"nf_dc_page":"","_crdt_document":"","footnotes":""},"categories":[10],"tags":[],"class_list":["post-4465","post","type-post","status-publish","format-standard","hentry","category-darcio-dezolt"],"featured_media_urls":[],"_links":{"self":[{"href":"https:\/\/www.fachodeluz.blog.br\/wp\/wp-json\/wp\/v2\/posts\/4465","targetHints":{"allow":["GET"]}}],"collection":[{"href":"https:\/\/www.fachodeluz.blog.br\/wp\/wp-json\/wp\/v2\/posts"}],"about":[{"href":"https:\/\/www.fachodeluz.blog.br\/wp\/wp-json\/wp\/v2\/types\/post"}],"author":[{"embeddable":true,"href":"https:\/\/www.fachodeluz.blog.br\/wp\/wp-json\/wp\/v2\/users\/2"}],"replies":[{"embeddable":true,"href":"https:\/\/www.fachodeluz.blog.br\/wp\/wp-json\/wp\/v2\/comments?post=4465"}],"version-history":[{"count":0,"href":"https:\/\/www.fachodeluz.blog.br\/wp\/wp-json\/wp\/v2\/posts\/4465\/revisions"}],"wp:attachment":[{"href":"https:\/\/www.fachodeluz.blog.br\/wp\/wp-json\/wp\/v2\/media?parent=4465"}],"wp:term":[{"taxonomy":"category","embeddable":true,"href":"https:\/\/www.fachodeluz.blog.br\/wp\/wp-json\/wp\/v2\/categories?post=4465"},{"taxonomy":"post_tag","embeddable":true,"href":"https:\/\/www.fachodeluz.blog.br\/wp\/wp-json\/wp\/v2\/tags?post=4465"}],"curies":[{"name":"wp","href":"https:\/\/api.w.org\/{rel}","templated":true}]}}