{"id":4494,"date":"2010-01-28T08:49:07","date_gmt":"2010-01-28T10:49:07","guid":{"rendered":"http:\/\/fachodeluz.hostmach.com.br\/wp\/?p=4494"},"modified":"2010-01-28T08:49:07","modified_gmt":"2010-01-28T10:49:07","slug":"a-inexistente-maca-proibida","status":"publish","type":"post","link":"https:\/\/www.fachodeluz.blog.br\/wp\/2010\/01\/28\/a-inexistente-maca-proibida\/","title":{"rendered":"A INEXISTENTE &quot;MA\u00c7\u00c3 PROIBIDA&quot;"},"content":{"rendered":"<p><span style=\"font-family: Arial; font-size: x-small;\"> <\/span><\/p>\n<div style=\"text-align: center;\"><span style=\"font-family: Comic Sans MS; color: #800000; font-size: xx-large;\"><strong>A\u00a0INEXISTENTE<\/strong><\/span><\/div>\n<div style=\"text-align: center;\"><span style=\"font-family: Comic Sans MS; color: #800000; font-size: xx-large;\"><strong> &#8220;MA\u00c7\u00c3  PROIBIDA&#8221;<\/strong><\/span><\/div>\n<div style=\"text-align: center;\"><span style=\"font-family: Comic Sans MS; color: #800000; font-size: medium;\"><strong>D\u00e1rcio<\/strong><\/span><\/div>\n<div style=\"text-align: center;\"><span style=\"font-family: Comic Sans MS; font-size: medium;\"><span style=\"color: #800000;\">.<\/p>\n<p><\/span><\/span><\/div>\n<div><span style=\"font-family: Comic Sans MS; color: #800000; font-size: medium;\">A Consci\u00eancia  iluminada \u00e9 universal; \u00e9 o Sentido onipresente Autocontemplante de Deus! Como  DEUS \u00c9 TUDO, este Sentido \u00e9 a Consci\u00eancia que VOC\u00ca, EU e TODOS somos, em Unidade  perfeita! N\u00e3o h\u00e1 outra!<\/p>\n<p>Identifique-se com a Consci\u00eancia iluminada!  Identificar-se \u00e9 perceber esta Consci\u00eancia j\u00e1 sendo \u00daNICA e\u00a0a SUA! A percep\u00e7\u00e3o  n\u00e3o gera o fato; apenas o deixa em destaque! N\u00e3o d\u00ea poder a &#8220;sugest\u00f5es  hipn\u00f3ticas&#8221;; as cren\u00e7as falsas contam com o seu endosso para permanecerem como  se fossem realidades. Aquilo que a Consci\u00eancia iluminada n\u00e3o percebe, VOC\u00ca N\u00c3O  PERCEBE! DEUS E VOC\u00ca S\u00c3O UM! Uma cren\u00e7a coletiva em dois poderes atua  hipnoticamente, mas sem poder algum! Ela nos sugere sensa\u00e7\u00f5es agrad\u00e1veis ou  desagrad\u00e1veis, \u00e9 a milenar &#8220;ma\u00e7\u00e3 proibida do G\u00eanesis&#8221;, ou o ilus\u00f3rio  conhecimento do bem e do mal! Olhe este cen\u00e1rio ilus\u00f3rio com a percep\u00e7\u00e3o plena  de que nem ele nem todas as suas sensa\u00e7\u00f5es t\u00eam realidade! Tudo \u00e9 mera &#8220;sugest\u00e3o  hipn\u00f3tica&#8221;, fazendo o que pode para que VOC\u00ca a endosse! Olhe-a de frente, e com  a inten\u00e7\u00e3o oposta, ou seja com a inten\u00e7\u00e3o de ver que tudo n\u00e3o passa de ILUS\u00c3O!<\/p>\n<p><\/span><\/div>\n<div><span style=\"font-family: Comic Sans MS; color: #800000; font-size: medium;\">NUNCA EXISTIU  &#8220;FRUTO PROIBIDO&#8221; NO PARA\u00cdSO! \u00a0DEUS \u00c9 TUDO! Nada h\u00e1 em Deus que seja proibido a  Deus mesmo! Lance fora de aceita\u00e7\u00e3o\u00a0esta raiz da ILUS\u00c3O! Desmascare esta cren\u00e7a  hipn\u00f3tica, e se ver\u00e1 sendo o que VOC\u00ca sempre foi, \u00e9 e ser\u00e1: a Consci\u00eancia  iluminada \u00fanica, onipresente, em Autocontempla\u00e7\u00e3o.<\/span><\/div>\n<div style=\"text-align: center;\"><span style=\"font-family: Comic Sans MS; color: #800000; font-size: medium;\">*<\/span><\/div>\n","protected":false},"excerpt":{"rendered":"<p>A\u00a0INEXISTENTE &#8220;MA\u00c7\u00c3 PROIBIDA&#8221; D\u00e1rcio . A Consci\u00eancia iluminada \u00e9 universal; \u00e9 o Sentido onipresente Autocontemplante de Deus! Como DEUS \u00c9 TUDO, este Sentido \u00e9 a Consci\u00eancia que VOC\u00ca, EU e TODOS somos, em Unidade perfeita! N\u00e3o h\u00e1 outra! Identifique-se com a Consci\u00eancia iluminada! Identificar-se \u00e9 perceber esta Consci\u00eancia j\u00e1 sendo \u00daNICA e\u00a0a SUA! A percep\u00e7\u00e3o &hellip; <\/p>\n<p class=\"link-more\"><a href=\"https:\/\/www.fachodeluz.blog.br\/wp\/2010\/01\/28\/a-inexistente-maca-proibida\/\" class=\"more-link\">Leia mais<span class=\"screen-reader-text\"> &#8220;A INEXISTENTE &quot;MA\u00c7\u00c3 PROIBIDA&quot;&#8221;<\/span><\/a><\/p>\n","protected":false},"author":2,"featured_media":0,"comment_status":"open","ping_status":"open","sticky":false,"template":"","format":"standard","meta":{"nf_dc_page":"","_crdt_document":"","footnotes":""},"categories":[10],"tags":[],"class_list":["post-4494","post","type-post","status-publish","format-standard","hentry","category-darcio-dezolt"],"featured_media_urls":[],"_links":{"self":[{"href":"https:\/\/www.fachodeluz.blog.br\/wp\/wp-json\/wp\/v2\/posts\/4494","targetHints":{"allow":["GET"]}}],"collection":[{"href":"https:\/\/www.fachodeluz.blog.br\/wp\/wp-json\/wp\/v2\/posts"}],"about":[{"href":"https:\/\/www.fachodeluz.blog.br\/wp\/wp-json\/wp\/v2\/types\/post"}],"author":[{"embeddable":true,"href":"https:\/\/www.fachodeluz.blog.br\/wp\/wp-json\/wp\/v2\/users\/2"}],"replies":[{"embeddable":true,"href":"https:\/\/www.fachodeluz.blog.br\/wp\/wp-json\/wp\/v2\/comments?post=4494"}],"version-history":[{"count":0,"href":"https:\/\/www.fachodeluz.blog.br\/wp\/wp-json\/wp\/v2\/posts\/4494\/revisions"}],"wp:attachment":[{"href":"https:\/\/www.fachodeluz.blog.br\/wp\/wp-json\/wp\/v2\/media?parent=4494"}],"wp:term":[{"taxonomy":"category","embeddable":true,"href":"https:\/\/www.fachodeluz.blog.br\/wp\/wp-json\/wp\/v2\/categories?post=4494"},{"taxonomy":"post_tag","embeddable":true,"href":"https:\/\/www.fachodeluz.blog.br\/wp\/wp-json\/wp\/v2\/tags?post=4494"}],"curies":[{"name":"wp","href":"https:\/\/api.w.org\/{rel}","templated":true}]}}