{"id":4550,"date":"2010-02-07T10:07:57","date_gmt":"2010-02-07T12:07:57","guid":{"rendered":"http:\/\/fachodeluz.hostmach.com.br\/wp\/?p=4550"},"modified":"2010-02-07T10:07:57","modified_gmt":"2010-02-07T12:07:57","slug":"identificacao-total","status":"publish","type":"post","link":"https:\/\/www.fachodeluz.blog.br\/wp\/2010\/02\/07\/identificacao-total\/","title":{"rendered":"IDENTIFICA\u00c7\u00c3O TOTAL"},"content":{"rendered":"<div style=\"text-align: center;\"><span style=\"font-family: Vivian; color: #800000; font-size: xx-large;\">IDENTIFICA\u00c7\u00c3O <\/span><\/div>\n<div style=\"text-align: center;\"><span style=\"font-family: Vivian; font-size: xx-large;\"><span style=\"color: #800000;\">TOTAL<br \/>\n<strong><span style=\"font-family: Tahoma; font-size: medium;\">D\u00e1rcio<\/span><\/strong><\/span><\/span><\/div>\n<div style=\"text-align: center;\"><span style=\"color: #800000;\"><span style=\"font-family: Vivian; font-size: xx-large;\"><strong><span style=\"font-family: Tahoma; font-size: medium;\">.<\/span><\/strong><\/span><\/p>\n<p><\/span><\/div>\n<div style=\"text-align: justify;\"><span style=\"font-family: Comic Sans MS; color: #800000; font-size: medium;\">Conhecer a  Verdade \u00e9 fazer a IDENTIFICA\u00c7\u00c3O TOTAL com Deus como \u00daNICA PRESEN\u00c7A. Postei, h\u00e1  pouco tempo, o texto \u201cA Voz vinda do c\u00e9u\u201d; a Voz do Alto revelava a Jesus: \u201cTu  \u00e9s meu filho amado em quem me comprazo\u201d. Sempre tenho dito que as revela\u00e7\u00f5es s\u00e3o  universais e est\u00e3o dispon\u00edveis com o prop\u00f3sito \u00fanico de fazer com que nos  identifiquemos radicalmente \u00a0com elas. Ler e acreditar que a \u201cVoz\u201d se revelou a  Jesus, somente, n\u00e3o teria serventia alguma! \u00c9 preciso entender que os  ensinamentos revelam uma UNIDADE, chamada Deus, uma TOTALIDADE, chamada Deus,  que nos forma e que ajudamos a formar.<\/p>\n<p>Cada revela\u00e7\u00e3o iluminada \u00e9 sobre  o SEU EU! Identifique-se com todas elas e de forma radical! Assim fazia Jesus:  \u201cQuem me v\u00ea a MIM, v\u00ea o Pai\u201d. V\u00e1rias vezes postei artigos comentando que a  palavra \u201cMIM\u201d, encontrada nas Escrituras, se refere ao <strong>Eu Sou  Onipresente<\/strong>! Identifique-se com a VERDADE! Unicamente a Verdade \u00e9  REALIDADE! N\u00e3o aceite cren\u00e7as sugeridas pela mente humana! Seria perder tempo em  nulidades! <strong>Feche os olhos e contemple a Verdade toda Se expressando como  o seu EU! <\/strong>Identifique-se com a Verdade, reconhecendo: \u201cEU SOU A  VERDADE\u201d. Esta \u00e9 a <strong>identifica\u00e7\u00e3o total<\/strong>, absoluta, que traduz a  <strong>SUA<\/strong> PRESEN\u00c7A SENDO DEUS.<\/span><\/div>\n<div style=\"text-align: justify;\"><\/div>\n<div style=\"text-align: center;\"><span style=\"font-family: Comic Sans MS; color: #800000; font-size: medium;\">*<\/span><\/div>\n","protected":false},"excerpt":{"rendered":"<p>IDENTIFICA\u00c7\u00c3O TOTAL D\u00e1rcio . Conhecer a Verdade \u00e9 fazer a IDENTIFICA\u00c7\u00c3O TOTAL com Deus como \u00daNICA PRESEN\u00c7A. Postei, h\u00e1 pouco tempo, o texto \u201cA Voz vinda do c\u00e9u\u201d; a Voz do Alto revelava a Jesus: \u201cTu \u00e9s meu filho amado em quem me comprazo\u201d. Sempre tenho dito que as revela\u00e7\u00f5es s\u00e3o universais e est\u00e3o dispon\u00edveis &hellip; <\/p>\n<p class=\"link-more\"><a href=\"https:\/\/www.fachodeluz.blog.br\/wp\/2010\/02\/07\/identificacao-total\/\" class=\"more-link\">Leia mais<span class=\"screen-reader-text\"> &#8220;IDENTIFICA\u00c7\u00c3O TOTAL&#8221;<\/span><\/a><\/p>\n","protected":false},"author":2,"featured_media":0,"comment_status":"open","ping_status":"open","sticky":false,"template":"","format":"standard","meta":{"nf_dc_page":"","_crdt_document":"","footnotes":""},"categories":[10],"tags":[],"class_list":["post-4550","post","type-post","status-publish","format-standard","hentry","category-darcio-dezolt"],"featured_media_urls":[],"_links":{"self":[{"href":"https:\/\/www.fachodeluz.blog.br\/wp\/wp-json\/wp\/v2\/posts\/4550","targetHints":{"allow":["GET"]}}],"collection":[{"href":"https:\/\/www.fachodeluz.blog.br\/wp\/wp-json\/wp\/v2\/posts"}],"about":[{"href":"https:\/\/www.fachodeluz.blog.br\/wp\/wp-json\/wp\/v2\/types\/post"}],"author":[{"embeddable":true,"href":"https:\/\/www.fachodeluz.blog.br\/wp\/wp-json\/wp\/v2\/users\/2"}],"replies":[{"embeddable":true,"href":"https:\/\/www.fachodeluz.blog.br\/wp\/wp-json\/wp\/v2\/comments?post=4550"}],"version-history":[{"count":0,"href":"https:\/\/www.fachodeluz.blog.br\/wp\/wp-json\/wp\/v2\/posts\/4550\/revisions"}],"wp:attachment":[{"href":"https:\/\/www.fachodeluz.blog.br\/wp\/wp-json\/wp\/v2\/media?parent=4550"}],"wp:term":[{"taxonomy":"category","embeddable":true,"href":"https:\/\/www.fachodeluz.blog.br\/wp\/wp-json\/wp\/v2\/categories?post=4550"},{"taxonomy":"post_tag","embeddable":true,"href":"https:\/\/www.fachodeluz.blog.br\/wp\/wp-json\/wp\/v2\/tags?post=4550"}],"curies":[{"name":"wp","href":"https:\/\/api.w.org\/{rel}","templated":true}]}}