{"id":4598,"date":"2010-02-14T20:52:53","date_gmt":"2010-02-14T22:52:53","guid":{"rendered":"http:\/\/fachodeluz.hostmach.com.br\/wp\/?p=4598"},"modified":"2011-02-13T20:26:58","modified_gmt":"2011-02-13T22:26:58","slug":"quando","status":"publish","type":"post","link":"https:\/\/www.fachodeluz.blog.br\/wp\/2010\/02\/14\/quando\/","title":{"rendered":"QUANDO&#8230;"},"content":{"rendered":"<div style=\"text-align: center;\"><span style=\"font-family: Whimsy TT; font-size: xx-large;\"><strong><span style=\"color: #800080;\">QUANDO&#8230;<\/p>\n<p><\/span><\/strong><strong> <\/strong><strong><span style=\"color: #800080;\"><span style=\"font-family: Tahoma; font-size: small;\">Eckhart  Tolle<br \/>\n<\/span>.<br \/>\n<\/span><\/strong><\/p>\n<p><\/span><\/div>\n<div style=\"text-align: center;\"><span style=\"font-family: Monotype Corsiva; color: #800080; font-size: x-large;\"><strong>Quando voc\u00ea observa uma pessoa e sente muito  amor por ela, ou quando contempla a beleza da natureza e algo dentro de voc\u00ea  reage profundamente, feche os olhos um instante e sinta a ess\u00eancia desse amor ou  dessa beleza no seu interior, insepar\u00e1vel do que voc\u00ea \u00e9, da sua verdadeira  natureza. A forma externa \u00e9 um reflexo tempor\u00e1rio do que voc\u00ea \u00e9 por dentro, na  sua ess\u00eancia. Por isso o amor e a beleza nunca o abandonam, embora todas as  formas externas um dia acabem.<\/strong><\/span><\/div>\n<div style=\"text-align: center;\"><span style=\"font-family: Monotype Corsiva; color: #800080; font-size: x-large;\"><strong> <\/strong><\/span><\/div>\n<div style=\"text-align: center;\"><span style=\"font-family: Monotype Corsiva; color: #800080; font-size: x-large;\"><strong>*<\/strong><\/span><\/div>\n","protected":false},"excerpt":{"rendered":"<p>QUANDO&#8230; Eckhart Tolle . Quando voc\u00ea observa uma pessoa e sente muito amor por ela, ou quando contempla a beleza da natureza e algo dentro de voc\u00ea reage profundamente, feche os olhos um instante e sinta a ess\u00eancia desse amor ou dessa beleza no seu interior, insepar\u00e1vel do que voc\u00ea \u00e9, da sua verdadeira natureza. &hellip; <\/p>\n<p class=\"link-more\"><a href=\"https:\/\/www.fachodeluz.blog.br\/wp\/2010\/02\/14\/quando\/\" class=\"more-link\">Leia mais<span class=\"screen-reader-text\"> &#8220;QUANDO&#8230;&#8221;<\/span><\/a><\/p>\n","protected":false},"author":2,"featured_media":0,"comment_status":"open","ping_status":"closed","sticky":false,"template":"","format":"standard","meta":{"nf_dc_page":"","_crdt_document":"","footnotes":""},"categories":[5],"tags":[],"class_list":["post-4598","post","type-post","status-publish","format-standard","hentry","category-dividida-por-autores"],"featured_media_urls":[],"_links":{"self":[{"href":"https:\/\/www.fachodeluz.blog.br\/wp\/wp-json\/wp\/v2\/posts\/4598","targetHints":{"allow":["GET"]}}],"collection":[{"href":"https:\/\/www.fachodeluz.blog.br\/wp\/wp-json\/wp\/v2\/posts"}],"about":[{"href":"https:\/\/www.fachodeluz.blog.br\/wp\/wp-json\/wp\/v2\/types\/post"}],"author":[{"embeddable":true,"href":"https:\/\/www.fachodeluz.blog.br\/wp\/wp-json\/wp\/v2\/users\/2"}],"replies":[{"embeddable":true,"href":"https:\/\/www.fachodeluz.blog.br\/wp\/wp-json\/wp\/v2\/comments?post=4598"}],"version-history":[{"count":0,"href":"https:\/\/www.fachodeluz.blog.br\/wp\/wp-json\/wp\/v2\/posts\/4598\/revisions"}],"wp:attachment":[{"href":"https:\/\/www.fachodeluz.blog.br\/wp\/wp-json\/wp\/v2\/media?parent=4598"}],"wp:term":[{"taxonomy":"category","embeddable":true,"href":"https:\/\/www.fachodeluz.blog.br\/wp\/wp-json\/wp\/v2\/categories?post=4598"},{"taxonomy":"post_tag","embeddable":true,"href":"https:\/\/www.fachodeluz.blog.br\/wp\/wp-json\/wp\/v2\/tags?post=4598"}],"curies":[{"name":"wp","href":"https:\/\/api.w.org\/{rel}","templated":true}]}}