{"id":4691,"date":"2010-03-02T10:09:46","date_gmt":"2010-03-02T13:09:46","guid":{"rendered":"http:\/\/fachodeluz.hostmach.com.br\/wp\/?p=4691"},"modified":"2010-03-02T10:09:46","modified_gmt":"2010-03-02T13:09:46","slug":"descarte-o-conceito-material","status":"publish","type":"post","link":"https:\/\/www.fachodeluz.blog.br\/wp\/2010\/03\/02\/descarte-o-conceito-material\/","title":{"rendered":"DESCARTE O CONCEITO MATERIAL&#8230;"},"content":{"rendered":"<div style=\"text-align: center;\"><span style=\"font-family: Splash; color: #800080; font-size: xx-large;\"><strong>DESCARTE O <\/strong><\/span><\/div>\n<div style=\"text-align: center;\"><span style=\"font-family: Splash; color: #800080; font-size: xx-large;\"><strong>CONCEITO  MATERIAL DE EXIST\u00caNCIA<\/strong><\/span><\/div>\n<div style=\"text-align: center;\"><span style=\"font-family: Arial; color: #800080; font-size: medium;\">D\u00c1RCIO<\/span><\/div>\n<div style=\"text-align: center;\"><span style=\"font-family: Arial; color: #800080; font-size: x-small;\">.<\/span><\/div>\n<div style=\"text-align: justify;\"><strong><span style=\"font-size: large;\"><span style=\"color: #800080;\"><em>\u201cQuando o  conceito material de exist\u00eancia for descartado, Deus e Sua plena manifesta\u00e7\u00e3o  ser\u00e3o reconhecidos como\u00a0 a totalidade do que existe\u201d,<\/em> escreve Doris Henty.  Frases com mesmo teor s\u00e3o\u00a0 reveladas por v\u00e1rios autores que experienciaram o  sumi\u00e7o desta miragem fraudulenta em momentos de ilumina\u00e7\u00e3o. Que s\u00e3o estes  momentos? S\u00e3o o \u201cagora eterno\u201d sendo discernido, assim\u00a0como o Sol \u00e9 discernido  entre nuvens de um dia nublado.<\/p>\n<p>Estudar a Verdade \u00e9 jamais acreditar que  <em>\u201choje n\u00e3o tem sol, porque est\u00e1 nublado\u201d. <\/em>Este seria um pensamento  <em>ilus\u00f3rio,<\/em> uma vez que o Sol n\u00e3o estaria ausente verdadeiramente! O  mesmo mecanismo ilus\u00f3rio \u00e9 o que nos faz dizer que <em>\u201choje n\u00e3o tem alegria\u201d,  \u201choje n\u00e3o tem sa\u00fade\u201d, \u201choje n\u00e3o tem suprimento\u201d, <\/em>etc. Descarte o conceito  material, que \u00e9 a ILUS\u00c3O! Isso equivale a desconsiderar as nuvens e parar de  afirmar que \u201cn\u00e3o h\u00e1 sol\u201d. Este \u00e9 o sentido da frase inicial: <em>\u201cQuando o  conceito material de exist\u00eancia for descartado, Deus e Sua plena manifesta\u00e7\u00e3o  ser\u00e3o reconhecidos como a totalidade do que existe\u201d.<\/em> Tudo que Deus faz \u00e9  permanente\u201d\u201d, diz a B\u00edblia; e, Deus \u00e9 Luz, Deus \u00e9 Tudo, e VOC\u00ca, portanto, \u00e9 LUZ!  N\u00e3o espere a mente humana lhe mostrar algo que VOC\u00ca J\u00c1 CONHECE! A mente humana \u00e9  nada! Contemple intuitivamente o Universo de Luz, o seu Corpo de Luz,  impecavelmente presentes, \u00a0sem se deixar iludir\u00a0por \u201cnuvens da ilus\u00e3o\u201d! Ilus\u00e3o \u00e9  NADA! Jamais, em tempo algum, afetou ou influenciou aquilo que \u00e9 a  REALIDADE!<\/p>\n<p><\/span><\/span><\/strong><\/div>\n<div><strong> <\/strong><\/div>\n<div><strong> <\/strong><\/div>\n<div><strong> <\/strong><\/div>\n<div><strong> <\/strong><\/div>\n<div style=\"text-align: center;\"><span style=\"color: #800080; font-size: large;\">*<\/span><\/div>\n","protected":false},"excerpt":{"rendered":"<p>DESCARTE O CONCEITO MATERIAL DE EXIST\u00caNCIA D\u00c1RCIO . \u201cQuando o conceito material de exist\u00eancia for descartado, Deus e Sua plena manifesta\u00e7\u00e3o ser\u00e3o reconhecidos como\u00a0 a totalidade do que existe\u201d, escreve Doris Henty. Frases com mesmo teor s\u00e3o\u00a0 reveladas por v\u00e1rios autores que experienciaram o sumi\u00e7o desta miragem fraudulenta em momentos de ilumina\u00e7\u00e3o. Que s\u00e3o estes &hellip; <\/p>\n<p class=\"link-more\"><a href=\"https:\/\/www.fachodeluz.blog.br\/wp\/2010\/03\/02\/descarte-o-conceito-material\/\" class=\"more-link\">Leia mais<span class=\"screen-reader-text\"> &#8220;DESCARTE O CONCEITO MATERIAL&#8230;&#8221;<\/span><\/a><\/p>\n","protected":false},"author":2,"featured_media":0,"comment_status":"open","ping_status":"open","sticky":false,"template":"","format":"standard","meta":{"nf_dc_page":"","_crdt_document":"","footnotes":""},"categories":[10],"tags":[],"class_list":["post-4691","post","type-post","status-publish","format-standard","hentry","category-darcio-dezolt"],"featured_media_urls":[],"_links":{"self":[{"href":"https:\/\/www.fachodeluz.blog.br\/wp\/wp-json\/wp\/v2\/posts\/4691","targetHints":{"allow":["GET"]}}],"collection":[{"href":"https:\/\/www.fachodeluz.blog.br\/wp\/wp-json\/wp\/v2\/posts"}],"about":[{"href":"https:\/\/www.fachodeluz.blog.br\/wp\/wp-json\/wp\/v2\/types\/post"}],"author":[{"embeddable":true,"href":"https:\/\/www.fachodeluz.blog.br\/wp\/wp-json\/wp\/v2\/users\/2"}],"replies":[{"embeddable":true,"href":"https:\/\/www.fachodeluz.blog.br\/wp\/wp-json\/wp\/v2\/comments?post=4691"}],"version-history":[{"count":0,"href":"https:\/\/www.fachodeluz.blog.br\/wp\/wp-json\/wp\/v2\/posts\/4691\/revisions"}],"wp:attachment":[{"href":"https:\/\/www.fachodeluz.blog.br\/wp\/wp-json\/wp\/v2\/media?parent=4691"}],"wp:term":[{"taxonomy":"category","embeddable":true,"href":"https:\/\/www.fachodeluz.blog.br\/wp\/wp-json\/wp\/v2\/categories?post=4691"},{"taxonomy":"post_tag","embeddable":true,"href":"https:\/\/www.fachodeluz.blog.br\/wp\/wp-json\/wp\/v2\/tags?post=4691"}],"curies":[{"name":"wp","href":"https:\/\/api.w.org\/{rel}","templated":true}]}}