{"id":4759,"date":"2010-03-13T09:42:21","date_gmt":"2010-03-13T12:42:21","guid":{"rendered":"http:\/\/fachodeluz.hostmach.com.br\/wp\/?p=4759"},"modified":"2010-03-13T09:42:21","modified_gmt":"2010-03-13T12:42:21","slug":"opressoes-de-pesadelos","status":"publish","type":"post","link":"https:\/\/www.fachodeluz.blog.br\/wp\/2010\/03\/13\/opressoes-de-pesadelos\/","title":{"rendered":"OPRESS\u00d5ES DE PESADELOS"},"content":{"rendered":"<div style=\"text-align: center;\"><span style=\"font-size: large;\"><strong><span style=\"color: #000080;\"><span style=\"font-family: Vivian; font-size: xx-large;\">OPRESS\u00d5ES<br \/>\nDE  PESADELOS<br \/>\n<\/span>D\u00e1rcio<br \/>\n.<\/p>\n<p><\/span><\/strong><\/span><\/div>\n<div style=\"text-align: justify;\"><span style=\"color: #000080;\"><span style=\"font-size: large;\"><strong>Em meio a um  pesadelo, a pessoa se sente sufocada, angustiada e oprimida pelas imagens que a  mente lhe apresenta como parte de sua experi\u00eancia do momento. Assim que \u00e9  acordada, toda a opress\u00e3o desaparece, restando-lhe apenas a lembran\u00e7a de tudo  que aparentemente estava vivenciando. \u201cVinde a MIM, v\u00f3s que estais cansados e  oprimidos, e EU vos aliviarei\u201d, disse Jesus. Tendo consci\u00eancia de que a Vida \u00e9  Deus, o Uno em express\u00e3o, Jesus sabia que \u201cvir a MIM\u201d quer dizer cada um \u201cIR A  SI MESMO\u201d. Este \u00e9 o \u201cdespertar espiritual\u201d: cada um perceber-se\u00a0 conscientemente  j\u00e1 estando fora \u201cdeste mundo\u201d, por j\u00e1 estar sendo o pr\u00f3prio Deus Se expressando  como ser individual.<\/p>\n<p>Enquanto a pessoa permanecer na cren\u00e7a dualista,  lutando para viver a Verdade ou acreditando n\u00e3o estar sendo a Verdade em si,  estar\u00e1 unicamente endossando a ilus\u00e3o! Seria semelhante \u00e0quele que, durante o  pesadelo, ali se achasse realmente tolhido e impedido de desfrutar de liberdade  e paz interior, desejoso de se livrar do sonho com a mente de sonhador!\u00a0 ILUS\u00c3O  \u00e9 ILUS\u00c3O!\u00a0 Pesadelo \u00e9 pesadelo, \u201ceste mundo\u201d \u00e9 \u201ceste mundo\u201d.\u00a0 Pesadelo \u00e9 ilus\u00e3o!  ESTE MUNDO \u00c9 ILUS\u00c3O! Assim como lhe seria imposs\u00edvel entrar no seu pesadelos,  \u00e9-lhe imposs\u00edvel &#8220;&#8221;nascer neste mundo&#8221;.<br \/>\nVoc\u00ea nunca esteve realmente  experienciando o que o pesadelo lhe sugeria! Aquilo era sonho, ilus\u00e3o! De modo  id\u00eantico, voc\u00ea nunca esteve \u201cneste mundo\u201d, nunca passou efetivamente por  qualquer experi\u00eancia material, boa ou m\u00e1! \u201cVINDE A MIM\u201d, \u00e9 o chamado de sua  Identidade ao fato real! Desfa\u00e7a seu ilus\u00f3rio v\u00ednculo com as miragens  fraudulentas, que se mostram presentes e que s\u00e3o ausentes, e identifique-se com  a REALIDADE HARMONIOSA PERENE, onde \u201cn\u00e3o h\u00e1 choro nem ranger de  dentes\u201d.<\/p>\n<p>A suposta mente humana \u00e9 a falsidade que se faz passar por  realidade para lhe sugerir suas imagens hipn\u00f3ticas completamente sem subst\u00e2ncia.  Entenda que sua mente \u00e9 a Mente de DEUS! Concentre sua aten\u00e7\u00e3o na Mente divina e  identifique-se \u00fanica e totalmente com ela! A Mente divina \u00e9 a \u00fanica Mente  verdadeira; nela n\u00e3o h\u00e1 pesadelo nem despertar! TUDO \u00c9 PAZ! TUDO \u00c9 HARMONIA!  TUDO \u00c9 PERFEI\u00c7\u00c3O!<\/strong><\/span><\/p>\n<p><\/span><\/div>\n<div style=\"text-align: center;\"><span style=\"color: #000080;\">*<\/span><\/div>\n","protected":false},"excerpt":{"rendered":"<p>OPRESS\u00d5ES DE PESADELOS D\u00e1rcio . Em meio a um pesadelo, a pessoa se sente sufocada, angustiada e oprimida pelas imagens que a mente lhe apresenta como parte de sua experi\u00eancia do momento. Assim que \u00e9 acordada, toda a opress\u00e3o desaparece, restando-lhe apenas a lembran\u00e7a de tudo que aparentemente estava vivenciando. \u201cVinde a MIM, v\u00f3s que &hellip; <\/p>\n<p class=\"link-more\"><a href=\"https:\/\/www.fachodeluz.blog.br\/wp\/2010\/03\/13\/opressoes-de-pesadelos\/\" class=\"more-link\">Leia mais<span class=\"screen-reader-text\"> &#8220;OPRESS\u00d5ES DE PESADELOS&#8221;<\/span><\/a><\/p>\n","protected":false},"author":2,"featured_media":0,"comment_status":"open","ping_status":"open","sticky":false,"template":"","format":"standard","meta":{"nf_dc_page":"","_crdt_document":"","footnotes":""},"categories":[10],"tags":[],"class_list":["post-4759","post","type-post","status-publish","format-standard","hentry","category-darcio-dezolt"],"featured_media_urls":[],"_links":{"self":[{"href":"https:\/\/www.fachodeluz.blog.br\/wp\/wp-json\/wp\/v2\/posts\/4759","targetHints":{"allow":["GET"]}}],"collection":[{"href":"https:\/\/www.fachodeluz.blog.br\/wp\/wp-json\/wp\/v2\/posts"}],"about":[{"href":"https:\/\/www.fachodeluz.blog.br\/wp\/wp-json\/wp\/v2\/types\/post"}],"author":[{"embeddable":true,"href":"https:\/\/www.fachodeluz.blog.br\/wp\/wp-json\/wp\/v2\/users\/2"}],"replies":[{"embeddable":true,"href":"https:\/\/www.fachodeluz.blog.br\/wp\/wp-json\/wp\/v2\/comments?post=4759"}],"version-history":[{"count":0,"href":"https:\/\/www.fachodeluz.blog.br\/wp\/wp-json\/wp\/v2\/posts\/4759\/revisions"}],"wp:attachment":[{"href":"https:\/\/www.fachodeluz.blog.br\/wp\/wp-json\/wp\/v2\/media?parent=4759"}],"wp:term":[{"taxonomy":"category","embeddable":true,"href":"https:\/\/www.fachodeluz.blog.br\/wp\/wp-json\/wp\/v2\/categories?post=4759"},{"taxonomy":"post_tag","embeddable":true,"href":"https:\/\/www.fachodeluz.blog.br\/wp\/wp-json\/wp\/v2\/tags?post=4759"}],"curies":[{"name":"wp","href":"https:\/\/api.w.org\/{rel}","templated":true}]}}