{"id":4848,"date":"2010-04-12T18:12:25","date_gmt":"2010-04-12T21:12:25","guid":{"rendered":"http:\/\/fachodeluz.hostmach.com.br\/wp\/?p=4848"},"modified":"2010-04-12T18:12:25","modified_gmt":"2010-04-12T21:12:25","slug":"teiro-em-voce","status":"publish","type":"post","link":"https:\/\/www.fachodeluz.blog.br\/wp\/2010\/04\/12\/teiro-em-voce\/","title":{"rendered":"O REINO INTEIRO EM VOC\u00ca"},"content":{"rendered":"<div style=\"text-align: center\"><span style=\"font-family: Arial;font-size: x-small\"><span style=\"font-family: Times New Roman;font-size: small\"><span style=\"font-family: Vivian;color: #008000;font-size: xx-large\">O REINO<br \/>\nINTEIRO EM VOC\u00ca<br \/>\n<\/span><span style=\"color: #008000\"><strong>D\u00c1RCIO<br \/>\n<\/strong><br \/>\n<\/span><span style=\"color: #008000\"><span style=\"font-family: Monotype Corsiva;font-size: large\">\u201cO Reino de Deus n\u00e3o vem visivelmente, (&#8230;) est\u00e1  dentro de v\u00f3s\u201d<br \/>\nLucas 17:20<br \/>\n<\/span>.<\/p>\n<p><span style=\"font-size: large\"><strong> <\/strong><\/span><\/p>\n<p><\/span><\/span><\/span><\/div>\n<div style=\"text-align: justify\"><span style=\"font-family: Arial;font-size: x-small\"><span style=\"font-family: Times New Roman;font-size: small\"><span style=\"color: #008000\"><span style=\"font-size: large\"><strong>A cren\u00e7a de que  somos \u201ccorpo carnal\u201d atrai a aten\u00e7\u00e3o \u00e0s formas materiais ilus\u00f3rias que a maioria  aceita estar presentes. Para qu\u00ea nos dedicamos \u00e0 Pratica do Sil\u00eancio\u201d? Para  fazermos a \u201ctroca essencial\u201d interiormente, por nos desfazermos dos fict\u00edcios  v\u00ednculos que aparentemente temos com \u201c\u201deste mundo\u201d e sua formas supostamente  materiais em atividade, enquanto nos concentramos na Verdade de que somos  Consci\u00eancia iluminada e, portanto, que todas as reais atividades est\u00e3o se dando  harmoniosamente \u201cdentro de n\u00f3s\u201d, ou seja, em nossa pr\u00f3pria Consci\u00eancia, que \u00e9  Deus.<\/strong><\/p>\n<p><strong>Quando partimos de nossa premissa b\u00e1sica, DEUS \u00c9 TUDO, partimos de  nossa Consci\u00eancia iluminada como sendo o REINO DE DEUS! Por isso Jesus disse que  \u201cn\u00e3o vir\u00e1 visivelmente\u201d e que est\u00e1 \u201cdentro de n\u00f3s\u201d. Em seus momentos destinados  \u00e0 \u201ccontempla\u00e7\u00e3o da Verdade\u201d, exclua a possibilidade de estar existindo um \u201cmundo  material\u201d com fatos bons e maus, e atenha-se \u00e0 SUA CONSCI\u00caNCIA. Perceba que  todas as atividades verdadeiras s\u00e3o perfeitas e harmoniosas \u201cdentro dela\u201d, ou  seja, que por ser infinita, cont\u00e9m a Oniatividade em SI MESMA! Consci\u00eancia e  Onia\u00e7\u00e3o s\u00e3o um! Dedique-se a estas percep\u00e7\u00f5es iluminadas, feitas serenamente e  dedicadamente. \u201cO REINO DE DEUS EST\u00c1 INTEIRO EM VOC\u00ca\u201d:  PERCEBA-O!<br \/>\n<\/strong><\/p>\n<p><\/span><\/p>\n<p><\/span><\/span><\/span><\/div>\n<div style=\"text-align: center\"><span style=\"font-family: Arial;font-size: x-small\"><span style=\"color: #008000\"><span style=\"font-family: Times New Roman;font-size: small\">*<\/span><br \/>\n<\/span><\/span><\/div>\n","protected":false},"excerpt":{"rendered":"<p>O REINO INTEIRO EM VOC\u00ca D\u00c1RCIO \u201cO Reino de Deus n\u00e3o vem visivelmente, (&#8230;) est\u00e1 dentro de v\u00f3s\u201d Lucas 17:20 . A cren\u00e7a de que somos \u201ccorpo carnal\u201d atrai a aten\u00e7\u00e3o \u00e0s formas materiais ilus\u00f3rias que a maioria aceita estar presentes. Para qu\u00ea nos dedicamos \u00e0 Pratica do Sil\u00eancio\u201d? Para fazermos a \u201ctroca essencial\u201d interiormente, &hellip; <\/p>\n<p class=\"link-more\"><a href=\"https:\/\/www.fachodeluz.blog.br\/wp\/2010\/04\/12\/teiro-em-voce\/\" class=\"more-link\">Leia mais<span class=\"screen-reader-text\"> &#8220;O REINO INTEIRO EM VOC\u00ca&#8221;<\/span><\/a><\/p>\n","protected":false},"author":2,"featured_media":0,"comment_status":"open","ping_status":"open","sticky":false,"template":"","format":"standard","meta":{"nf_dc_page":"","_crdt_document":"","footnotes":""},"categories":[10],"tags":[],"class_list":["post-4848","post","type-post","status-publish","format-standard","hentry","category-darcio-dezolt"],"featured_media_urls":[],"_links":{"self":[{"href":"https:\/\/www.fachodeluz.blog.br\/wp\/wp-json\/wp\/v2\/posts\/4848","targetHints":{"allow":["GET"]}}],"collection":[{"href":"https:\/\/www.fachodeluz.blog.br\/wp\/wp-json\/wp\/v2\/posts"}],"about":[{"href":"https:\/\/www.fachodeluz.blog.br\/wp\/wp-json\/wp\/v2\/types\/post"}],"author":[{"embeddable":true,"href":"https:\/\/www.fachodeluz.blog.br\/wp\/wp-json\/wp\/v2\/users\/2"}],"replies":[{"embeddable":true,"href":"https:\/\/www.fachodeluz.blog.br\/wp\/wp-json\/wp\/v2\/comments?post=4848"}],"version-history":[{"count":0,"href":"https:\/\/www.fachodeluz.blog.br\/wp\/wp-json\/wp\/v2\/posts\/4848\/revisions"}],"wp:attachment":[{"href":"https:\/\/www.fachodeluz.blog.br\/wp\/wp-json\/wp\/v2\/media?parent=4848"}],"wp:term":[{"taxonomy":"category","embeddable":true,"href":"https:\/\/www.fachodeluz.blog.br\/wp\/wp-json\/wp\/v2\/categories?post=4848"},{"taxonomy":"post_tag","embeddable":true,"href":"https:\/\/www.fachodeluz.blog.br\/wp\/wp-json\/wp\/v2\/tags?post=4848"}],"curies":[{"name":"wp","href":"https:\/\/api.w.org\/{rel}","templated":true}]}}