{"id":4980,"date":"2010-05-07T10:06:41","date_gmt":"2010-05-07T13:06:41","guid":{"rendered":"http:\/\/fachodeluz.hostmach.com.br\/wp\/?p=4980"},"modified":"2010-05-07T10:06:41","modified_gmt":"2010-05-07T13:06:41","slug":"%e2%80%9cnao-sois-a-minha-obra%e2%80%9d","status":"publish","type":"post","link":"https:\/\/www.fachodeluz.blog.br\/wp\/2010\/05\/07\/%e2%80%9cnao-sois-a-minha-obra%e2%80%9d\/","title":{"rendered":"\u201cN\u00c3O SOIS A MINHA OBRA?\u201d"},"content":{"rendered":"<div style=\"text-align: center\"><span style=\"font-family: Vivian;color: #800000;font-size: xx-large\"><em>\u201cN\u00c3O <\/em><\/span><\/div>\n<div style=\"text-align: center\"><span style=\"color: #800000\"><span style=\"font-family: Vivian;font-size: xx-large\"><em>SOIS A MINHA  OBRA?\u201d<br \/>\n<\/em><\/span><br \/>\n<strong>D\u00e1rcio<\/strong><\/span><\/div>\n<div style=\"text-align: center\"><span style=\"color: #800000\"><strong><span style=\"font-size: x-small\">.<br \/>\n<\/span><\/strong><br \/>\n<\/span><\/div>\n<div style=\"text-align: justify\"><strong><span style=\"font-size: large\"><span style=\"color: #800000\">Uma quest\u00e3o\u00a0\u00e9  levantada: <em>\u201cN\u00e3o sois a MINHA obra?\u201d<\/em> (I Cor\u00edntios 9:1). Quando a Verdade  nos \u00e9 dita em indaga\u00e7\u00f5es, a resposta de cada um ser\u00e1 inevitavelmente \u201cEu Sou!\u201d<\/p>\n<p>Quando deixamos de lado a mente humana, com sua vis\u00e3o errada e  distorcida sobre o Universo e o homem, estamos, realmente, respondendo \u201cEU SOU!\u201d  Jesus Cristo deu o exemplo: <em>\u201cEU SOU O CAMINHO, A VERDADE E A VIDA!\u201d<\/em> N\u00e3o  poderia estar falando como pessoa, mas como a UNIDADE PERFEITA;\u00a0 veio nos  revelar\u00a0 \u201co Caminho, a Verdade e a Vida\u201d em todos n\u00f3s. Agora \u00e9 a nossa vez de  fazer a declara\u00e7\u00e3o iluminada! Esta resposta nos exigir\u00e1 dedica\u00e7\u00e3o, persist\u00eancia  e entendimento, da mesma forma com que exigiu tamb\u00e9m dele e de todos os que  despertaram do sonho em vida material para a perfei\u00e7\u00e3o da Exist\u00eancia espiritual.  Em G\u00e1latas 5:1, consta o seguinte: <em>\u201cEstai firmes na liberdade com que o  Cristo nos libertou e n\u00e3o torneis \u00e0 servid\u00e3o\u201d.<\/em> Que\u00a0\u00e9 \u201ctornar \u00e0 servid\u00e3o\u201d?  Voltar \u00e0 cren\u00e7a fraudulenta de que somos seres humanos, mortais nascidos em  exist\u00eancia material temporal. \u201cEstar firme na liberdade\u201d \u00e9 simplesmente aceitar  e discernir que \u201cSOMOS A OBRA DE DEUS!\u201d Este \u00e9 o fato eterno que permanentemente  deve ser reconhecido com extremo entusiasmo e alegria! O Deus \u00fanico, Se  expressando como o seu \u201cEu individual\u201d: eis o Cristo! O seu libertador e  salvador das cren\u00e7as sem subst\u00e2ncia! Sinta-se livre neste instante! VOC\u00ca \u00c9  LIVRE! Contemple, em quieta e silenciosa interioriza\u00e7\u00e3o, a legitimidade desta  Verdade absoluta! N\u00e3o tente analisar ou redimir o \u201cvelho homem\u201d; n\u00e3o se associe  com quaisquer tra\u00e7os, bons ou maus, da suposta personalidade humana; e, muito  menos entre em conflito interno em endosso infrut\u00edfero da antiga cren\u00e7a no bem e  no mal! A Exist\u00eancia simplesmente <em>\u00c9!<\/em> <em>Afirme a Verdade com a suposta  mente humana, e voc\u00ea a\u00a0estar\u00e1 anulando!<\/em> Mente humana \u00e9 NADA! N\u00e3o acredite  estar mentindo quando, com ela, afirma ser a Verdade! Imagine o n\u00famero 1000; em  seguida, observe um zero \u00e0 sua esquerda, 01000, e, afirme a Verdade: \u201cVejo-me  diante do n\u00famero 1000!\u201d N\u00e3o seria esta a Verdade, mesmo que todos vissem e lhe  mostrassem \u201ctamb\u00e9m\u201d o zero \u00e0 esquerda? \u00c9 nesse sentido que devemos afirmar \u201cSOU  OBRA DE DEUS\u201d com a suposta \u201cmente humana\u201d. Ela \u00e9 \u201czero \u00e0 esquerda\u201d. Enquanto  voc\u00ea seguir a cren\u00e7a propagada por muitos instrutores, no sentido de somente  afirmar a Verdade \u201cQUANDO\u201d a mente humana for transcendida, VOC\u00ca FICAR\u00c1 ILUDIDO!  NA DUALIDADE! ACREDITANDO EM OUTRA MENTE AO LADO DE DEUS! ACREDITANDO EM  \u201cQUANDOS\u201d MESMO J\u00c1 ESTANDO NO AGORA EM QUE \u201cQUANDOS N\u00c3O EXISTEM!\u201d N\u00e3o caia nessa  armadilha, mesmo que \u201cfamosos ou renomados\u201d m\u00edsticos a endossem! Afirme  categoricamente: EU SOU O CAMINHO, A VERDADE E A VIDA! Mesmo que APARENTEMENTE  voc\u00ea acredite estar usando a \u201cmente humana\u201d. PERCEBA O \u00d3BVIO: VOC\u00ca n\u00e3o pode  fazer uso de inexist\u00eancias! Seja radical e entenda que \u201cmente humana \u00e9 \u201cZERO \u00c0  ESQUERDA\u201d. Afirme unicamente a VERDADE com ela; dessa forma, a suposta \u201cmente  humana\u201d ficar\u00e1 anulada!<\/p>\n<p>O tempo n\u00e3o existe! Por isso, nunca houve  \u201csurgimento\u201d de mente humana! O AGORA \u00e9 a Mente oniativa em express\u00e3o! A SUA  MENTE! Viva pela revela\u00e7\u00e3o gloriosa: <em>\u201cN\u00c3O SOIS A MINHA OBRA?\u201d<\/em> Anule  radicalmente a cren\u00e7a em mat\u00e9ria e em mente humana a ser transcendida, e  responda: <em>\u201cEU SOU!\u201d.<\/em><\/p>\n<p><\/span><\/span><\/strong><\/div>\n<div><strong><span style=\"color: #800000;font-size: large\"><em> <\/em><\/span><\/strong><\/div>\n<div><strong><span style=\"color: #800000;font-size: large\"><em> <\/em><\/span><\/strong><\/div>\n<div style=\"text-align: center\"><span style=\"font-size: large\"><span style=\"font-family: Arial;color: #800000;font-size: x-small\">*<\/span><\/span><\/div>\n<div><span style=\"font-size: large\"><\/p>\n<p><strong> <\/strong><\/p>\n<p><\/span><\/div>\n","protected":false},"excerpt":{"rendered":"<p>\u201cN\u00c3O SOIS A MINHA OBRA?\u201d D\u00e1rcio . Uma quest\u00e3o\u00a0\u00e9 levantada: \u201cN\u00e3o sois a MINHA obra?\u201d (I Cor\u00edntios 9:1). Quando a Verdade nos \u00e9 dita em indaga\u00e7\u00f5es, a resposta de cada um ser\u00e1 inevitavelmente \u201cEu Sou!\u201d Quando deixamos de lado a mente humana, com sua vis\u00e3o errada e distorcida sobre o Universo e o homem, estamos, &hellip; <\/p>\n<p class=\"link-more\"><a href=\"https:\/\/www.fachodeluz.blog.br\/wp\/2010\/05\/07\/%e2%80%9cnao-sois-a-minha-obra%e2%80%9d\/\" class=\"more-link\">Leia mais<span class=\"screen-reader-text\"> &#8220;\u201cN\u00c3O SOIS A MINHA OBRA?\u201d&#8221;<\/span><\/a><\/p>\n","protected":false},"author":2,"featured_media":0,"comment_status":"open","ping_status":"open","sticky":false,"template":"","format":"standard","meta":{"nf_dc_page":"","_crdt_document":"","footnotes":""},"categories":[10],"tags":[],"class_list":["post-4980","post","type-post","status-publish","format-standard","hentry","category-darcio-dezolt"],"featured_media_urls":[],"_links":{"self":[{"href":"https:\/\/www.fachodeluz.blog.br\/wp\/wp-json\/wp\/v2\/posts\/4980","targetHints":{"allow":["GET"]}}],"collection":[{"href":"https:\/\/www.fachodeluz.blog.br\/wp\/wp-json\/wp\/v2\/posts"}],"about":[{"href":"https:\/\/www.fachodeluz.blog.br\/wp\/wp-json\/wp\/v2\/types\/post"}],"author":[{"embeddable":true,"href":"https:\/\/www.fachodeluz.blog.br\/wp\/wp-json\/wp\/v2\/users\/2"}],"replies":[{"embeddable":true,"href":"https:\/\/www.fachodeluz.blog.br\/wp\/wp-json\/wp\/v2\/comments?post=4980"}],"version-history":[{"count":0,"href":"https:\/\/www.fachodeluz.blog.br\/wp\/wp-json\/wp\/v2\/posts\/4980\/revisions"}],"wp:attachment":[{"href":"https:\/\/www.fachodeluz.blog.br\/wp\/wp-json\/wp\/v2\/media?parent=4980"}],"wp:term":[{"taxonomy":"category","embeddable":true,"href":"https:\/\/www.fachodeluz.blog.br\/wp\/wp-json\/wp\/v2\/categories?post=4980"},{"taxonomy":"post_tag","embeddable":true,"href":"https:\/\/www.fachodeluz.blog.br\/wp\/wp-json\/wp\/v2\/tags?post=4980"}],"curies":[{"name":"wp","href":"https:\/\/api.w.org\/{rel}","templated":true}]}}