{"id":5051,"date":"2010-05-23T00:31:13","date_gmt":"2010-05-23T03:31:13","guid":{"rendered":"http:\/\/fachodeluz.hostmach.com.br\/wp\/?p=5051"},"modified":"2010-05-23T00:31:13","modified_gmt":"2010-05-23T03:31:13","slug":"%e2%80%9cveneno-na-represa%e2%80%9d","status":"publish","type":"post","link":"https:\/\/www.fachodeluz.blog.br\/wp\/2010\/05\/23\/%e2%80%9cveneno-na-represa%e2%80%9d\/","title":{"rendered":"\u201cVENENO NA REPRESA\u201d"},"content":{"rendered":"<div style=\"text-align: center\"><span style=\"font-family: Arial;font-size: x-small\"><span style=\"font-family: Times New Roman;font-size: small\"><strong><span style=\"color: #0000ff;font-size: xx-large\">\u201cVENENO NA  REPRESA\u201d<br \/>\n<\/span><span style=\"color: #0000ff;font-size: medium\">D\u00e1rcio<br \/>\n<\/span><\/strong><span style=\"color: #0000ff\"><span style=\"font-family: Arial;color: #000000;font-size: x-small\">.<\/span> <\/span><\/span><\/span><\/div>\n<div style=\"text-align: justify\"><span style=\"font-family: Arial;font-size: x-small\"><span style=\"font-family: Times New Roman;font-size: small\"><span style=\"color: #0000ff\"><\/p>\n<p><\/span><\/span><\/span><\/div>\n<div style=\"text-align: justify\"><span style=\"font-family: Arial;font-size: x-small\"><span style=\"font-family: Times New Roman;font-size: small\"><span style=\"color: #0000ff;font-size: large\"><strong>Uma lata de veneno foi  achada boiando vazia, na represa da cidade. Em vista disso, por seguran\u00e7a,  amostras da \u00e1gua foram coletadas e enviadas ao laborat\u00f3rio de an\u00e1lise, para  verificar se havia ocorrido contamina\u00e7\u00e3o que pudesse levar risco \u00e0 popula\u00e7\u00e3o. A  not\u00edcia de alerta foi veiculada pela r\u00e1dio local, enquanto era pedido, \u00e0  popula\u00e7\u00e3o, que aguardasse os resultados da an\u00e1lise para somente depois voltar a  fazer uso da \u00e1gua. Feitas as averigua\u00e7\u00f5es, a radio deu a not\u00edcia de que estava  tudo normal com a \u00e1gua da represa, e que todos poderiam us\u00e1-la normalmente;  entretanto, at\u00e9 aquele momento. o posto de sa\u00fade j\u00e1 havia recebido muita gente  dizendo estar passando mal por ter bebido daquela \u00e1gua!<\/p>\n<p>O \u201cveneno\u201d n\u00e3o  estava na \u00e1gua, mas na mente delas! Quando deixariam de \u201cpassar mal\u201d? Quando  tivessem acesso \u00e0 informa\u00e7\u00e3o de que n\u00e3o havia veneno na \u00e1gua bebida!<\/p>\n<p>Por  toda parte vemos pessoas se queixando de\u00a0 problemas ou de um mal qualquer.  Enquanto n\u00e3o conhecerem a Verdade, viver\u00e3o nesse mundo do pai-da-mentira e  crendo em imperfei\u00e7\u00f5es! Qual \u00e9 a Verdade? DEUS \u00c9 TUDO!\u00a0 N\u00e3o existe nada ao lado  de Deus! E os problemas que tornam aflito o povo? S\u00e3o todos o \u201cveneno da  represa\u201d, uma CREN\u00c7A e mais nada! Enquanto esta cren\u00e7a n\u00e3o for destru\u00edda, o  temor e a aceita\u00e7\u00e3o do mal como realidade atuar\u00e1 como se fosse \u201cmal verdadeiro\u201d.  Caber\u00e1 a VOC\u00ca desmantelar a cren\u00e7a falsa que veio acolhendo! O mal n\u00e3o existe! \u00c9  cren\u00e7a falsa! Quando a totalidade de Deus for aceita, esta cren\u00e7a ser\u00e1 desfeita!  \u201cPara isso vim ao mundo\u201d, disse Jesus, \u201cpara destruir as obras do diabo\u201d. Que  s\u00e3o elas? S\u00e3o o \u201cveneno na \u00e1gua da represa\u201d, ou seja, uma ILUS\u00c3O! O \u201cnada\u201d sendo  aceito <em>temporariamente<\/em> como  realidade!<\/strong><\/span><\/span><\/span><\/div>\n<div><span style=\"font-family: Arial;font-size: x-small\"><span style=\"font-family: Times New Roman;font-size: small\"><strong> <\/strong><\/span><\/span><\/div>\n<div style=\"text-align: center\"><span style=\"font-family: Arial;font-size: x-small\"><span style=\"font-family: Times New Roman;font-size: small\"><strong><span style=\"color: #0000ff;font-size: large\">*<\/span><\/strong><\/span><\/span><\/div>\n<div><span style=\"font-family: Arial;font-size: x-small\"><span style=\"font-family: Times New Roman;font-size: small\"><br \/>\n<\/span><br \/>\n<\/span><\/div>\n","protected":false},"excerpt":{"rendered":"<p>\u201cVENENO NA REPRESA\u201d D\u00e1rcio . Uma lata de veneno foi achada boiando vazia, na represa da cidade. Em vista disso, por seguran\u00e7a, amostras da \u00e1gua foram coletadas e enviadas ao laborat\u00f3rio de an\u00e1lise, para verificar se havia ocorrido contamina\u00e7\u00e3o que pudesse levar risco \u00e0 popula\u00e7\u00e3o. A not\u00edcia de alerta foi veiculada pela r\u00e1dio local, enquanto &hellip; <\/p>\n<p class=\"link-more\"><a href=\"https:\/\/www.fachodeluz.blog.br\/wp\/2010\/05\/23\/%e2%80%9cveneno-na-represa%e2%80%9d\/\" class=\"more-link\">Leia mais<span class=\"screen-reader-text\"> &#8220;\u201cVENENO NA REPRESA\u201d&#8221;<\/span><\/a><\/p>\n","protected":false},"author":2,"featured_media":0,"comment_status":"open","ping_status":"open","sticky":false,"template":"","format":"standard","meta":{"nf_dc_page":"","_crdt_document":"","footnotes":""},"categories":[10],"tags":[],"class_list":["post-5051","post","type-post","status-publish","format-standard","hentry","category-darcio-dezolt"],"featured_media_urls":[],"_links":{"self":[{"href":"https:\/\/www.fachodeluz.blog.br\/wp\/wp-json\/wp\/v2\/posts\/5051","targetHints":{"allow":["GET"]}}],"collection":[{"href":"https:\/\/www.fachodeluz.blog.br\/wp\/wp-json\/wp\/v2\/posts"}],"about":[{"href":"https:\/\/www.fachodeluz.blog.br\/wp\/wp-json\/wp\/v2\/types\/post"}],"author":[{"embeddable":true,"href":"https:\/\/www.fachodeluz.blog.br\/wp\/wp-json\/wp\/v2\/users\/2"}],"replies":[{"embeddable":true,"href":"https:\/\/www.fachodeluz.blog.br\/wp\/wp-json\/wp\/v2\/comments?post=5051"}],"version-history":[{"count":0,"href":"https:\/\/www.fachodeluz.blog.br\/wp\/wp-json\/wp\/v2\/posts\/5051\/revisions"}],"wp:attachment":[{"href":"https:\/\/www.fachodeluz.blog.br\/wp\/wp-json\/wp\/v2\/media?parent=5051"}],"wp:term":[{"taxonomy":"category","embeddable":true,"href":"https:\/\/www.fachodeluz.blog.br\/wp\/wp-json\/wp\/v2\/categories?post=5051"},{"taxonomy":"post_tag","embeddable":true,"href":"https:\/\/www.fachodeluz.blog.br\/wp\/wp-json\/wp\/v2\/tags?post=5051"}],"curies":[{"name":"wp","href":"https:\/\/api.w.org\/{rel}","templated":true}]}}