{"id":5103,"date":"2010-06-03T11:08:20","date_gmt":"2010-06-03T14:08:20","guid":{"rendered":"http:\/\/fachodeluz.hostmach.com.br\/wp\/?p=5103"},"modified":"2010-06-03T11:08:20","modified_gmt":"2010-06-03T14:08:20","slug":"nao-leia-textos-da-verdade-como-se-fossem-jornal","status":"publish","type":"post","link":"https:\/\/www.fachodeluz.blog.br\/wp\/2010\/06\/03\/nao-leia-textos-da-verdade-como-se-fossem-jornal\/","title":{"rendered":"N\u00c3O LEIA TEXTOS DA VERDADE COMO SE FOSSEM  JORNAL"},"content":{"rendered":"<p><span style=\"font-family: Arial;font-size: x-small\"> <\/span><\/p>\n<div style=\"text-align: center\"><span style=\"font-family: Arial Black;font-size: xx-large\"><span style=\"color: #0000ff\">N\u00c3O LEIA  TEXTOS DA VERDADE COMO SE FOSSEM\u00a0 JORNAL<\/p>\n<p><span style=\"font-size: medium\">D\u00c1RCIO<\/span><\/p>\n<p><\/span><\/span><\/div>\n<div style=\"text-align: center\"><span style=\"color: #0000ff\"><span style=\"font-family: Arial Black\">.<br \/>\n<\/span><br \/>\n<\/span><\/div>\n<div style=\"text-align: justify\"><span style=\"font-family: Comic Sans MS;color: #0000ff;font-size: large\">O site do  Facho de Luz \u00e9 pr\u00e1tico, e n\u00e3o \u00e9 um site destinado a expor longos tratados ou  elucida\u00e7\u00f5es te\u00f3ricas volumosas sobre a Verdade. Antes, o que nos propomos a  oferecer s\u00e3o mensagens objetivas que se tornem exerc\u00edcios imediatos de  contempla\u00e7\u00e3o e de percep\u00e7\u00e3o da Verdade. Os v\u00e1rios artigos publicados t\u00eam por  base a Verdade absoluta e suprema: DEUS \u00c9 TUDO! Cada texto oferece e enfatiza um  princ\u00edpio espiritual, ou um detalhe a mais sobre algum destes princ\u00edpios; a  cada leitura , o que o leitor deve observar \u00e9 o seguinte: <strong>\u201cO que este artigo me  traz a mais, e que eu possa usar sempre em minhas medita\u00e7\u00f5es contemplativas?\u201d <\/strong>Se  isso n\u00e3o for feito, a cada dia as leituras anteriores ser\u00e3o esquecidas como  jornais antigos, e a pessoa n\u00e3o poder\u00e1 se beneficiar plenamente de tudo que j\u00e1  leu.<\/p>\n<p>Um artigo poder\u00e1 estar ressaltando a necessidade de se \u201ctirar o  poder\u201d das apar\u00eancias vis\u00edveis; um outro poder\u00e1 estar explicando a unicidade da  Mente, para que n\u00e3o aceitemos que \u201cmesmerismo\u201d seja mente verdadeira e capaz de  nos sugestionar; um terceiro poder\u00e1 nos alertar quanto \u00e0 resist\u00eancia do meio  humano, contr\u00e1ria \u00e0 Verdade, enquanto nos propomos a meditar para contemplar a  Verdade em lugar de uma apar\u00eancia de doen\u00e7a, como foi o caso de um dos \u00faltimos  artigos da Ci\u00eancia Crist\u00e3 aqui postado. Todos estes textos n\u00e3o precisam ser  decorados, mas, ao menos os temas que os geraram precisam ser bem marcados e  somados em nosso conhecimento, para podermos nos beneficiar\u00a0 sempre do que  estiver sendo lido a cada dia.<\/p>\n<p><\/span><\/div>\n<div style=\"text-align: justify\"><span style=\"font-family: Comic Sans MS;font-size: large\"><span style=\"font-size: xx-small\"><span style=\"color: #0000ff\">.<br \/>\n<\/span><\/span><\/span><\/div>\n<div style=\"text-align: justify\"><span style=\"font-family: Comic Sans MS;font-size: large\"><span style=\"color: #0000ff\">Volte  sempre e releia os artigos j\u00e1 publicados; veja o que h\u00e1 de principal ou  enfatizado em cada um; grave bem e medite incluindo aquilo! N\u00e3o existe texto  &#8220;antigo&#8221;\u00a0da Verdade;\u00a0 s\u00e3o todos v\u00e1lidos agora! Revelam princ\u00edpios imut\u00e1veis como  os da Matem\u00e1tica! N\u00e3o \u00e9 a quantidade de leitura que propicia a percep\u00e7\u00e3o da  Verdade, mas sim uma contempla\u00e7\u00e3o radical e absoluta, onde empregamos tudo o que  pudermos recordar, dos princ\u00edpios e t\u00e1ticas espirituais lidos, estudados e  entendidos, para nos soltarmos completamente em n\u00f3s mesmos no reconhecimento  radical absoluto de que <strong>SOMENTE EXISTE  DEUS!<\/strong><\/span><\/span><strong><span style=\"color: #0000ff\"><br \/>\n<\/span><\/strong><\/div>\n<div style=\"text-align: center\"><span style=\"color: #0000ff;font-size: large\">*<\/span><\/div>\n","protected":false},"excerpt":{"rendered":"<p>N\u00c3O LEIA TEXTOS DA VERDADE COMO SE FOSSEM\u00a0 JORNAL D\u00c1RCIO . O site do Facho de Luz \u00e9 pr\u00e1tico, e n\u00e3o \u00e9 um site destinado a expor longos tratados ou elucida\u00e7\u00f5es te\u00f3ricas volumosas sobre a Verdade. Antes, o que nos propomos a oferecer s\u00e3o mensagens objetivas que se tornem exerc\u00edcios imediatos de contempla\u00e7\u00e3o e de &hellip; <\/p>\n<p class=\"link-more\"><a href=\"https:\/\/www.fachodeluz.blog.br\/wp\/2010\/06\/03\/nao-leia-textos-da-verdade-como-se-fossem-jornal\/\" class=\"more-link\">Leia mais<span class=\"screen-reader-text\"> &#8220;N\u00c3O LEIA TEXTOS DA VERDADE COMO SE FOSSEM  JORNAL&#8221;<\/span><\/a><\/p>\n","protected":false},"author":2,"featured_media":0,"comment_status":"open","ping_status":"open","sticky":false,"template":"","format":"standard","meta":{"nf_dc_page":"","_crdt_document":"","footnotes":""},"categories":[10],"tags":[],"class_list":["post-5103","post","type-post","status-publish","format-standard","hentry","category-darcio-dezolt"],"featured_media_urls":[],"_links":{"self":[{"href":"https:\/\/www.fachodeluz.blog.br\/wp\/wp-json\/wp\/v2\/posts\/5103","targetHints":{"allow":["GET"]}}],"collection":[{"href":"https:\/\/www.fachodeluz.blog.br\/wp\/wp-json\/wp\/v2\/posts"}],"about":[{"href":"https:\/\/www.fachodeluz.blog.br\/wp\/wp-json\/wp\/v2\/types\/post"}],"author":[{"embeddable":true,"href":"https:\/\/www.fachodeluz.blog.br\/wp\/wp-json\/wp\/v2\/users\/2"}],"replies":[{"embeddable":true,"href":"https:\/\/www.fachodeluz.blog.br\/wp\/wp-json\/wp\/v2\/comments?post=5103"}],"version-history":[{"count":0,"href":"https:\/\/www.fachodeluz.blog.br\/wp\/wp-json\/wp\/v2\/posts\/5103\/revisions"}],"wp:attachment":[{"href":"https:\/\/www.fachodeluz.blog.br\/wp\/wp-json\/wp\/v2\/media?parent=5103"}],"wp:term":[{"taxonomy":"category","embeddable":true,"href":"https:\/\/www.fachodeluz.blog.br\/wp\/wp-json\/wp\/v2\/categories?post=5103"},{"taxonomy":"post_tag","embeddable":true,"href":"https:\/\/www.fachodeluz.blog.br\/wp\/wp-json\/wp\/v2\/tags?post=5103"}],"curies":[{"name":"wp","href":"https:\/\/api.w.org\/{rel}","templated":true}]}}