{"id":5237,"date":"2010-06-26T10:50:00","date_gmt":"2010-06-26T13:50:00","guid":{"rendered":"http:\/\/fachodeluz.hostmach.com.br\/wp\/?p=5237"},"modified":"2010-06-26T10:50:00","modified_gmt":"2010-06-26T13:50:00","slug":"va-ter-com-deus-achando-deus-sendo-voce","status":"publish","type":"post","link":"https:\/\/www.fachodeluz.blog.br\/wp\/2010\/06\/26\/va-ter-com-deus-achando-deus-sendo-voce\/","title":{"rendered":"V\u00c1 TER COM DEUS ACHANDO DEUS SENDO VOC\u00ca"},"content":{"rendered":"<div style=\"text-align: center\"><span style=\"font-family: Calligraphic;font-size: xx-large\"><strong><span style=\"color: #0000ff\">V\u00c1 TER COM  DEUS<br \/>\nACHANDO DEUS <span style=\"font-family: Georgia\"><em>SENDO<\/em><\/span> VOC\u00ca<br \/>\n<\/span><\/strong><span style=\"color: #0000ff;font-size: medium\"><strong>D\u00e1rcio<\/strong><br \/>\n<\/span><span style=\"color: #0000ff;font-size: x-small\">.<br \/>\n<\/span><\/span><span style=\"color: #0000ff\"><br \/>\n<\/span><span style=\"font-size: large\"><strong><span style=\"color: #0000ff\"><\/p>\n<p><\/span><\/strong><\/span><\/div>\n<p style=\"text-align: justify\"><span style=\"font-size: large\"><strong> <\/strong><\/span><\/p>\n<div style=\"text-align: justify\"><span style=\"color: #0000ff\"><span style=\"font-size: large\"><strong>Em seu livro <em>A  Arte de Curar pelo Esp\u00edrito<\/em>, Joel S. Goldsmith diz: \u201cV\u00e1 ter com Deus  esperando Deus!\u201d\u00a0 O sentido principal \u00e9 duplo: ele diz que Deus \u00e9 sua \u00fanica meta  e n\u00e3o uma esp\u00e9cie de Papai Noel a quem nos dirigimos para pedir coisas ou  acontecimentos humanos desej\u00e1veis; e, principalmente, que Deus seja \u201cachado\u201d  constituindo, n\u00e3o\u00a0 uma fra\u00e7\u00e3o de nosso ser, mas sim a sua  totalidade.<\/strong><\/p>\n<p><strong>Deus \u00e9 a Consci\u00eancia, Subst\u00e2ncia, Mente, Vida e Corpo do seu  ser individual! Nada h\u00e1 al\u00e9m de Deus! Portanto, nada h\u00e1, al\u00e9m de Deus, sendo seu  EU! \u201cV\u00e1 ter com Deus esperando Deus\u201d, ou seja, contemplando-Se totalmente imerso  na ideia absoluta de que Deus \u00e9 a completude que Se manifesta como seu  EU.<\/strong><\/p>\n<p><strong>Ache tempo para fazer as contempla\u00e7\u00f5es silenciosas de forma  dedicada! D\u00ea in\u00edcio a elas usando a medita\u00e7\u00e3o contemplativa, analisando cada  aspecto de Deus j\u00e1 Se manifestando em seu pr\u00f3prio ser!<\/strong><\/p>\n<p><strong>Deus \u00e9 a  \u201cConsci\u00eancia\u201d; contemple sua Consci\u00eancia sendo a Consci\u00eancia iluminada de Deus!<\/strong><\/p>\n<p><strong>Deus \u00e9 a \u201cSubst\u00e2ncia\u201d; contemple a Subst\u00e2ncia divina \u201cformando&#8221; Seu EU,  sem mat\u00e9ria, sem nascimento, sem mudan\u00e7a e sem morte!<\/strong><\/p>\n<p><strong>Deus \u00e9 a \u201cMente\u201d;  contemple o que diz isso em seu pr\u00f3prio ser! Perceba sua Mente sendo a de  Deus!<\/strong><\/p>\n<p><strong>Deus \u00e9 a \u201cVida\u201d; contemple a Verdade ineg\u00e1vel de que voc\u00ea VIVE! E  vive AGORA! Por que? Porque Deus \u00e9 sua Vida!<\/strong><\/p>\n<p><strong>Deus \u00e9 o \u201cCorpo\u201d; contemple  sua Vida expressa \u201ccorporificada\u201d, sem \u201ccorpos nascidos da ilus\u00e3o\u201d, e sim o  perfeito Templo de Deus, que Se manifesta resplandecentemente como o seu  Corpo!<\/strong><\/p>\n<p><strong>Fa\u00e7a estas contempla\u00e7\u00f5es absolutas, vendo esta Verdade j\u00e1  plenamente manifestada no AGORA ATEMPORAL!<\/strong><\/p>\n<p><\/span><br \/>\n<\/span><\/div>\n<div style=\"text-align: center\"><span style=\"color: #0000ff\"><span style=\"font-family: Arial;font-size: x-small\">.<\/span><br \/>\n<\/span><\/div>\n<div style=\"text-align: center\"><span style=\"color: #0000ff;font-size: large\"><strong>\u201cV\u00e1 ter com Deus achando  DEUS SENDO VOC\u00ca!\u201d<\/strong><\/span><\/div>\n<div style=\"text-align: center\"><span style=\"color: #0000ff;font-size: large\"><strong> <\/strong><\/span><\/div>\n<div style=\"text-align: center\"><span style=\"font-family: Arial;color: #0000ff;font-size: large\"><strong>*<\/strong><\/span><\/div>\n","protected":false},"excerpt":{"rendered":"<p>V\u00c1 TER COM DEUS ACHANDO DEUS SENDO VOC\u00ca D\u00e1rcio . Em seu livro A Arte de Curar pelo Esp\u00edrito, Joel S. Goldsmith diz: \u201cV\u00e1 ter com Deus esperando Deus!\u201d\u00a0 O sentido principal \u00e9 duplo: ele diz que Deus \u00e9 sua \u00fanica meta e n\u00e3o uma esp\u00e9cie de Papai Noel a quem nos dirigimos para pedir &hellip; <\/p>\n<p class=\"link-more\"><a href=\"https:\/\/www.fachodeluz.blog.br\/wp\/2010\/06\/26\/va-ter-com-deus-achando-deus-sendo-voce\/\" class=\"more-link\">Leia mais<span class=\"screen-reader-text\"> &#8220;V\u00c1 TER COM DEUS ACHANDO DEUS SENDO VOC\u00ca&#8221;<\/span><\/a><\/p>\n","protected":false},"author":2,"featured_media":0,"comment_status":"open","ping_status":"open","sticky":false,"template":"","format":"standard","meta":{"nf_dc_page":"","_crdt_document":"","footnotes":""},"categories":[10],"tags":[],"class_list":["post-5237","post","type-post","status-publish","format-standard","hentry","category-darcio-dezolt"],"featured_media_urls":[],"_links":{"self":[{"href":"https:\/\/www.fachodeluz.blog.br\/wp\/wp-json\/wp\/v2\/posts\/5237","targetHints":{"allow":["GET"]}}],"collection":[{"href":"https:\/\/www.fachodeluz.blog.br\/wp\/wp-json\/wp\/v2\/posts"}],"about":[{"href":"https:\/\/www.fachodeluz.blog.br\/wp\/wp-json\/wp\/v2\/types\/post"}],"author":[{"embeddable":true,"href":"https:\/\/www.fachodeluz.blog.br\/wp\/wp-json\/wp\/v2\/users\/2"}],"replies":[{"embeddable":true,"href":"https:\/\/www.fachodeluz.blog.br\/wp\/wp-json\/wp\/v2\/comments?post=5237"}],"version-history":[{"count":0,"href":"https:\/\/www.fachodeluz.blog.br\/wp\/wp-json\/wp\/v2\/posts\/5237\/revisions"}],"wp:attachment":[{"href":"https:\/\/www.fachodeluz.blog.br\/wp\/wp-json\/wp\/v2\/media?parent=5237"}],"wp:term":[{"taxonomy":"category","embeddable":true,"href":"https:\/\/www.fachodeluz.blog.br\/wp\/wp-json\/wp\/v2\/categories?post=5237"},{"taxonomy":"post_tag","embeddable":true,"href":"https:\/\/www.fachodeluz.blog.br\/wp\/wp-json\/wp\/v2\/tags?post=5237"}],"curies":[{"name":"wp","href":"https:\/\/api.w.org\/{rel}","templated":true}]}}