{"id":5283,"date":"2010-07-06T12:28:05","date_gmt":"2010-07-06T15:28:05","guid":{"rendered":"http:\/\/fachodeluz.hostmach.com.br\/wp\/?p=5283"},"modified":"2010-07-06T12:28:05","modified_gmt":"2010-07-06T15:28:05","slug":"posturas-diante-da-verdade","status":"publish","type":"post","link":"https:\/\/www.fachodeluz.blog.br\/wp\/2010\/07\/06\/posturas-diante-da-verdade\/","title":{"rendered":"POSTURAS DIANTE DA VERDADE"},"content":{"rendered":"<div style=\"text-align: center\"><span style=\"font-family: Calligraphic;color: #800080;font-size: xx-large\"><strong>POSTURAS <\/strong><\/span><\/div>\n<div style=\"text-align: center\"><span style=\"font-size: xx-large\"><strong><span style=\"color: #800080\"><span style=\"font-family: Calligraphic\">DIANTE DA VERDADE<br \/>\n<\/span><span style=\"font-size: medium\">D\u00e1rcio<\/span><\/span><\/strong><\/span><\/div>\n<div style=\"text-align: center\"><span style=\"color: #800080\"><strong>.<\/strong><\/p>\n<p><\/span><\/div>\n<p><strong> <\/strong><\/p>\n<div style=\"text-align: justify\"><strong><span style=\"color: #800080;font-size: large\">A Verdade \u00e9 revelada e,  portanto, nunca pode ser rotulada como sendo \u201cponto de vista\u201d de algu\u00e9m. Os  pontos de vista, entretanto,\u00a0podem aparecer durante sua exposi\u00e7\u00e3o, quando\u00a0s\u00e3o  assumidas\u00a0posturas e opini\u00f5es que podem variar, de mensageiro para mensageiro.  Se a Verdade \u00e9 que DEUS \u00c9 TUDO, jamais esta premissa poder\u00e1 ser alvo de  discuss\u00e3o; por\u00e9m, a forma de encararmos o ensinamento na vida pr\u00e1tica depende de  posturas e opini\u00f5es, pois, estaremos, a partir da Verdade, lidando tamb\u00e9m com o  \u201cmundo de apar\u00eancias\u201d, onde cada um traz consigo suas cren\u00e7as e experi\u00eancias  pessoais somadas \u00e0s cren\u00e7as coletivas.<\/p>\n<p>Esta premissa, DEUS \u00c9 TUDO, \u00e9 o  fundamento do estudo da Verdade. Entretanto, quem for conhecer as obras de um  autor, constatar\u00e1 seu \u201ctoque pessoal\u201d na prega\u00e7\u00e3o da Verdade que \u00e9 \u201cimpessoal\u201d.  Estes pontos de vista precisam ser bem avaliados, para que o leitor n\u00e3o os possa  confundir com a Verdade tamb\u00e9m presente,\u00a0 acabando por aceit\u00e1-los como parte  dela! Nada acontece por acaso! As posturas e opini\u00f5es de cada autor cumprem  tamb\u00e9m\u00a0um objetivo, tanto na vida dele como na vida de seus leitores. Uns gostam  de ler Emmet Fox, outros preferem ler Joel S. Goldsmith, outros buscam a  Seicho-no-ie, a Unidade, a Ci\u00eancia Crist\u00e3, etc. Todos eles explicam a base  revelada, DEUS \u00c9 TUDO, e todos trazem posturas e opini\u00f5es pessoais, que podem  ser apreciadas ou n\u00e3o pelos leitores. H\u00e1 casos em que as opini\u00f5es nos ajudam a  compreender os princ\u00edpios absolutos; e h\u00e1\u00a0outros em que elas ajudam a manter a  <em>ilus\u00e3o<\/em> na mente! \u00c9 preciso meditar e ter cautela, diante destas  opini\u00f5es! Jamais\u00a0 devem ser aceitas cegamente! O \u00fanico \u201cMestre\u201d \u00e9 o nosso \u201cEu  divino\u201d. Quem recebe internamente o endosso desse \u201cMestre\u201d, diante de algo lido  ou estudado, \u00e9 beneficiado pelo ensinamento, pois sabe ali separar\u00a0 o que \u00e9  &#8220;joio&#8221; e o que \u00e9 &#8220;trigo&#8221;. Mas, quem acata cegamente a opini\u00e3o de qualquer autor,  confiando em sua fama ou reputa\u00e7\u00e3o, poder\u00e1 ficar preso\u00a0a\u00a0 cren\u00e7as falsas aceitas  e propagadas por ele. Huberto Rhoden, por exemplo, ap\u00f3s conhecer a obra de  Goldsmith, desejou tirar de circula\u00e7\u00e3o v\u00e1rios livros que havia escrito! E Joel  Goldsmith, ap\u00f3s lan\u00e7ar o livro <em>&#8220;The Thunder of Silence&#8221;,<\/em> teve a  revela\u00e7\u00e3o de que &#8220;n\u00e3o existe lei do carma&#8221;; mas, o livro j\u00e1 havia sido lan\u00e7ado, e  com a cren\u00e7a falsa!<\/p>\n<p>Mary Baker Eddy, fundadora da <em>Ci\u00eancia  Crist\u00e3,<\/em> ensina que a cura espiritual fica comprometida, se o \u201cpaciente\u201d  optar por misturar a a\u00e7\u00e3o divina da Mente com terapia material. N\u00e3o \u00e9 verdade!  Cansei de ver\u00a0relatos de curas, de males considerados incur\u00e1veis, por parte de  pessoas que estavam tamb\u00e9m recebendo tratamentos m\u00e9dicos! Se, na ILUS\u00c3O, h\u00e1 um  ego tomando ou deixando de tomar rem\u00e9dio, para a Verdade isso \u00e9 inexistente!  Contra fatos n\u00e3o h\u00e1 argumentos! J\u00e1 a Seicho-no-ie, por exemplo,\u00a0 ensina que  \u201ctudo que rege nosso destino\u201d depende de &#8220;nosso&#8221; estado mental. N\u00e3o \u00e9 bem assim!  A cren\u00e7a \u00e9 coletiva, e n\u00e3o pessoal! Se passarmos tristes por uma rua em que uma  torcida de futebol estiver comemorando um gol, esta \u201calegria\u201d ser\u00e1 captada pelo  nosso subconsciente e nos contagiar\u00e1!\u00a0 N\u00e3o basta sermos \u201cpessoalmente\u201d positivos  e corretos! Precisamos lidar com as <em>cren\u00e7as coletivas,<\/em> se quisermos dar  fim \u00e0 influ\u00eancia delas sobre n\u00f3s! O conhecimento de v\u00e1rios ensinamentos, aliado  a medita\u00e7\u00f5es feitas com seriedade, d\u00e3o-nos os pontos comuns sobre a \u201cpr\u00e1tica da  Verdade\u201d, e, s\u00e3o estes pontos comuns que, em geral, retratam\u00a0 opini\u00f5es mais  acertadas!<\/p>\n<p>Eu, particularmente, evito ao m\u00e1ximo a exposi\u00e7\u00e3o de opini\u00e3o  pessoal. Este artigo, por exemplo, \u00e9 uma das exce\u00e7\u00f5es. Quando me perguntam: \u201cO  que voc\u00ea faria, se estivesse diante de uma situa\u00e7\u00e3o como a minha?\u201d, eu costumo  responder: \u201cFaria medita\u00e7\u00e3o!\u201d\u00a0 Eu prefiro expor os princ\u00edpios que conduzam cada  um ao pr\u00f3prio Eu!\u00a0 As pessoas precisam confiar em DEUS nelas mesmas! Por que  Jesus orava tanto? Para discernir a vontade do Pai! N\u00e3o confiava somente na  opini\u00e3o dele!<\/p>\n<p>Quando aponto o que considero \u201cfalhas\u201d, em autores ou  ensinamentos, jamais o fa\u00e7o pelo mero desejo de critic\u00e1-los. Sei que cada um faz  o que julga ser o melhor, mesmo que, no meu entender, aquilo possa ser visto  como um absurdo! E, \u00e9 quando tamb\u00e9m exponho um &#8220;ponto de vista&#8221;, que est\u00e1 igualmente  sujeito ou n\u00e3o \u00e0 aceita\u00e7\u00e3o do leitor.<\/p>\n<p><\/span><\/strong><strong> <\/strong><\/div>\n<div style=\"text-align: justify\"><strong> <\/strong><\/div>\n<div style=\"text-align: justify\"><strong><span style=\"color: #800080;font-size: large\">O estudo da Verdade n\u00e3o  deve, na minha opini\u00e3o, ser\u00a0encarado como \u201cconcorr\u00eancia \u00e0 medicina\u201d. Estudamos a  Verdade para conhecer a Verdade! Se, durante o estudo, algo existir, material ou  mentalmente, que\u00a0 possa nos trazer conforto e bem-estar, n\u00e3o h\u00e1\u00a0 motivo algum  para ser desprezado. Nossa dedica\u00e7\u00e3o cada vez maior aos princ\u00edpios revelados nos  emancipar\u00e3o proporcionalmente dos recursos materiais e mentais deste mundo. Tudo  vem naturalmente, sem necessidade de fanatismos ou de demonstra\u00e7\u00f5es for\u00e7adas.  Deus \u00e9 TUDO! Deus \u00e9 o nosso EU; assim, a meta\u00a0est\u00e1 em VOC\u00ca SE VOLVER DIRETAMENTE  A\u00a0VOC\u00ca MESMO, em sil\u00eancio e quietude, e se deixar inspirar do Alto! Siga sempre  o Mestre \u201cEu Sou\u201d, que VOC\u00ca \u00c9! Assim, jamais se arrepender\u00e1 e tampouco ser\u00e1  iludido por ideias pessoais\u00a0de outrem, sejam elas de boa f\u00e9 ou m\u00e1 f\u00e9, sejam elas  expostas por mim ou por outra pessoa qualquer. Busque sempre o ENDOSSO  INTERNO!<\/span><\/strong><\/div>\n<div><strong> <\/strong><\/div>\n<div style=\"text-align: center\"><strong><span style=\"font-size: large\"><span style=\"color: #800080\">*<\/span><\/span><\/strong><\/div>\n<div><strong><span style=\"font-size: large\"><br \/>\n<\/span><\/strong><\/div>\n","protected":false},"excerpt":{"rendered":"<p>POSTURAS DIANTE DA VERDADE D\u00e1rcio . A Verdade \u00e9 revelada e, portanto, nunca pode ser rotulada como sendo \u201cponto de vista\u201d de algu\u00e9m. Os pontos de vista, entretanto,\u00a0podem aparecer durante sua exposi\u00e7\u00e3o, quando\u00a0s\u00e3o assumidas\u00a0posturas e opini\u00f5es que podem variar, de mensageiro para mensageiro. Se a Verdade \u00e9 que DEUS \u00c9 TUDO, jamais esta premissa poder\u00e1 &hellip; <\/p>\n<p class=\"link-more\"><a href=\"https:\/\/www.fachodeluz.blog.br\/wp\/2010\/07\/06\/posturas-diante-da-verdade\/\" class=\"more-link\">Leia mais<span class=\"screen-reader-text\"> &#8220;POSTURAS DIANTE DA VERDADE&#8221;<\/span><\/a><\/p>\n","protected":false},"author":2,"featured_media":0,"comment_status":"open","ping_status":"open","sticky":false,"template":"","format":"standard","meta":{"nf_dc_page":"","_crdt_document":"","footnotes":""},"categories":[10],"tags":[],"class_list":["post-5283","post","type-post","status-publish","format-standard","hentry","category-darcio-dezolt"],"featured_media_urls":[],"_links":{"self":[{"href":"https:\/\/www.fachodeluz.blog.br\/wp\/wp-json\/wp\/v2\/posts\/5283","targetHints":{"allow":["GET"]}}],"collection":[{"href":"https:\/\/www.fachodeluz.blog.br\/wp\/wp-json\/wp\/v2\/posts"}],"about":[{"href":"https:\/\/www.fachodeluz.blog.br\/wp\/wp-json\/wp\/v2\/types\/post"}],"author":[{"embeddable":true,"href":"https:\/\/www.fachodeluz.blog.br\/wp\/wp-json\/wp\/v2\/users\/2"}],"replies":[{"embeddable":true,"href":"https:\/\/www.fachodeluz.blog.br\/wp\/wp-json\/wp\/v2\/comments?post=5283"}],"version-history":[{"count":0,"href":"https:\/\/www.fachodeluz.blog.br\/wp\/wp-json\/wp\/v2\/posts\/5283\/revisions"}],"wp:attachment":[{"href":"https:\/\/www.fachodeluz.blog.br\/wp\/wp-json\/wp\/v2\/media?parent=5283"}],"wp:term":[{"taxonomy":"category","embeddable":true,"href":"https:\/\/www.fachodeluz.blog.br\/wp\/wp-json\/wp\/v2\/categories?post=5283"},{"taxonomy":"post_tag","embeddable":true,"href":"https:\/\/www.fachodeluz.blog.br\/wp\/wp-json\/wp\/v2\/tags?post=5283"}],"curies":[{"name":"wp","href":"https:\/\/api.w.org\/{rel}","templated":true}]}}