{"id":5479,"date":"2010-08-06T15:19:59","date_gmt":"2010-08-06T18:19:59","guid":{"rendered":"http:\/\/fachodeluz.hostmach.com.br\/wp\/?p=5479"},"modified":"2010-08-06T15:19:59","modified_gmt":"2010-08-06T18:19:59","slug":"somente-o-transcendental-e-realidade","status":"publish","type":"post","link":"https:\/\/www.fachodeluz.blog.br\/wp\/2010\/08\/06\/somente-o-transcendental-e-realidade\/","title":{"rendered":"SOMENTE O TRANSCENDENTAL \u00c9 REALIDADE"},"content":{"rendered":"<div style=\"text-align: center\"><strong><span style=\"font-family: Splash;font-size: xx-large\"><span style=\"color: #008000\">SOMENTE O<br \/>\nTRANSCENDENTAL \u00c9 REALIDADE<br \/>\n<\/span><span style=\"color: #008000;font-size: small\">D\u00e1rcio<br \/>\n.<br \/>\n<\/span><\/span><\/strong><span style=\"color: #008000\"><br \/>\n<\/span><\/div>\n<div style=\"text-align: justify\"><strong><span style=\"font-family: Arial;color: #008000;font-size: large\">Por mais que\u00a0a  <em>ilus\u00e3o<\/em> se mostre como sequ\u00eancia\u00a0 intermin\u00e1vel de imagens, o  transcendental a elas \u00e9 o que \u00e9 Realidade, imut\u00e1vel e perfeito. Este \u00e9 o desafio  a quem estuda a Verdade: contemplar o invis\u00edvel como Exist\u00eancia\u00a0e negar o  vis\u00edvel como &#8220;inexist\u00eancia&#8221;. O invis\u00edvel \u00e9 o Eterno; o vis\u00edvel \u00e9 o nada sendo  rotulado de ef\u00eamero. N\u00e3o h\u00e1 nada que seja ef\u00eamero neste Universo, que \u00e9 uma  express\u00e3o perfeita de Deus. E nada h\u00e1 al\u00e9m de Deus. Ou fechamos os olhos para a  ilus\u00e3o, captando o que \u00e9 transcendental e real, ou estaremos acreditando nas  imagens fraudulentas, todas elas falsas,\u00a0expostas pela tamb\u00e9m nula mente  humana.<\/p>\n<p><em>Deus \u00e9 Tudo, Tudo \u00e9 Deus!<\/em> E Deus \u00e9 Esp\u00edrito, Luz e  Perfei\u00e7\u00e3o. Contemple-se de forma transcendental! <em>\u201cGlorifique a Deus em SEU  Esp\u00edrito\u201d,<\/em> discernindo claramente que falar de Deus e falar do ser que  somos, \u00e9 falar da Verdade sem ilus\u00e3o. H\u00e1 um Esp\u00edrito divino em toda parte! Na  \u201cparte\u201d em que VOC\u00ca EST\u00c1, este VOC\u00ca \u00e9 Deus! N\u00e3o pense em Deus como Esp\u00edrito para, ao mesmo tempo, pensar em  VOC\u00ca como \u201coutro\u201d, mesmo que este seja \u201coutro Esp\u00edrito\u201d: <em>n\u00e3o h\u00e1 plural no Esp\u00edrito!<\/em> H\u00e1 ramifica\u00e7\u00f5es do \u00daNICO! Uma delas \u00e9 o ser que EU SOU; outra, destas  ramifica\u00e7\u00f5es, \u00e9 o ser que VOC\u00ca \u00c9! Volva sua aten\u00e7\u00e3o ao Esp\u00edrito \u00daNICO; a seguir,  perceba que este Esp\u00edrito \u00fanico \u00e9 o mesmo Esp\u00edrito que \u00e9 o seu e o de todos!  Solte-se nesta percep\u00e7\u00e3o da Unidade e Unicidade do Esp\u00edrito; desse modo, estar\u00e1  discernindo unicamente o transcendental, e, al\u00e9m disso, discernindo que nada h\u00e1  al\u00e9m da Verdade, do Amor e da Gl\u00f3ria! O que realmente importa \u00e9 conhecermos a  Verdade, ou seja, que a Vida de Deus \u00e9 a nossa Vida, o Esp\u00edrito de Deus \u00e9 o  nosso Esp\u00edrito, a Mente de\u00a0 Deus \u00e9 a nossa Mente, e o nosso Corpo \u00e9 o Templo de  Deus! O resto, \u00e9 <em>palha.<\/em><\/p>\n<p><\/span><\/strong><\/div>\n<div><strong> <\/strong><\/div>\n<div><strong> <\/strong><\/div>\n<div style=\"text-align: center\"><strong><span style=\"font-family: Arial;color: #008000;font-size: large\">*<\/span><\/strong><\/div>\n","protected":false},"excerpt":{"rendered":"<p>SOMENTE O TRANSCENDENTAL \u00c9 REALIDADE D\u00e1rcio . Por mais que\u00a0a ilus\u00e3o se mostre como sequ\u00eancia\u00a0 intermin\u00e1vel de imagens, o transcendental a elas \u00e9 o que \u00e9 Realidade, imut\u00e1vel e perfeito. Este \u00e9 o desafio a quem estuda a Verdade: contemplar o invis\u00edvel como Exist\u00eancia\u00a0e negar o vis\u00edvel como &#8220;inexist\u00eancia&#8221;. O invis\u00edvel \u00e9 o Eterno; o &hellip; <\/p>\n<p class=\"link-more\"><a href=\"https:\/\/www.fachodeluz.blog.br\/wp\/2010\/08\/06\/somente-o-transcendental-e-realidade\/\" class=\"more-link\">Leia mais<span class=\"screen-reader-text\"> &#8220;SOMENTE O TRANSCENDENTAL \u00c9 REALIDADE&#8221;<\/span><\/a><\/p>\n","protected":false},"author":2,"featured_media":0,"comment_status":"open","ping_status":"open","sticky":false,"template":"","format":"standard","meta":{"nf_dc_page":"","_crdt_document":"","footnotes":""},"categories":[10],"tags":[],"class_list":["post-5479","post","type-post","status-publish","format-standard","hentry","category-darcio-dezolt"],"featured_media_urls":[],"_links":{"self":[{"href":"https:\/\/www.fachodeluz.blog.br\/wp\/wp-json\/wp\/v2\/posts\/5479","targetHints":{"allow":["GET"]}}],"collection":[{"href":"https:\/\/www.fachodeluz.blog.br\/wp\/wp-json\/wp\/v2\/posts"}],"about":[{"href":"https:\/\/www.fachodeluz.blog.br\/wp\/wp-json\/wp\/v2\/types\/post"}],"author":[{"embeddable":true,"href":"https:\/\/www.fachodeluz.blog.br\/wp\/wp-json\/wp\/v2\/users\/2"}],"replies":[{"embeddable":true,"href":"https:\/\/www.fachodeluz.blog.br\/wp\/wp-json\/wp\/v2\/comments?post=5479"}],"version-history":[{"count":0,"href":"https:\/\/www.fachodeluz.blog.br\/wp\/wp-json\/wp\/v2\/posts\/5479\/revisions"}],"wp:attachment":[{"href":"https:\/\/www.fachodeluz.blog.br\/wp\/wp-json\/wp\/v2\/media?parent=5479"}],"wp:term":[{"taxonomy":"category","embeddable":true,"href":"https:\/\/www.fachodeluz.blog.br\/wp\/wp-json\/wp\/v2\/categories?post=5479"},{"taxonomy":"post_tag","embeddable":true,"href":"https:\/\/www.fachodeluz.blog.br\/wp\/wp-json\/wp\/v2\/tags?post=5479"}],"curies":[{"name":"wp","href":"https:\/\/api.w.org\/{rel}","templated":true}]}}