{"id":5496,"date":"2010-08-09T00:03:17","date_gmt":"2010-08-09T03:03:17","guid":{"rendered":"http:\/\/fachodeluz.hostmach.com.br\/wp\/?p=5496"},"modified":"2011-02-13T20:00:47","modified_gmt":"2011-02-13T22:00:47","slug":"encontrando-o-cristo-em-nos-mesmos","status":"publish","type":"post","link":"https:\/\/www.fachodeluz.blog.br\/wp\/2010\/08\/09\/encontrando-o-cristo-em-nos-mesmos\/","title":{"rendered":"ENCONTRANDO O CRISTO EM N\u00d3S MESMOS-2"},"content":{"rendered":"<div style=\"text-align: center;\"><span style=\"font-family: Tahoma; color: #800080; font-size: xx-large;\"><strong> ENCONTRANDO  O CRISTO <\/strong><\/span><\/div>\n<div style=\"text-align: center;\"><span style=\"font-family: Tahoma; color: #800080; font-size: xx-large;\"><strong>EM N\u00d3S  MESMOS<\/strong><\/span><\/div>\n<div style=\"text-align: center;\"><strong><span style=\"font-family: Tahoma; color: #800080;\">H. Emilie  Cady<\/span><\/strong><\/div>\n<div style=\"text-align: center;\"><strong><span style=\"font-family: Tahoma; color: #800080;\">.<\/span><\/strong><\/div>\n<div style=\"text-align: center;\"><strong><span style=\"font-family: Tahoma; color: #800080; font-size: medium;\">PARTE  II<\/span><\/strong><\/div>\n<div style=\"text-align: center;\"><strong><span style=\"font-family: Tahoma; color: #800080;\">.<\/span><\/strong><\/div>\n<div style=\"text-align: justify;\"><span style=\"font-family: Arial;\"><span style=\"font-family: Times New Roman; color: #800080; font-size: large;\"><strong> <\/strong><\/span><\/span><\/div>\n<div style=\"text-align: justify;\"><span style=\"font-family: Arial;\"><span style=\"font-family: Times New Roman; color: #800080; font-size: large;\"><strong> <\/strong><\/span><\/span><\/div>\n<div style=\"text-align: justify;\"><span style=\"font-family: Arial;\"><span style=\"font-family: Times New Roman; color: #800080; font-size: large;\"><strong> <\/strong><\/span><\/span><\/div>\n<div style=\"text-align: justify;\"><span style=\"font-size: large;\"><strong><span style=\"color: #800080;\"><span style=\"font-family: Arial;\">Suponhamos que uma linda fonte seja suprida por um manancial oculto e  inesgot\u00e1vel. Em seu centro est\u00e1 ela cheia de vida, forte, vigorosa e borbulhando  continuamente, com grande atividade; mas em sua superf\u00edcie a \u00e1gua est\u00e1 quase  parada a ponto de se tornar impura e coberta de espuma. Isso representa  exatamente o homem. Ele \u00e9 composto de uma subst\u00e2ncia infinitamente mais sutil,  mais real do que a \u00e1gua. <em>\u201cPorque dele tamb\u00e9m somos gera\u00e7\u00e3o\u201d.<\/em> O homem \u00e9  o descendente \u2013 ou o trazimento \u00e0 visibilidade \u2013 de Deus, o Pai. No fundo ele \u00e9  puro Esp\u00edrito, feito \u00e0 imagem e semelhan\u00e7a de Deus, Subst\u00e2ncia do Pai, um com o  Pai, alimentado e renovado continuamente pelo inexaur\u00edvel Bem, que \u00e9 o Pai.  <em>\u201cNele vivemos, nos movemos e existimos\u201d.<\/em> A superf\u00edcie onde a estagna\u00e7\u00e3o  tem lugar (que \u00e9 o corpo do homem) n\u00e3o h\u00e1 muito que se assemelhe \u00e0 Divindade,  sob qualquer aspecto. Fixamos nossos olhos na periferia ou na parte externa do  nosso ser; perdemos a Consci\u00eancia de Deus, que habita em n\u00f3s, sempre ativa,  imut\u00e1vel em nosso \u00edntimo e por isso vemo-nos doentes, fracos e infelizes. E at\u00e9  que aprendamos a viver no centro e conhecer que temos poder para irradiar paz  desse centro, essa vida incessante e abundante, n\u00e3o estaremos bem e  fortes.<\/p>\n<p>Jesus conservava os Seus olhos longe da exterioridade, e  mantinha os Seus pensamentos voltados para o \u00edntimo do Seu ser, que era o  Cristo. <em>\u201cN\u00e3o julgueis pela apar\u00eancia\u201d,<\/em> disse Ele, isto \u00e9, de acordo com  o exterior, <em>\u201cMAS JULGAI SEGUNDO A RETA JUSTI\u00c7A\u201d,<\/em> de acordo com a  Verdade real ou do Esp\u00edrito. Em Jesus Cristo, a Centelha Interior, que era Deus,  a mesma que vive em cada um de n\u00f3s, hoje, foi exteriorizada para se mostrar  perfeitamente, sobre e acima do corpo, ou homem carnal. Ele operou todas as Suas  poderosas obras n\u00e3o porque Lhe foi dado algum poder maior ou diferente daquele  que Deus nos deu \u2013 n\u00e3o porque Ele era de alguma forma diferente, um  <em>Filho<\/em> de Deus, e n\u00f3s apenas criaturas de Deus \u2013 mas porque essa mesma  Centelha Divina que o Pai implantou em cada nascituro, fora bafejada numa flama  resplandecente, pelas Suas influ\u00eancias pr\u00e9-natais, primeiras ambi\u00eancias e pelos  Seus esfor\u00e7os posteriores em manter-Se em constante e consciente comunh\u00e3o com o  Pai, a Fonte de todo o amor, vida e poder.<\/p>\n<p>Ser tentado n\u00e3o significa que  as coisas lhe advenham e que embora possam afetar os outros em muito, n\u00e3o lhe  afetem de nenhum modo, por causa de alguma superioridade sua. Significa ser  experimentado, sofrer e ter que fazer esfor\u00e7o para resistir. Paulo refere-se a  Jesus como <em>\u201calgu\u00e9m tentado em todas as coisas \u00e0 nossa semelhan\u00e7a\u201d.<\/em> E o  pr\u00f3prio Jesus confessou haver sido tentado quando disse aos seus disc\u00edpulos: &#8211;  <em>\u201cV\u00f3s sois os que tendes permanecido comigo nas minhas tenta\u00e7\u00f5es\u201d<\/em> (Lc.  22: 26). A humanidade do Nazareno \u201csofreu tenta\u00e7\u00e3o\u201d ou experi\u00eancia, do mesmo  modo que voc\u00ea ou eu sofremos hoje, por causa das tenta\u00e7\u00f5es ou sofrimentos e por  igual maneira.<\/p>\n<p>Sabemos que, durante o Seu minist\u00e9rio p\u00fablico Jesus  dedicou horas, em cada dia, a s\u00f3s com Deus; e nenhum de n\u00f3s sabe o que Ele  passou nos anos de Sua pr\u00e9-maturidade \u2013 como voc\u00ea e eu estamos fazendo hoje \u2013  superando o mortal, os Seus desejos carnais, as Suas d\u00favidas e medos, at\u00e9 que  atingiu o perfeito conhecimento dessa \u00edntima Presen\u00e7a, esse \u201cPai em mim\u201d, ao  qual Ele atribuiu a autoria de todos os seus maravilhosos feitos; Ele teve que  aprender como temos de aprender, Ele teve de se manter firme como n\u00f3s o temos de  fazer hoje; Ele teve de tentar muitas e muitas vezes, como n\u00f3s o temos, ou ent\u00e3o  Ele n\u00e3o foi <em>\u201ctentado em todas as coisas \u00e0 nossa  semelhan\u00e7a\u201d.<\/em><\/p>\n<p><\/span><\/span><\/strong><strong> <\/strong><\/p>\n<p><\/span><\/div>\n<div style=\"text-align: right;\"><span style=\"font-family: Arial; font-size: x-small;\"><span style=\"font-family: Times New Roman;\"><span style=\"font-family: Arial; color: #800080; font-size: small;\"><strong>Continua..&gt;<\/strong><\/span><\/span><\/span><\/div>\n<div><span style=\"font-family: Arial; font-size: x-small;\"><span style=\"font-family: Times New Roman;\"><br \/>\n<span style=\"font-size: small;\"> <\/span><\/span><br \/>\n<\/span><\/div>\n<p>?<\/p>\n","protected":false},"excerpt":{"rendered":"<p>ENCONTRANDO O CRISTO EM N\u00d3S MESMOS H. Emilie Cady . PARTE II . Suponhamos que uma linda fonte seja suprida por um manancial oculto e inesgot\u00e1vel. Em seu centro est\u00e1 ela cheia de vida, forte, vigorosa e borbulhando continuamente, com grande atividade; mas em sua superf\u00edcie a \u00e1gua est\u00e1 quase parada a ponto de se &hellip; <\/p>\n<p class=\"link-more\"><a href=\"https:\/\/www.fachodeluz.blog.br\/wp\/2010\/08\/09\/encontrando-o-cristo-em-nos-mesmos\/\" class=\"more-link\">Leia mais<span class=\"screen-reader-text\"> &#8220;ENCONTRANDO O CRISTO EM N\u00d3S MESMOS-2&#8221;<\/span><\/a><\/p>\n","protected":false},"author":2,"featured_media":0,"comment_status":"open","ping_status":"closed","sticky":false,"template":"","format":"standard","meta":{"nf_dc_page":"","_crdt_document":"","footnotes":""},"categories":[5],"tags":[],"class_list":["post-5496","post","type-post","status-publish","format-standard","hentry","category-dividida-por-autores"],"featured_media_urls":[],"_links":{"self":[{"href":"https:\/\/www.fachodeluz.blog.br\/wp\/wp-json\/wp\/v2\/posts\/5496","targetHints":{"allow":["GET"]}}],"collection":[{"href":"https:\/\/www.fachodeluz.blog.br\/wp\/wp-json\/wp\/v2\/posts"}],"about":[{"href":"https:\/\/www.fachodeluz.blog.br\/wp\/wp-json\/wp\/v2\/types\/post"}],"author":[{"embeddable":true,"href":"https:\/\/www.fachodeluz.blog.br\/wp\/wp-json\/wp\/v2\/users\/2"}],"replies":[{"embeddable":true,"href":"https:\/\/www.fachodeluz.blog.br\/wp\/wp-json\/wp\/v2\/comments?post=5496"}],"version-history":[{"count":0,"href":"https:\/\/www.fachodeluz.blog.br\/wp\/wp-json\/wp\/v2\/posts\/5496\/revisions"}],"wp:attachment":[{"href":"https:\/\/www.fachodeluz.blog.br\/wp\/wp-json\/wp\/v2\/media?parent=5496"}],"wp:term":[{"taxonomy":"category","embeddable":true,"href":"https:\/\/www.fachodeluz.blog.br\/wp\/wp-json\/wp\/v2\/categories?post=5496"},{"taxonomy":"post_tag","embeddable":true,"href":"https:\/\/www.fachodeluz.blog.br\/wp\/wp-json\/wp\/v2\/tags?post=5496"}],"curies":[{"name":"wp","href":"https:\/\/api.w.org\/{rel}","templated":true}]}}