{"id":5567,"date":"2010-08-19T11:33:08","date_gmt":"2010-08-19T14:33:08","guid":{"rendered":"http:\/\/fachodeluz.hostmach.com.br\/wp\/?p=5567"},"modified":"2010-08-19T11:33:08","modified_gmt":"2010-08-19T14:33:08","slug":"a-ilusao-se-mostra-como-%e2%80%9cpoliticos%e2%80%9d","status":"publish","type":"post","link":"https:\/\/www.fachodeluz.blog.br\/wp\/2010\/08\/19\/a-ilusao-se-mostra-como-%e2%80%9cpoliticos%e2%80%9d\/","title":{"rendered":"A ILUS\u00c3O SE MOSTRA COMO \u201cPOL\u00cdTICOS\u201d"},"content":{"rendered":"<div style=\"text-align: center\"><span style=\"font-family: Splash;color: #000080;font-size: xx-large\"><strong>A ILUS\u00c3O <\/strong><\/span><\/div>\n<div style=\"text-align: center\"><span style=\"font-family: Tahoma;font-size: large\"><strong><span style=\"color: #000080\"><span style=\"font-family: Splash;font-size: xx-large\">SE MOSTRA COMO  \u201cPOL\u00cdTICOS\u201d<br \/>\n<\/span>D\u00e1rcio<\/span><\/strong><\/span><\/div>\n<div style=\"text-align: center\"><span style=\"font-family: Tahoma;font-size: large\"><strong><span style=\"color: #000080\"><span style=\"font-size: small\">*<\/span><br \/>\n<\/span><\/strong><\/span><\/div>\n<div style=\"text-align: justify\"><span style=\"font-family: Tahoma;color: #000080;font-size: large\"><strong> <\/strong><\/span><\/div>\n<div style=\"text-align: justify\"><span style=\"color: #000080\"><span style=\"font-family: Tahoma;font-size: large\"><strong>Quem  estiver familiarizado com os ensinamentos de <em>O Caminho Infinito<\/em> j\u00e1 ter\u00e1 lido, por  in\u00fameras vezes, Goldsmith escrever que a \u201cilus\u00e3o \u00e9 impessoal&#8221;, muito embora  apare\u00e7a como &#8220;pessoa\u201d. A <em>Ci\u00eancia Crist\u00e3 <\/em>j\u00e1 revelava esta Verdade, que foi enfaticamente pregada por Goldsmith. Mesmo assim, muita gente continua \u201ccaindo  no trote\u201d e julgando &#8220;filhos de Deus&#8221; segundo as falsas ou mentirosas <em>apar\u00eancias<\/em> humanas.<\/strong><\/p>\n<p><strong>Em  \u00e9pocas de elei\u00e7\u00e3o, uma enxurrada de e-mails sobre pol\u00edticos entulha a caixa de  mensagens de todo mundo! Quem estuda a Verdade deve aproveitar e aplicar os  princ\u00edpios estudados! Em primeiro lugar, unicamente DEUS governa a Realidade  infinita! Pol\u00edtico algum, humanamente considerado, tem qualquer poder! Em  segundo lugar, cada um deve saber que este Deus \u00e9 a sua identidade pr\u00f3pria e  tamb\u00e9m a de TODOS os pol\u00edticos! Caso contr\u00e1rio, o \u201cestudo da Verdade\u201d , que parte de <em>DEUS SENDO TUDO,<\/em> ser\u00e1  completamente sem sentido! A ILUS\u00c3O SE MOSTRA COMO PESSOA! Ou seja, a PESSOA n\u00e3o  \u00e9 realmente pessoa alguma,\u00a0 mas unicamente a ILUS\u00c3O EM SI! Cuide de reconhecer esta  Verdade, vendo Deus sendo sua pr\u00f3pria IDENTIDADE, dotada da Vis\u00e3o cr\u00edstica que A  NINGU\u00c9M \u201cjulga pela carne\u201d.<\/strong><\/p>\n<p><strong>Esta atitude dentro da Verdade se refletir\u00e1  automaticamente como \u201csombra\u201d neste mundo vis\u00edvel, isto \u00e9, sem diretos julgamentos pelas  apar\u00eancias, seremos inspirados e motivados a agir de forma a fazer as melhores  escolhas, sejam elas em elei\u00e7\u00f5es ou\u00a0 em quaisquer setores de nossa  vida! Como disse Jesus, buscando em PRIMEIRO LUGAR o Reino de Deus, ou seja, a nossa  Consci\u00eancia iluminada, as demais coisas nos ser\u00e3o \u201cvindas de acr\u00e9scimo\u201d. Dentre  elas, a <em>sabedoria<\/em> para separarmos \u201cjoio\u201d de \u201ctrigo\u201d e sabermos o que  elogiar, criticar, repudiar ou indicar, ao lidarmos com este suposto mundinho de  apar\u00eancias! Mas numa a\u00e7\u00e3o sem v\u00edncular pessoas com a ILUS\u00c3O! Portanto, antes de mais nada,  IMPERSONALIZE A ILUS\u00c3O; observe com clareza que ELA SE MOSTRA COMO PESSOA.  Contemple DEUS sendo a real identidade de todos os pol\u00edticos, e deixe a  inspira\u00e7\u00e3o fluir harmoniosamente\u00a0em suas decis\u00f5es, <em><span style=\"font-family: Arial Black\">sem\u00a0 deixar que sua mente fique presa a apar\u00eancias de \u201cpol\u00edticos  corruptos\u201d,<\/span> o que somente o deixaria em SINTONIA COM CORRUP\u00c7\u00c3O! <\/em>Quem  estuda a Verdade \u00e9 sint\u00f4nico com DEUS, com a VERDADE, com o <em><span style=\"font-family: Arial Black\">BEM ABSOLUTO E ONIPRESENTE!<\/span><\/em><\/strong><\/p>\n<p><\/span><span style=\"font-family: Arial Black\"> <\/span><\/span><\/div>\n<div style=\"text-align: justify\"><strong> <\/strong><\/div>\n<p><span style=\"font-family: Tahoma;font-size: large\"> <\/span><\/p>\n<div style=\"text-align: center\"><span style=\"font-family: Tahoma;font-size: large\"><br \/>\n<strong><span style=\"color: #000080\">*<\/span><\/strong><\/span><\/div>\n","protected":false},"excerpt":{"rendered":"<p>A ILUS\u00c3O SE MOSTRA COMO \u201cPOL\u00cdTICOS\u201d D\u00e1rcio * Quem estiver familiarizado com os ensinamentos de O Caminho Infinito j\u00e1 ter\u00e1 lido, por in\u00fameras vezes, Goldsmith escrever que a \u201cilus\u00e3o \u00e9 impessoal&#8221;, muito embora apare\u00e7a como &#8220;pessoa\u201d. A Ci\u00eancia Crist\u00e3 j\u00e1 revelava esta Verdade, que foi enfaticamente pregada por Goldsmith. Mesmo assim, muita gente continua \u201ccaindo &hellip; <\/p>\n<p class=\"link-more\"><a href=\"https:\/\/www.fachodeluz.blog.br\/wp\/2010\/08\/19\/a-ilusao-se-mostra-como-%e2%80%9cpoliticos%e2%80%9d\/\" class=\"more-link\">Leia mais<span class=\"screen-reader-text\"> &#8220;A ILUS\u00c3O SE MOSTRA COMO \u201cPOL\u00cdTICOS\u201d&#8221;<\/span><\/a><\/p>\n","protected":false},"author":2,"featured_media":0,"comment_status":"open","ping_status":"open","sticky":false,"template":"","format":"standard","meta":{"nf_dc_page":"","_crdt_document":"","footnotes":""},"categories":[10],"tags":[],"class_list":["post-5567","post","type-post","status-publish","format-standard","hentry","category-darcio-dezolt"],"featured_media_urls":[],"_links":{"self":[{"href":"https:\/\/www.fachodeluz.blog.br\/wp\/wp-json\/wp\/v2\/posts\/5567","targetHints":{"allow":["GET"]}}],"collection":[{"href":"https:\/\/www.fachodeluz.blog.br\/wp\/wp-json\/wp\/v2\/posts"}],"about":[{"href":"https:\/\/www.fachodeluz.blog.br\/wp\/wp-json\/wp\/v2\/types\/post"}],"author":[{"embeddable":true,"href":"https:\/\/www.fachodeluz.blog.br\/wp\/wp-json\/wp\/v2\/users\/2"}],"replies":[{"embeddable":true,"href":"https:\/\/www.fachodeluz.blog.br\/wp\/wp-json\/wp\/v2\/comments?post=5567"}],"version-history":[{"count":0,"href":"https:\/\/www.fachodeluz.blog.br\/wp\/wp-json\/wp\/v2\/posts\/5567\/revisions"}],"wp:attachment":[{"href":"https:\/\/www.fachodeluz.blog.br\/wp\/wp-json\/wp\/v2\/media?parent=5567"}],"wp:term":[{"taxonomy":"category","embeddable":true,"href":"https:\/\/www.fachodeluz.blog.br\/wp\/wp-json\/wp\/v2\/categories?post=5567"},{"taxonomy":"post_tag","embeddable":true,"href":"https:\/\/www.fachodeluz.blog.br\/wp\/wp-json\/wp\/v2\/tags?post=5567"}],"curies":[{"name":"wp","href":"https:\/\/api.w.org\/{rel}","templated":true}]}}