{"id":5627,"date":"2010-08-31T12:35:28","date_gmt":"2010-08-31T15:35:28","guid":{"rendered":"http:\/\/fachodeluz.hostmach.com.br\/wp\/?p=5627"},"modified":"2010-08-31T12:35:28","modified_gmt":"2010-08-31T15:35:28","slug":"livros-palestras-embromacao","status":"publish","type":"post","link":"https:\/\/www.fachodeluz.blog.br\/wp\/2010\/08\/31\/livros-palestras-embromacao\/","title":{"rendered":"LIVROS, PALESTRAS, EMBROMA\u00c7\u00c3O"},"content":{"rendered":"<div style=\"text-align: center\"><span style=\"font-family: Calligraphic;color: #0000ff;font-size: xx-large\">LIVROS, <\/span><\/div>\n<div style=\"text-align: center\"><span style=\"color: #0000ff\"><span style=\"font-family: Calligraphic;font-size: xx-large\">PALESTRAS,  EMBROMA\u00c7\u00c3O<br \/>\n<\/span><span style=\"font-size: medium\"><strong>D\u00c1RCIO<\/strong><\/span><\/span><\/div>\n<div style=\"text-align: center\"><span style=\"color: #0000ff\">.<\/p>\n<p><\/span><\/div>\n<div style=\"text-align: justify\"><span style=\"color: #0000ff\"> <\/span><span style=\"font-family: Arial;color: #0000ff;font-size: large\"><strong>\u201cVoc\u00ea fazia palestras? Por que n\u00e3o faz mais?\u201d, \u201cVoc\u00ea n\u00e3o acha  que, tendo todo esse conhecimento,\u00a0 deveria estar fazendo mais palestras?\u201d, \u201cVoc\u00ea  sabe se saiu\u00a0algum livro novo do Goldsmith?&#8221;, &#8220;Saiu mais algum livro seu?&#8221; \u00a0\u00a0Se, em vez  de a mente estar presa a tais quest\u00f5es, ela estivesse voltada para o interior de  cada um, e com outra pergunta ali sendo formulada: \u201cQue sou EU?\u201d, a Verdade  realmente estaria sendo \u201cestudada\u201d\u00a0e conhecida, se a pessoa se dedicasse por  receber a resposta diretamente de sua pr\u00f3pria Consci\u00eancia, que \u00e9 Deus.<\/strong><\/p>\n<p><strong>O  mundo vis\u00edvel n\u00e3o tem realidade! Nenhuma de suas &#8220;brilhantes\u00a0respostas&#8221; trar\u00e1 o  conhecimento da Verdade a algu\u00e9m! <em>\u201cSe eu n\u00e3o for, o Consolador n\u00e3o vir\u00e1 a  v\u00f3s\u201d,<\/em> disse Jesus, explicando que unicamente por uma REVELA\u00c7\u00c3O a Verdade  poder\u00e1 ser discernida.<\/strong><\/p>\n<p><strong>Quando a Verdade \u00e9 revelada, aparece, no suposto  mundo de apar\u00eancias, o \u201creflexo\u201d ou \u201csombra\u201d, pois \u201ceste mundo\u201d \u00e9 manifesta\u00e7\u00e3o  da mente humana e, a Verdade quando Se revela, tira nosso envolvimento com a  i<em>lus\u00e3o<\/em> e, aparentemente, altera a suposta mente humana para \u201cdeix\u00e1-la em  sintonia\u201d com \u201caquilo que <em><strong>\u00c9\u201d.<\/strong><\/em> O mundo d\u00e1 a isso o nome de \u201ccura espiritual\u201d,  mas, de fato, \u00e9 mera altera\u00e7\u00e3o do quadro hipn\u00f3tico, de\u00a0desarm\u00f4nico para  harm\u00f4nico, um quadro mais condizente com o que realmente existe, o Reino de Deus, e  que, por Se revelar, faz dissolver as distor\u00e7\u00f5es mentais humanas. Como explicam  os diversos textos e autores, o Universo \u00daNICO \u00e9 Deus! Toda express\u00e3o mut\u00e1vel e  vis\u00edvel \u00e9 mera apar\u00eancia, um fen\u00f4meno ilus\u00f3rio, uma \u201csombra temporal\u201d de um Algo  que \u00e9 eterno.<\/strong><\/p>\n<p><strong>Se algu\u00e9m moldar uma esfera, usando massa de modelar,\u00a0  estar\u00e1 criando uma esfera e n\u00e3o a sua sombra; por\u00e9m,\u00a0a \u201csombra\u201d, a partir de  ent\u00e3o, poder\u00e1 aparecer, desde que existam a esfera e as condi\u00e7\u00f5es de forma\u00e7\u00e3o  desta sombra. Dizer que Deus criou \u201cmundo material\u201d seria acreditar que a  pessoa, ao modelar a esfera, intentava criar tamb\u00e9m a sombra dela!\u00a0 N\u00e3o \u00e9  verdade!\u00a0 O que Deus \u00c9, \u00e9 unicamente a Realidade presente! &#8220;Deus \u00e9 Luz&#8221;, diz a  B\u00edblia. Se, em vista de haver a Verdade, a \u201cilus\u00e3o\u201d aparenta existir, cabe, a  quem estuda a Verdade, reconhecer\u00a0 unicamente o REAL, sem se prender \u00e0s sombras,  simples miragens que nunca fizeram parte da Mente divina ou do Conhecimento  divino! Deus Se expressa como Esp\u00edrito! Esta \u00e9, portanto,\u00a0a Realidade\u00a0SUA,  MINHA, \u00a0a Realidade de tudo e de todos ao mesmo tempo, ou seja, AGORA! Se algu\u00e9m  acreditar em &#8220;progresso espiritual&#8221;, evolu\u00e7\u00e3o, mudan\u00e7as, etc, estar\u00e1 olhando a  \u201csombra\u201d, e deixando de ver exclusivamente o que de fato tem Realidade. Seria  algu\u00e9m, perto da &#8220;esfera de massa de modelar&#8221;, de olhos voltados para suas  sombras em muta\u00e7\u00e3o, sem se dar conta da presen\u00e7a imut\u00e1vel da pr\u00f3pria  esfera!<\/strong><\/p>\n<p><strong>Os livros, as palestras, este site, \u00a0e todos os demais recursos  did\u00e1ticos e\u00a0dispon\u00edveis para o \u201cestudo da Verdade\u201d podem e devem ser utilizados,  mas\u00a0 unicamente como \u201csetas\u201d, e isto quando realmente n\u00e3o contiverem mais  cren\u00e7as falsas ou mais sombras, por considerar os\u00a0leitores ou ouvintes como  \u201calgu\u00e9m na apar\u00eancia\u201d, e n\u00e3o como <em><span style=\"font-family: Arial Black\">a pr\u00f3pria express\u00e3o  de Deus.<\/span><\/em> Assim como jamais a \u201cesfera de massa de modelar\u201d entra ou sai de  sua sombra, <em><span style=\"font-family: Arial Black\">jamais o Eu que somos entra ou sai de mundo  material ou de \u201cilus\u00e3o\u201d.<\/span><\/em> Se voc\u00ea empregar palestras,\u00a0 livros\u00a0 e as mensagens postadas como  lembretes do que deve fazer, para realmente vivenciar ou experienciar, aqui e  agora, a Verdade que VOC\u00ca J\u00c1 \u00c9, eles estar\u00e3o realmente lhe sendo \u00fateis. Por\u00e9m,  se estiver acreditando que a <em>mente humana<\/em> \u201caprende \u00a0a Verdade\u201d\u00a0 com  eles, voc\u00ea entrar\u00e1 numa embroma\u00e7\u00e3o sem fim! <em><span style=\"font-family: Arial Black\">VOC\u00ca J\u00c1 \u00c9 O  APRENDIZADO\u00a0CONSUMADO\u00a0, O MESTRE E A PR\u00d3PRIA VERDADE!<\/span><\/em> Palestras,\u00a0 livros e mensagens  somente s\u00e3o \u201clembretes\u201d, e no sentido imediato de que voc\u00ea pare, radicalmente,  de se identificar com \u201cmente humana\u201d, que \u00e9 ILUS\u00d3RIA,\u00a0 para se contemplar\u00a0como  j\u00e1 sendo o\u00a0 <span style=\"font-family: Arial Black\">\u201cEu Sou Onisci\u00eancia\u201d,<\/span> que \u00e9 a Mente  divina, a Mente de Cristo, sendo eternamente\u00a0 a SUA.<\/strong><\/p>\n<p><strong>N\u00e3o se iluda com  autores, livros ou palestras! N\u00e3o se iluda com nada deste ilus\u00f3rio mundo de cren\u00e7as  hipn\u00f3ticas!\u00a0 Use-os meramente como \u201clembretes\u201d que o levem\u00a0 imediatamente a  descartar a cren\u00e7a em \u201chumano em aprendizado\u201d para, de \u201cum salto s\u00f3\u201d, poder se\u00a0  aceitar e se ver como a Onisci\u00eancia manifesta como seu EU. Dessa forma, tudo  aquilo que lhe for necess\u00e1rio saber, fluir\u00e1 espontaneamente \u00e0 sua percep\u00e7\u00e3o de  cada instante! <\/strong><\/p>\n<p><\/span><\/div>\n<div><strong> <\/strong><\/div>\n<div style=\"text-align: center\"><strong><span style=\"font-family: Arial;color: #0000ff;font-size: large\">*<\/span><\/strong><\/div>\n","protected":false},"excerpt":{"rendered":"<p>LIVROS, PALESTRAS, EMBROMA\u00c7\u00c3O D\u00c1RCIO . \u201cVoc\u00ea fazia palestras? Por que n\u00e3o faz mais?\u201d, \u201cVoc\u00ea n\u00e3o acha que, tendo todo esse conhecimento,\u00a0 deveria estar fazendo mais palestras?\u201d, \u201cVoc\u00ea sabe se saiu\u00a0algum livro novo do Goldsmith?&#8221;, &#8220;Saiu mais algum livro seu?&#8221; \u00a0\u00a0Se, em vez de a mente estar presa a tais quest\u00f5es, ela estivesse voltada para o &hellip; <\/p>\n<p class=\"link-more\"><a href=\"https:\/\/www.fachodeluz.blog.br\/wp\/2010\/08\/31\/livros-palestras-embromacao\/\" class=\"more-link\">Leia mais<span class=\"screen-reader-text\"> &#8220;LIVROS, PALESTRAS, EMBROMA\u00c7\u00c3O&#8221;<\/span><\/a><\/p>\n","protected":false},"author":2,"featured_media":0,"comment_status":"open","ping_status":"open","sticky":false,"template":"","format":"standard","meta":{"nf_dc_page":"","_crdt_document":"","footnotes":""},"categories":[10],"tags":[],"class_list":["post-5627","post","type-post","status-publish","format-standard","hentry","category-darcio-dezolt"],"featured_media_urls":[],"_links":{"self":[{"href":"https:\/\/www.fachodeluz.blog.br\/wp\/wp-json\/wp\/v2\/posts\/5627","targetHints":{"allow":["GET"]}}],"collection":[{"href":"https:\/\/www.fachodeluz.blog.br\/wp\/wp-json\/wp\/v2\/posts"}],"about":[{"href":"https:\/\/www.fachodeluz.blog.br\/wp\/wp-json\/wp\/v2\/types\/post"}],"author":[{"embeddable":true,"href":"https:\/\/www.fachodeluz.blog.br\/wp\/wp-json\/wp\/v2\/users\/2"}],"replies":[{"embeddable":true,"href":"https:\/\/www.fachodeluz.blog.br\/wp\/wp-json\/wp\/v2\/comments?post=5627"}],"version-history":[{"count":0,"href":"https:\/\/www.fachodeluz.blog.br\/wp\/wp-json\/wp\/v2\/posts\/5627\/revisions"}],"wp:attachment":[{"href":"https:\/\/www.fachodeluz.blog.br\/wp\/wp-json\/wp\/v2\/media?parent=5627"}],"wp:term":[{"taxonomy":"category","embeddable":true,"href":"https:\/\/www.fachodeluz.blog.br\/wp\/wp-json\/wp\/v2\/categories?post=5627"},{"taxonomy":"post_tag","embeddable":true,"href":"https:\/\/www.fachodeluz.blog.br\/wp\/wp-json\/wp\/v2\/tags?post=5627"}],"curies":[{"name":"wp","href":"https:\/\/api.w.org\/{rel}","templated":true}]}}