{"id":5663,"date":"2010-09-07T10:55:57","date_gmt":"2010-09-07T13:55:57","guid":{"rendered":"http:\/\/fachodeluz.hostmach.com.br\/wp\/?p=5663"},"modified":"2010-09-07T10:55:57","modified_gmt":"2010-09-07T13:55:57","slug":"consciente-subconsciente-e-superconsciente","status":"publish","type":"post","link":"https:\/\/www.fachodeluz.blog.br\/wp\/2010\/09\/07\/consciente-subconsciente-e-superconsciente\/","title":{"rendered":"CONSCIENTE, SUBCONSCIENTE E SUPERCONSCIENTE"},"content":{"rendered":"<div style=\"text-align: center\"><strong><span style=\"font-family: Splash;color: #800080;font-size: xx-large\">CONSCIENTE,<br \/>\nSUBCONSCIENTE <\/span><\/strong><\/div>\n<div style=\"text-align: center\"><span style=\"font-family: Splash;color: #800080;font-size: xx-large\"><strong>E  SUPERCONSCIENTE<br \/>\n<\/strong><\/span><span style=\"color: #800080\"><span style=\"font-size: medium\"><strong>D\u00e1rcio<br \/>\n<\/strong><\/span><\/p>\n<p><\/span><\/div>\n<div style=\"text-align: justify\"><span style=\"font-family: Arial;color: #800080;font-size: large\"><strong>Didaticamente,  podemos entender a &#8220;percep\u00e7\u00e3o&#8221; como constitu\u00edda de tr\u00eas partes: a mente humana  consciente, a mente humana subconsciente e a mente superconsciente, que \u00e9 de  natureza real e divina. Aquele que agora l\u00ea estas linhas, usa a mente consciente  humana; ao armazenar o lido, ocupa a mente subconsciente humana, onde\u00a0se  registram todas as cren\u00e7as dualistas e ilus\u00f3rias da suposta \u201chist\u00f3ria da  humanidade\u201d; e, enquanto se d\u00e1 este processo ilus\u00f3rio, cada um permanentemente  j\u00e1 est\u00e1 sob a jurisdi\u00e7\u00e3o da \u201csuperconsci\u00eancia\u201d, ou seja, da Mente iluminada ou  cr\u00edstica que, de fato, \u00e9 a Mente perfeita e absoluta\u00a0de todos n\u00f3s.<\/strong><\/p>\n<p><strong>H\u00e1  v\u00e1rios ensinamentos m\u00edsticos<em> <\/em> que n\u00e3o  veem benef\u00edcios em utilizarmos os conhecimentos da Ci\u00eancia Mental sobre o consciente e subconsciente  humanos, tendo em vista\u00a0ser a Verdade\u00a0 unicamente a onipresen\u00e7a expressa\u00a0da  Mente divina. Tenho repetidamente alertado a esse respeito. Quem despreza estes  conhecimentos est\u00e1, mesmo que n\u00e3o o admita, acreditando\u00a0em mente humana! E, em  vista disso, por estar acreditando em mente humana, evita de usar conhecimentos  que a anulariam, por faz\u00ea-la se amoldar \u00e0 Mente divina! <em><span style=\"font-family: Arial Black\">Por mais que estudemos a Verdade absoluta, enquanto  estivermos aparentemente vivendo uma \u201cvida humana\u201d, estaremos inevitavelmente  \u201cusando mente humana\u201d.<\/span><\/em> Se um vizinho seu lhe perguntar o nome de seu  pai, voc\u00ea responder\u00e1 que \u00e9 Deus? O radicalismo do estudo pode\u00a0 e deve ser levado  em conta em nossas contempla\u00e7\u00f5es, durante a \u201cPr\u00e1tica do Sil\u00eancio\u201d; entretanto,  nem Jesus Cristo p\u00f4de se manter cem por cento nesta percep\u00e7\u00e3o absoluta, quando  em meio aos fariseus ou descrentes de seu tempo.<\/strong><\/p>\n<p><strong>O estudo correto da  Verdade, no meu entender, \u00e9 aquele em que radicalmente reconhecemos que DEUS \u00c9  TUDO, que TUDO \u00c9 DEUS, e, al\u00e9m de contemplarmos esta Verdade durante as  medita\u00e7\u00f5es absolutas, tamb\u00e9m as endossamos com a suposta mente humana.  Exemplificando, se algu\u00e9m estiver iludido pela cren\u00e7a em doen\u00e7a, ir\u00e1 afirmar: EU  SOU A SA\u00daDE INFINITA (consciente humano); com isso, estar\u00e1 reprogramando sua a  cren\u00e7a anterior (subconsciente humano),\u00a0 por admitir SENTIR-SE SAUD\u00c1VEL! \u00c9 \u00f3bvio  que este processo \u00e9 ilus\u00f3rio!\u00a0Mera troca de cren\u00e7as, uma vez que Deus \u00e9 o seu  Ser individual, j\u00e1 perfeito e que dispensa recursos mentais humanos; por\u00e9m, voc\u00ea  n\u00e3o poder\u00e1 ficar em medita\u00e7\u00e3o 24h\/dia reconhecendo esta Verdade! A Ci\u00eancia Mental  far\u00e1 isso por voc\u00ea! Com ela, a aceita\u00e7\u00e3o de problema ser\u00e1 trocada pela aceita\u00e7\u00e3o  da Verdade, humanamente falando, e com as \u00a0cren\u00e7as estando\u00a0amoldadas \u00e0 Verdade,  o &#8220;mundo das apar\u00eancias&#8221;, por ser &#8220;sombra da mente humana&#8221;, lhe aparecer\u00e1 cada  vez mais condizente com a Verdade transcendental. Por isso, jamais repudie este  mecanismo por acha-lo in\u00fatil!<\/strong><\/p>\n<p><strong>DEUS \u00c9 TUDO, TUDO \u00c9 DEUS! Usar os  conhecimentos da Ci\u00eancia Mental n\u00e3o significa descrer da Verdade Absoluta! Pelo  contr\u00e1rio, \u00e9 um endosso consciente que fazemos daquela Verdade! Afirme sua  sa\u00fade, sinta-se saud\u00e1vel, endosse a Verdade com a mente e deixe Deus endoss\u00e1-la  por revela\u00e7\u00e3o! Afirme sua riqueza da mesma maneira! Sua harmonia, sua paz, sua  plenitude! N\u00e3o despreze nenhum dos recursos! Repetindo: quem se desfaz dos  benef\u00edcios da Ci\u00eancia Mental est\u00e1 acreditando em exist\u00eancia da \u201cmente humana\u201d,  mesmo que diga o contr\u00e1rio! Voc\u00ea somente poder\u00e1 se desfazer de algo se acreditar  que ele existe! Alguma vez voc\u00ea quis se desfazer de seu terreno em  Marte?<\/strong><\/p>\n<p><strong>Os artigos em linguajar absoluto, como s\u00e3o a maioria dos que eu  coloco neste site, \u00a0s\u00e3o escritos basicamente\u00a0para serem utilizados em nossos  per\u00edodos contemplativos, quando podemos realmente reconhecer a Verdade Absoluta  sem os envolvimentos com &#8220;este mundo&#8221;; j\u00e1 a inclus\u00e3o da Ci\u00eancia Mental visa a  manter o &#8220;efeito contemplativo&#8221; enquanto aparentemente lidamos com o &#8220;mundo de  apar\u00eancias&#8221;. A suposta mente humana, de fato, \u00e9 nada! E isso ser\u00e1 muito mais  facilmente demonstrado se, em vez de ignor\u00e1-la\u00a0por deixa-la\u00a0como se encontra,  nas cren\u00e7as de problemas e imperfei\u00e7\u00f5es, voc\u00ea a colocar, consciente e  subconscientemente, alinhada com a Mente da Verdade, o que \u00e9 feito atrav\u00e9s da  Ci\u00eancia Mental. Se, em Deus, VOC\u00ca \u00c9 SAUD\u00c1VEL , afirme esta Verdade e sinta-a  como verdadeira, aqui e agora! N\u00e3o fa\u00e7a medita\u00e7\u00f5es absolutas para, logo ao sair  delas, voltar \u00e0\u00a0antiga mente humana que acredita em doen\u00e7as e em imperfei\u00e7\u00f5es  unicamente por ter, VOC\u00ca, \u00a0deixado de nela trabalhar para faz\u00ea-la endossar o que  \u00e9 verdadeiro, tanto com endosso consciente\u00a0como subconsciente! Trabalhe na  suposta mente humana e, depois, entenda espiritualmente \u00a0que \u201co Pai faz as  obras\u201d. Dessa forma, voc\u00ea estar\u00e1 se alinhando totalmente com a Verdade, e isso  se mostrar\u00e1 manifestado tamb\u00e9m no seu suposto &#8220;mundinho de apar\u00eancias&#8221;, ou seja,  <em>&#8220;ser\u00e1 feita a Vossa vontade, assim na terra como no  c\u00e9u&#8221;.<\/em><\/strong><\/p>\n<p><\/span><\/div>\n<div><strong><em> <\/em><\/strong><\/div>\n<div style=\"text-align: center\"><strong><em><span style=\"font-family: Arial;color: #800080;font-size: large\">*<\/span><\/em><\/strong><\/div>\n","protected":false},"excerpt":{"rendered":"<p>CONSCIENTE, SUBCONSCIENTE E SUPERCONSCIENTE D\u00e1rcio Didaticamente, podemos entender a &#8220;percep\u00e7\u00e3o&#8221; como constitu\u00edda de tr\u00eas partes: a mente humana consciente, a mente humana subconsciente e a mente superconsciente, que \u00e9 de natureza real e divina. Aquele que agora l\u00ea estas linhas, usa a mente consciente humana; ao armazenar o lido, ocupa a mente subconsciente humana, onde\u00a0se &hellip; <\/p>\n<p class=\"link-more\"><a href=\"https:\/\/www.fachodeluz.blog.br\/wp\/2010\/09\/07\/consciente-subconsciente-e-superconsciente\/\" class=\"more-link\">Leia mais<span class=\"screen-reader-text\"> &#8220;CONSCIENTE, SUBCONSCIENTE E SUPERCONSCIENTE&#8221;<\/span><\/a><\/p>\n","protected":false},"author":2,"featured_media":0,"comment_status":"open","ping_status":"open","sticky":false,"template":"","format":"standard","meta":{"nf_dc_page":"","_crdt_document":"","footnotes":""},"categories":[10],"tags":[],"class_list":["post-5663","post","type-post","status-publish","format-standard","hentry","category-darcio-dezolt"],"featured_media_urls":[],"_links":{"self":[{"href":"https:\/\/www.fachodeluz.blog.br\/wp\/wp-json\/wp\/v2\/posts\/5663","targetHints":{"allow":["GET"]}}],"collection":[{"href":"https:\/\/www.fachodeluz.blog.br\/wp\/wp-json\/wp\/v2\/posts"}],"about":[{"href":"https:\/\/www.fachodeluz.blog.br\/wp\/wp-json\/wp\/v2\/types\/post"}],"author":[{"embeddable":true,"href":"https:\/\/www.fachodeluz.blog.br\/wp\/wp-json\/wp\/v2\/users\/2"}],"replies":[{"embeddable":true,"href":"https:\/\/www.fachodeluz.blog.br\/wp\/wp-json\/wp\/v2\/comments?post=5663"}],"version-history":[{"count":0,"href":"https:\/\/www.fachodeluz.blog.br\/wp\/wp-json\/wp\/v2\/posts\/5663\/revisions"}],"wp:attachment":[{"href":"https:\/\/www.fachodeluz.blog.br\/wp\/wp-json\/wp\/v2\/media?parent=5663"}],"wp:term":[{"taxonomy":"category","embeddable":true,"href":"https:\/\/www.fachodeluz.blog.br\/wp\/wp-json\/wp\/v2\/categories?post=5663"},{"taxonomy":"post_tag","embeddable":true,"href":"https:\/\/www.fachodeluz.blog.br\/wp\/wp-json\/wp\/v2\/tags?post=5663"}],"curies":[{"name":"wp","href":"https:\/\/api.w.org\/{rel}","templated":true}]}}