{"id":5698,"date":"2010-09-15T01:17:44","date_gmt":"2010-09-15T04:17:44","guid":{"rendered":"http:\/\/fachodeluz.hostmach.com.br\/wp\/?p=5698"},"modified":"2010-09-15T01:17:44","modified_gmt":"2010-09-15T04:17:44","slug":"ilusao-de-nascimento","status":"publish","type":"post","link":"https:\/\/www.fachodeluz.blog.br\/wp\/2010\/09\/15\/ilusao-de-nascimento\/","title":{"rendered":"ILUS\u00c3O DE NASCIMENTO"},"content":{"rendered":"<div style=\"text-align: center\"><span style=\"color: #800080;font-size: xx-large\"><strong>ILUS\u00c3O <\/strong><\/span><\/div>\n<div style=\"text-align: center\"><strong><span style=\"color: #800080\"><span style=\"font-size: xx-large\">DE  NASCIMENTO<br \/>\n<\/span>D\u00c1RCIO<br \/>\n.<\/p>\n<p><\/span><\/strong><span style=\"color: #800080;font-size: large\"><strong>Ningu\u00e9m se lembra de \u201cter  nascido\u201d, ou de estar \u201ccome\u00e7ando a existir\u201d. Esta cren\u00e7a falsa existe somente  como lenda na suposta mente humana.<em> \u201cNo princ\u00edpio era o Verbo, e o Verbo  estava com Deus, e o Verbo era Deus\u201d,<\/em> diz a B\u00edblia. De quem a B\u00edblia fala?  DE VOC\u00ca! Do Cristo que \u00e9 o Verbo sendo VOC\u00ca! <em>\u201cQuando Cristo, que \u00e9 a nossa  vida, se manifestar, tamb\u00e9m vos manifestareis com ele em gl\u00f3ria\u201d<\/em> (Colossenses 3:4).<\/strong><\/p>\n<p><strong>N\u00e3o existe \u201cDeus a Se manifestar\u201d, pois, o conceito  de \u201ctempo\u201d \u00e9 uma cren\u00e7a ilus\u00f3ria! O Verbo \u00e9 Deus, e j\u00e1 est\u00e1 manifestado como o  Cristo, que \u00e9 Deus mesmo em Automanifesta\u00e7\u00e3o individual. Solte-se nesta Verdade  consumada, em vez de empregar esfor\u00e7os mentais na tentativa de \u201cfazer manifestar  aquilo que j\u00e1 \u00c9\u201d. Se no princ\u00edpio o Verbo era Deus, o Verbo \u00e9 agora unicamente  Deus! N\u00e3o h\u00e1 mudan\u00e7as no Absoluto! Aparentemente, falta-lhe somente fazer sua  identifica\u00e7\u00e3o com Ele, o que \u00e9 feito com a admiss\u00e3o plena de que O PRINC\u00cdPIO \u00c9  AGORA, e que este PRINC\u00cdPIO coincide com o FIM, uma vez que \u00e9 sempre  AGORA!<\/strong><\/p>\n<p><strong>Nada muda em Deus e nada muda em voc\u00ea! Deus e voc\u00ea s\u00e3o um e o  mesmo! N\u00e3o existe nascimento, n\u00e3o existe mudan\u00e7a nem morte; tudo que h\u00e1, \u00e9 Deus  sendo! Aceite docilmente esta Verdade, fique em completo\u00a0sil\u00eancio e contemple-A.  Veja-se como o Cristo, o ser que nunca nasce nem morre, o Eu Sou que, nas  palavras de Jesus, \u00e9 o \u201cEu Sou\u201d que existia &#8220;desde antes&#8221; que Abra\u00e3o existisse!  Ele revelava que a personalidade \u00e9 &#8220;sombra&#8221; e n\u00e3o o &#8220;Eu Sou&#8221; que somos! V\u00e1  direto \u00e0 Verdade! Descarte tudo que for relativo, humano, material ou mut\u00e1vel!  Viva a Verdade e voc\u00ea descobrir\u00e1 que, de fato,\u00a0\u00e9 a Verdade que vive  como\u00a0VOC\u00ca!<\/strong><\/p>\n<p><\/span><\/div>\n<div style=\"text-align: center\"><span style=\"color: #800080;font-size: large\"><strong> <\/strong><\/span><\/div>\n<div style=\"text-align: center\"><span style=\"color: #800080;font-size: large\"><strong>*<\/strong><\/span><\/div>\n","protected":false},"excerpt":{"rendered":"<p>ILUS\u00c3O DE NASCIMENTO D\u00c1RCIO . Ningu\u00e9m se lembra de \u201cter nascido\u201d, ou de estar \u201ccome\u00e7ando a existir\u201d. Esta cren\u00e7a falsa existe somente como lenda na suposta mente humana. \u201cNo princ\u00edpio era o Verbo, e o Verbo estava com Deus, e o Verbo era Deus\u201d, diz a B\u00edblia. De quem a B\u00edblia fala? DE VOC\u00ca! Do &hellip; <\/p>\n<p class=\"link-more\"><a href=\"https:\/\/www.fachodeluz.blog.br\/wp\/2010\/09\/15\/ilusao-de-nascimento\/\" class=\"more-link\">Leia mais<span class=\"screen-reader-text\"> &#8220;ILUS\u00c3O DE NASCIMENTO&#8221;<\/span><\/a><\/p>\n","protected":false},"author":2,"featured_media":0,"comment_status":"open","ping_status":"open","sticky":false,"template":"","format":"standard","meta":{"nf_dc_page":"","_crdt_document":"","footnotes":""},"categories":[10],"tags":[],"class_list":["post-5698","post","type-post","status-publish","format-standard","hentry","category-darcio-dezolt"],"featured_media_urls":[],"_links":{"self":[{"href":"https:\/\/www.fachodeluz.blog.br\/wp\/wp-json\/wp\/v2\/posts\/5698","targetHints":{"allow":["GET"]}}],"collection":[{"href":"https:\/\/www.fachodeluz.blog.br\/wp\/wp-json\/wp\/v2\/posts"}],"about":[{"href":"https:\/\/www.fachodeluz.blog.br\/wp\/wp-json\/wp\/v2\/types\/post"}],"author":[{"embeddable":true,"href":"https:\/\/www.fachodeluz.blog.br\/wp\/wp-json\/wp\/v2\/users\/2"}],"replies":[{"embeddable":true,"href":"https:\/\/www.fachodeluz.blog.br\/wp\/wp-json\/wp\/v2\/comments?post=5698"}],"version-history":[{"count":0,"href":"https:\/\/www.fachodeluz.blog.br\/wp\/wp-json\/wp\/v2\/posts\/5698\/revisions"}],"wp:attachment":[{"href":"https:\/\/www.fachodeluz.blog.br\/wp\/wp-json\/wp\/v2\/media?parent=5698"}],"wp:term":[{"taxonomy":"category","embeddable":true,"href":"https:\/\/www.fachodeluz.blog.br\/wp\/wp-json\/wp\/v2\/categories?post=5698"},{"taxonomy":"post_tag","embeddable":true,"href":"https:\/\/www.fachodeluz.blog.br\/wp\/wp-json\/wp\/v2\/tags?post=5698"}],"curies":[{"name":"wp","href":"https:\/\/api.w.org\/{rel}","templated":true}]}}