{"id":5721,"date":"2010-09-20T09:11:20","date_gmt":"2010-09-20T12:11:20","guid":{"rendered":"http:\/\/fachodeluz.hostmach.com.br\/wp\/?p=5721"},"modified":"2010-09-20T09:11:20","modified_gmt":"2010-09-20T12:11:20","slug":"consciencia-com-%e2%80%9cc%e2%80%9d-maiusculo","status":"publish","type":"post","link":"https:\/\/www.fachodeluz.blog.br\/wp\/2010\/09\/20\/consciencia-com-%e2%80%9cc%e2%80%9d-maiusculo\/","title":{"rendered":"CONSCI\u00caNCIA COM \u201cC\u201d MAI\u00daSCULO"},"content":{"rendered":"<div style=\"text-align: center\"><span style=\"font-size: large\"><strong><span style=\"font-size: xx-large\"><span style=\"color: #0000ff\">CONSCI\u00caNCIA<br \/>\nCOM <em>\u201cC\u201d<\/em> MAI\u00daSCULO<br \/>\n<\/span><span style=\"color: #0000ff\"><span style=\"font-size: medium\">D\u00e1rcio<br \/>\n<\/span><span style=\"font-size: small\">.<\/span><br \/>\n<\/span><\/span><span style=\"color: #0000ff\"><\/p>\n<p><\/span><\/strong><\/span><\/div>\n<p style=\"text-align: justify\"><span style=\"font-size: large\"><strong> <\/strong><\/span><\/p>\n<div style=\"text-align: justify\"><span style=\"color: #0000ff;font-size: large\"><strong>Quando os  textos revelam que \u201cDeus \u00e9 nossa Consci\u00eancia individual\u201d, nunca se referem ao  que costumeiramente \u00e9 considerado \u201cnossa consci\u00eancia\u201d, em termos de humanidade.  \u00c9 por isso que partimos sempre da totalidade de Deus e n\u00e3o de uma suposta  humanidade que \u00e9 fic\u00e7\u00e3o, sem realidade, sem Verdade e sem Deus.<\/strong><\/p>\n<p><strong>Quando  voc\u00ea reconhece &#8220;Algo&#8221;\u00a0 divino, eterno, imut\u00e1vel e perfeito, e se identifica com  Ele, sua Consci\u00eancia \u00e9 com \u201cC\u201d mai\u00fasculo, ou seja, \u00e9 Deus estando consciente  como VOC\u00ca! Quando voc\u00ea diz fazer \u201cexame de consci\u00eancia\u201d, para se autoavaliar,  analisar seus acertos e erros, analisar progresso espiritual, esta suposta  consci\u00eancia \u00e9 a ILUS\u00c3O ocultando sua real Consci\u00eancia, que jamais erra,\u00a0 acerta  ou evolui, e que simplesmente \u00c9!<\/strong><\/p>\n<p><strong>Esta ilus\u00e3o, chamada \u201cconsci\u00eancia  humana\u201d, \u00e9 o que Jesus chamou de \u201cpai da mentira\u201d e que Paulo chamou de \u201cmente  carnal\u201d. Toda associa\u00e7\u00e3o de nosso ser com algo deste suposto mundo de apar\u00eancias  se d\u00e1 mediante a ilus\u00f3ria aceita\u00e7\u00e3o desta pseudo-consci\u00eancia! <em>\u201cA mente carnal \u00e9  a inimizade contra Deus\u201d,<\/em> disse Paulo. Esta informa\u00e7\u00e3o precisa ser levada \u00e0  pr\u00e1tica, e de forma radical! Ela, em si, j\u00e1 \u00e9 radical, pois revela que \u201cn\u00e3o  temos mente carnal\u201d, uma vez que somos Emana\u00e7\u00f5es de Deus e n\u00e3o da  ILUS\u00c3O.<\/strong><\/p>\n<p><strong>Quando algu\u00e9m se avalia segundo &#8220;est\u00e1gios de consci\u00eancia&#8221;, est\u00e1  se avaliando segundo algo que n\u00e3o lhe diz respeito! Esta avalia\u00e7\u00e3o ilus\u00f3ria \u00e9\u00a0  que o faz justificar o erro! Por isso, deve ser banida de vez! <em>\u201cN\u00e3o vos  conformeis com este mundo, mas transformai-vos pela renova\u00e7\u00e3o de vosso  entendimento, para que experimenteis qual seja a boa, agrad\u00e1vel e perfeita  vontade de Deus (Rom. 12: 2).<\/em> O entendimento deve ser outro! O fato permanece!  Qual fato? O fato eterno de que DEUS \u00c9 TUDO! Basta-lhe trocar o falso  entendimento! Deixar de se avaliar segundo \u201cconsci\u00eancia humana\u201d para se avaliar  como \u201cConsci\u00eancia infinita\u201d. Depende s\u00f3 de VOC\u00ca! Ilus\u00e3o \u00e9 nada! N\u00e3o o pode  impedir de ver o \u201cnada\u201d como nulidade e o \u201cTodo\u201d como totalidade. Pela  \u201crenova\u00e7\u00e3o de seu entendimento\u201d voc\u00ea ter\u00e1 o entendimento divino como \u00fanico! E, \u00e9  por isso que Paulo garantiu ser dessa forma que VOC\u00ca EXPERIMENTAR\u00c1 A BOA, AGRAD\u00c1VEL E  PERFEITA VONTADE DE DEUS! ESTAR\u00c1 IDENTIFICADO COM A CONSCI\u00caNCIA, COM \u201cC\u201d  MAI\u00daSCULO, E, ESTA SIMPLES IDENTIFICA\u00c7\u00c3O, DIRETA E RADICAL, O FAR\u00c1 VER-SE LIVRE  DE TODA <em>ILUS\u00c3O.<\/em><\/strong><\/p>\n<p><strong> <\/strong><\/p>\n<p><\/span><\/div>\n<div style=\"text-align: center\"><strong><span style=\"color: #0000ff;font-size: large\"><strong>*<\/strong><\/span><\/strong><\/div>\n","protected":false},"excerpt":{"rendered":"<p>CONSCI\u00caNCIA COM \u201cC\u201d MAI\u00daSCULO D\u00e1rcio . Quando os textos revelam que \u201cDeus \u00e9 nossa Consci\u00eancia individual\u201d, nunca se referem ao que costumeiramente \u00e9 considerado \u201cnossa consci\u00eancia\u201d, em termos de humanidade. \u00c9 por isso que partimos sempre da totalidade de Deus e n\u00e3o de uma suposta humanidade que \u00e9 fic\u00e7\u00e3o, sem realidade, sem Verdade e sem &hellip; <\/p>\n<p class=\"link-more\"><a href=\"https:\/\/www.fachodeluz.blog.br\/wp\/2010\/09\/20\/consciencia-com-%e2%80%9cc%e2%80%9d-maiusculo\/\" class=\"more-link\">Leia mais<span class=\"screen-reader-text\"> &#8220;CONSCI\u00caNCIA COM \u201cC\u201d MAI\u00daSCULO&#8221;<\/span><\/a><\/p>\n","protected":false},"author":2,"featured_media":0,"comment_status":"open","ping_status":"open","sticky":false,"template":"","format":"standard","meta":{"nf_dc_page":"","_crdt_document":"","footnotes":""},"categories":[10],"tags":[],"class_list":["post-5721","post","type-post","status-publish","format-standard","hentry","category-darcio-dezolt"],"featured_media_urls":[],"_links":{"self":[{"href":"https:\/\/www.fachodeluz.blog.br\/wp\/wp-json\/wp\/v2\/posts\/5721","targetHints":{"allow":["GET"]}}],"collection":[{"href":"https:\/\/www.fachodeluz.blog.br\/wp\/wp-json\/wp\/v2\/posts"}],"about":[{"href":"https:\/\/www.fachodeluz.blog.br\/wp\/wp-json\/wp\/v2\/types\/post"}],"author":[{"embeddable":true,"href":"https:\/\/www.fachodeluz.blog.br\/wp\/wp-json\/wp\/v2\/users\/2"}],"replies":[{"embeddable":true,"href":"https:\/\/www.fachodeluz.blog.br\/wp\/wp-json\/wp\/v2\/comments?post=5721"}],"version-history":[{"count":0,"href":"https:\/\/www.fachodeluz.blog.br\/wp\/wp-json\/wp\/v2\/posts\/5721\/revisions"}],"wp:attachment":[{"href":"https:\/\/www.fachodeluz.blog.br\/wp\/wp-json\/wp\/v2\/media?parent=5721"}],"wp:term":[{"taxonomy":"category","embeddable":true,"href":"https:\/\/www.fachodeluz.blog.br\/wp\/wp-json\/wp\/v2\/categories?post=5721"},{"taxonomy":"post_tag","embeddable":true,"href":"https:\/\/www.fachodeluz.blog.br\/wp\/wp-json\/wp\/v2\/tags?post=5721"}],"curies":[{"name":"wp","href":"https:\/\/api.w.org\/{rel}","templated":true}]}}