{"id":5729,"date":"2010-09-22T10:11:41","date_gmt":"2010-09-22T13:11:41","guid":{"rendered":"http:\/\/fachodeluz.hostmach.com.br\/wp\/?p=5729"},"modified":"2010-09-22T10:11:41","modified_gmt":"2010-09-22T13:11:41","slug":"observe-deus-sendo-voce","status":"publish","type":"post","link":"https:\/\/www.fachodeluz.blog.br\/wp\/2010\/09\/22\/observe-deus-sendo-voce\/","title":{"rendered":"OBSERVE DEUS SENDO VOC\u00ca"},"content":{"rendered":"<div style=\"text-align: center\"><span style=\"color: #800000;font-size: xx-large\"><strong>OBSERVE DEUS  SENDO<\/strong><\/span><\/div>\n<div style=\"text-align: center\"><span style=\"color: #800000;font-size: xx-large\"><strong> VOC\u00ca<br \/>\n<\/strong><\/span><strong><span style=\"color: #800000\"><span style=\"font-size: medium\">D\u00e1rcio<br \/>\n.<br \/>\n<\/span><\/p>\n<p><\/span><\/strong><\/div>\n<div><span style=\"color: #800000;font-size: large\"><strong> <\/strong><\/span><\/div>\n<div style=\"text-align: justify\"><span style=\"font-size: large\"><strong><span style=\"color: #800000\">O foco  do estudo absoluto da Verdade \u00e9 seu \u201cEu\u201d. Uma cren\u00e7a materialista faz com que a  maioria se identifique com corpos f\u00edsicos e mentalidade humana. Voc\u00ea n\u00e3o \u00e9 corpo  carnal; voc\u00ea n\u00e3o \u00e9 mente humana; voc\u00ea \u00e9 a Verdade corporificada. Por isso, negue  as cren\u00e7as falsas sobre voc\u00ea, negue ser algu\u00e9m separado do Todo e afirme que o  Todo \u00e9 o Infinito representado pelo seu \u201cEu\u201d, exatamente aqui e  agora.<\/p>\n<p>Para negar o que voc\u00ea nunca foi, \u00e9 ou ser\u00e1, basta empregar a  mente ilus\u00f3ria, que a humanidade acredita ser mente verdadeira. Desse modo, voc\u00ea  estar\u00e1 negando a mentira com a pr\u00f3pria mentira, e ela deixar\u00e1 de atuar negativa  e\u00a0hipnoticamente sobre voc\u00ea. Mas, para afirmar quem voc\u00ea \u00e9, a mente ilus\u00f3ria  ser\u00e1 insuficiente. Esta mente-cren\u00e7a n\u00e3o sabe nada sobre VOC\u00ca. Por mais que voc\u00ea  mentalize ser a perfei\u00e7\u00e3o infinita, ser um com Deus, ser o Universo em forma  individual, nada disso ser\u00e1 VOC\u00ca. E por que existem as afirma\u00e7\u00f5es mentais na  Metaf\u00edsica? Elas exercem dois pap\u00e9is: (1) afirmam positivamente, dentro da  pr\u00f3pria cren\u00e7a coletiva, sobre os conceitos negativos aceitos pelo \u201chipnotismo  de massa\u201d. Muito melhor \u00e9 voc\u00ea afirmar e aceitar ser perfeito e um com  Deus,\u00a0endossar isto, do que continuar descontroladamente sendo manipulado por  cren\u00e7as negativas. (2) preparam a mente para as revela\u00e7\u00f5es, uma vez que a  aceita\u00e7\u00e3o de sua perfei\u00e7\u00e3o abre espa\u00e7o e rompe \u201cfiltros\u201d para que a sua real  Consci\u00eancia seja discernida.<\/p>\n<p>A mente humana n\u00e3o \u00e9 voc\u00ea, n\u00e3o sabe o que  constitui sua identidade eterna, e, este \u00e9 um dos motivos que me levaram a  escrever e postar, h\u00e1 tempos, um artigo intitulado \u201cSer \u00e9 n\u00e3o pensar\u201d. Enquanto  o pensamento mortal estiver atuando, voc\u00ea estar\u00e1 de posse unicamente de  conceitos sobre seu Eu. Por isso existem as \u201ccontempla\u00e7\u00f5es da Verdade\u201d, que  transcendem a chamada \u201cmat\u00e9ria\u201d e tamb\u00e9m a chamada \u201cmente humana\u201d. Ap\u00f3s feitas  as nega\u00e7\u00f5es e afirma\u00e7\u00f5es, explicadas anteriormente, a pessoa estar\u00e1 preparada  para observar Deus sendo quem ela \u00e9. Esta a\u00e7\u00e3o \u00e9 divina, e \u00e9 lembrada no Salmo  46, que diz: <em>\u201cAquieta-te e sabe, eu sou Deus\u201d. <\/em>Este \u201caquietar-se\u201d \u00e9  dirigido \u00e0 mente humana, e este \u201csaber\u201d \u00e9 a sua entrega total \u00e0 Verdade de que  \u201cVOC\u00ca TEM A MENTE DE CRISTO\u201d. Joel S. Goldsmith disse\u00a0a seguinte\u00a0frase,\u00a0que eu  at\u00e9 anotei \u00e0 parte quando a li: <em>\u201cSeja testemunha de Deus em a\u00e7\u00e3o. Nossa  habilidade est\u00e1 em ficarmos alguns mil\u00edmetros ao lado de n\u00f3s mesmos, observando  a vinda de Deus\u201d.<\/em> Mas \u00e9 preciso entender o sentido dela. \u201cFicar alguns  mil\u00edmetros ao lado de n\u00f3s mesmos\u201d \u00e9, de fato, ficar mil\u00edmetros afastados do  CONCEITO que a mente humana faz de n\u00f3s. O que ele quer dizer \u00e9 que n\u00e3o somos o  que pensamos ser! Quando voc\u00ea se afastar por mil\u00edmetros de tudo que forma o  &#8220;conceito&#8221; sobre seu ser, estar\u00e1 capacitado a discernir o que ele disse ser \u201ca  vinda de Deus\u201d, ou seja, a percep\u00e7\u00e3o real de que DEUS \u00c9 SEU EU, e isto ser\u00e1  \u201ctestemunhar Deus em a\u00e7\u00e3o\u201d, isto \u00e9, testemunhar que Deus \u00e9 sua real e \u00fanica  Consci\u00eancia.O aparente dualismo \u00e9, na verdade,\u00a0 meramente um artif\u00edcio para p\u00f4r  fim a ele! \u00c9 como disse Jesus: &#8220;Para isso EU vim ao mundo, para dar testemunho  da Verdade&#8221;. Este &#8220;Eu&#8221; \u00e9 o <em>seu<\/em> EU! <\/span><\/strong><\/span><\/div>\n<div><\/div>\n<div><\/div>\n<div style=\"text-align: center\"><\/div>\n<div style=\"text-align: center\"><span style=\"font-size: large\"><strong><span style=\"color: #800000\">*<\/p>\n<p><\/span><\/strong><\/span><\/div>\n","protected":false},"excerpt":{"rendered":"<p>OBSERVE DEUS SENDO VOC\u00ca D\u00e1rcio . O foco do estudo absoluto da Verdade \u00e9 seu \u201cEu\u201d. Uma cren\u00e7a materialista faz com que a maioria se identifique com corpos f\u00edsicos e mentalidade humana. Voc\u00ea n\u00e3o \u00e9 corpo carnal; voc\u00ea n\u00e3o \u00e9 mente humana; voc\u00ea \u00e9 a Verdade corporificada. Por isso, negue as cren\u00e7as falsas sobre voc\u00ea, &hellip; <\/p>\n<p class=\"link-more\"><a href=\"https:\/\/www.fachodeluz.blog.br\/wp\/2010\/09\/22\/observe-deus-sendo-voce\/\" class=\"more-link\">Leia mais<span class=\"screen-reader-text\"> &#8220;OBSERVE DEUS SENDO VOC\u00ca&#8221;<\/span><\/a><\/p>\n","protected":false},"author":2,"featured_media":0,"comment_status":"open","ping_status":"open","sticky":false,"template":"","format":"standard","meta":{"nf_dc_page":"","_crdt_document":"","footnotes":""},"categories":[10],"tags":[],"class_list":["post-5729","post","type-post","status-publish","format-standard","hentry","category-darcio-dezolt"],"featured_media_urls":[],"_links":{"self":[{"href":"https:\/\/www.fachodeluz.blog.br\/wp\/wp-json\/wp\/v2\/posts\/5729","targetHints":{"allow":["GET"]}}],"collection":[{"href":"https:\/\/www.fachodeluz.blog.br\/wp\/wp-json\/wp\/v2\/posts"}],"about":[{"href":"https:\/\/www.fachodeluz.blog.br\/wp\/wp-json\/wp\/v2\/types\/post"}],"author":[{"embeddable":true,"href":"https:\/\/www.fachodeluz.blog.br\/wp\/wp-json\/wp\/v2\/users\/2"}],"replies":[{"embeddable":true,"href":"https:\/\/www.fachodeluz.blog.br\/wp\/wp-json\/wp\/v2\/comments?post=5729"}],"version-history":[{"count":0,"href":"https:\/\/www.fachodeluz.blog.br\/wp\/wp-json\/wp\/v2\/posts\/5729\/revisions"}],"wp:attachment":[{"href":"https:\/\/www.fachodeluz.blog.br\/wp\/wp-json\/wp\/v2\/media?parent=5729"}],"wp:term":[{"taxonomy":"category","embeddable":true,"href":"https:\/\/www.fachodeluz.blog.br\/wp\/wp-json\/wp\/v2\/categories?post=5729"},{"taxonomy":"post_tag","embeddable":true,"href":"https:\/\/www.fachodeluz.blog.br\/wp\/wp-json\/wp\/v2\/tags?post=5729"}],"curies":[{"name":"wp","href":"https:\/\/api.w.org\/{rel}","templated":true}]}}