{"id":5925,"date":"2010-10-24T00:33:52","date_gmt":"2010-10-24T02:33:52","guid":{"rendered":"http:\/\/fachodeluz.hostmach.com.br\/wp\/?p=5925"},"modified":"2010-10-24T00:33:52","modified_gmt":"2010-10-24T02:33:52","slug":"comece-pela-perfeicao","status":"publish","type":"post","link":"https:\/\/www.fachodeluz.blog.br\/wp\/2010\/10\/24\/comece-pela-perfeicao\/","title":{"rendered":"Comece Pela Perfei\u00e7\u00e3o"},"content":{"rendered":"<div style=\"text-align: center\"><span style=\"font-family: Tahoma;color: #800000;font-size: xx-large\"><strong>COMECE <\/strong><\/span><\/div>\n<div style=\"text-align: center\"><span style=\"font-family: Tahoma;font-size: xx-large\"><strong><span style=\"color: #800000\">PELA  PERFEI\u00c7\u00c3O<br \/>\n<span style=\"font-size: small\">D\u00c1RCIO<\/span><\/span><\/strong><\/span><\/div>\n<div style=\"text-align: center\"><strong><span style=\"color: #800000\"><span style=\"font-family: Tahoma;font-size: large\">.<br \/>\n<\/span><br \/>\n<\/span><\/strong><\/div>\n<div style=\"text-align: justify\"><span style=\"font-family: Tahoma;color: #800000;font-size: large\"><strong>A \u201cPr\u00e1tica do  Sil\u00eancio\u201d \u00e9 o per\u00edodo em que nos dedicamos exclusivamente para reconhecer a  totalidade de Deus e a perfei\u00e7\u00e3o, que, justamente pelo fato de Deus ser Tudo, \u00e9  Fato onipresente. Desse modo, n\u00e3o meditamos a partir de problemas, imperfei\u00e7\u00f5es,  ou confus\u00f5es supostamente captadas pela mente humana. Por que? Por serem ILUS\u00c3O!  As medita\u00e7\u00f5es corretas s\u00e3o a \u201ccontempla\u00e7\u00e3o\u201d pura e direta do Fato onipresente,  que \u00e9 Deus <em>sendo!<\/em> Nada mais tem realidade!<\/p>\n<p>Comece pela  \u201cPerfei\u00e7\u00e3o\u201d, contemplando o Universo espiritual de Luz divina em que j\u00e1 nos  encontramos. \u201cC\u00e9u e Terra s\u00e3o um\u201d, ou seja, a \u201cTerra\u201d \u00e9 o \u201cC\u00e9u\u201d quando  contemplada e discernida\u00a0pela Mente divina, que \u00e9 a nossa! Quando Mois\u00e9s viu o  \u201csolo sagrado\u201d onde parecia haver \u201cterra\u201d, unicamente sua Vis\u00e3o real foi  empregada! O local n\u00e3o sofrera mudan\u00e7as! Somente foi discernido corretamente,  tal como \u00e9!\u00a0 Portanto,\u00a0 meditamos para discernir a Perfei\u00e7\u00e3o da Luz onipresente  como j\u00e1 sendo o \u201clocal&#8221; em que estamos e\u00a0\u00a0vivemos.\u00a0Parta de uma considera\u00e7\u00e3o  todo-abrangente, do\u00a0Universo infinito sendo\u00a0visto de forma global, at\u00e9\u00a0se voltar  ao Eu individual, perfeito,\u00a0 que VOC\u00ca est\u00e1 sendo: um com o Todo, um com a  Perfei\u00e7\u00e3o, um com o Fato espiritual onipresente. Assim como a sombra jamais faz  parte da Luz,\u00a0o suposto\u00a0\u201cser humano\u201d jamais faz parte do Ser perfeito  que\u00a0constitui a sua Identidade!\u00a0Atenha-se ao que est\u00e1 revelado, sem dividir  aten\u00e7\u00e3o\u00a0com falsidades que a mente ilus\u00f3ria gera\u00a0sobre a Exist\u00eancia. Aquilo que  \u00e9, \u00e9 \u00fanica e exclusivamente Deus <em>sendo!<\/em> Nada mais existe!\u00a0Numa  analogia,\u00a0a ilus\u00e3o pode ser comparada\u00a0com um buraco. O buraco \u00e9 um\u00a0&#8220;vazio&#8221;; ele  desaparece ao ser preenchido\u00a0com terra; assim \u00e9 a ilus\u00e3o: um &#8220;vazio&#8221; que, em  nosso estudo,\u00a0some de percep\u00e7\u00e3o\u00a0ao ser &#8220;preenchido&#8221; pela Luz da Verdade. DEUS \u00c9  TUDO! A ILUS\u00c3O \u00c9 O &#8220;VAZIO&#8221;. O &#8220;vazio&#8221; pode se mostrar como pecado, doen\u00e7a,  imperfei\u00e7\u00e3o, problema, etc. N\u00e3o perca tempo com &#8220;vazios&#8221;; contemple DEUS sendo  TUDO, e j\u00e1 preenchendo os &#8220;vazios da ilus\u00e3o&#8221; com a eterna e perfeita  ONIPRESEN\u00c7A! Esta \u00e9 a &#8220;troca de referencial&#8221;, e \u00e9 a real finalidade da &#8220;Pr\u00e1tica  do Sil\u00eancio&#8221;.<\/strong><\/span><\/div>\n<div><span style=\"font-family: Tahoma;color: #800000;font-size: large\"><strong> <\/strong><\/span><\/div>\n<div><span style=\"font-family: Tahoma;color: #800000;font-size: large\"><strong> <\/strong><\/span><\/div>\n<div><\/div>\n<div style=\"text-align: center\"><span style=\"font-family: Tahoma;color: #800000;font-size: large\"><strong>*<\/strong><\/span><\/div>\n","protected":false},"excerpt":{"rendered":"<p>COMECE PELA PERFEI\u00c7\u00c3O D\u00c1RCIO . A \u201cPr\u00e1tica do Sil\u00eancio\u201d \u00e9 o per\u00edodo em que nos dedicamos exclusivamente para reconhecer a totalidade de Deus e a perfei\u00e7\u00e3o, que, justamente pelo fato de Deus ser Tudo, \u00e9 Fato onipresente. Desse modo, n\u00e3o meditamos a partir de problemas, imperfei\u00e7\u00f5es, ou confus\u00f5es supostamente captadas pela mente humana. Por que? &hellip; <\/p>\n<p class=\"link-more\"><a href=\"https:\/\/www.fachodeluz.blog.br\/wp\/2010\/10\/24\/comece-pela-perfeicao\/\" class=\"more-link\">Leia mais<span class=\"screen-reader-text\"> &#8220;Comece Pela Perfei\u00e7\u00e3o&#8221;<\/span><\/a><\/p>\n","protected":false},"author":2,"featured_media":0,"comment_status":"open","ping_status":"open","sticky":false,"template":"","format":"standard","meta":{"nf_dc_page":"","_crdt_document":"","footnotes":""},"categories":[10],"tags":[],"class_list":["post-5925","post","type-post","status-publish","format-standard","hentry","category-darcio-dezolt"],"featured_media_urls":[],"_links":{"self":[{"href":"https:\/\/www.fachodeluz.blog.br\/wp\/wp-json\/wp\/v2\/posts\/5925","targetHints":{"allow":["GET"]}}],"collection":[{"href":"https:\/\/www.fachodeluz.blog.br\/wp\/wp-json\/wp\/v2\/posts"}],"about":[{"href":"https:\/\/www.fachodeluz.blog.br\/wp\/wp-json\/wp\/v2\/types\/post"}],"author":[{"embeddable":true,"href":"https:\/\/www.fachodeluz.blog.br\/wp\/wp-json\/wp\/v2\/users\/2"}],"replies":[{"embeddable":true,"href":"https:\/\/www.fachodeluz.blog.br\/wp\/wp-json\/wp\/v2\/comments?post=5925"}],"version-history":[{"count":0,"href":"https:\/\/www.fachodeluz.blog.br\/wp\/wp-json\/wp\/v2\/posts\/5925\/revisions"}],"wp:attachment":[{"href":"https:\/\/www.fachodeluz.blog.br\/wp\/wp-json\/wp\/v2\/media?parent=5925"}],"wp:term":[{"taxonomy":"category","embeddable":true,"href":"https:\/\/www.fachodeluz.blog.br\/wp\/wp-json\/wp\/v2\/categories?post=5925"},{"taxonomy":"post_tag","embeddable":true,"href":"https:\/\/www.fachodeluz.blog.br\/wp\/wp-json\/wp\/v2\/tags?post=5925"}],"curies":[{"name":"wp","href":"https:\/\/api.w.org\/{rel}","templated":true}]}}