{"id":6056,"date":"2010-11-10T07:13:44","date_gmt":"2010-11-10T09:13:44","guid":{"rendered":"http:\/\/fachodeluz.hostmach.com.br\/wp\/?p=6056"},"modified":"2010-11-10T07:13:44","modified_gmt":"2010-11-10T09:13:44","slug":"tome-decisoes-por-inspiracao-e-nao-sob-emocao","status":"publish","type":"post","link":"https:\/\/www.fachodeluz.blog.br\/wp\/2010\/11\/10\/tome-decisoes-por-inspiracao-e-nao-sob-emocao\/","title":{"rendered":"TOME DECIS\u00d5ES POR INSPIRA\u00c7\u00c3O E N\u00c3O SOB EMO\u00c7\u00c3O"},"content":{"rendered":"<div style=\"text-align: center\"><span style=\"color: #008000;font-size: xx-large\"><strong>TOME DECIS\u00d5ES <\/strong><\/span><\/div>\n<div style=\"text-align: center\"><span style=\"color: #008000;font-size: xx-large\"><strong>POR INSPIRA\u00c7\u00c3O E N\u00c3O <\/strong><\/span><\/div>\n<div style=\"text-align: center\"><span style=\"color: #008000;font-size: xx-large\"><strong>SOB  EMO\u00c7\u00c3O<\/strong><\/span><\/div>\n<div style=\"text-align: center\"><span style=\"color: #008000\"><span style=\"font-size: medium\">D\u00e1rcio<br \/>\n<\/span>.<\/p>\n<p><\/span><\/div>\n<div style=\"text-align: justify\"><span style=\"font-family: Verdana;color: #008000;font-size: large\">Nunca assuma decis\u00f5es sob impactos emocionais. Isto porque a mente  conturbada n\u00e3o \u00e9 a sua, mas sim a \u201cilus\u00e3o de massa\u201d tentando se fazer passar por  voc\u00ea. As situa\u00e7\u00f5es que aparecem no dia-a-dia devem ser resolvidas por inspira\u00e7\u00e3o  e nunca por emo\u00e7\u00e3o. Se voc\u00ea estiver diante de algo\u00a0a ser resolvido, ou, se o  mundo estiver lhe cobrando alguma atitude ou decis\u00e3o, t\u00e3o logo fique a par da  situa\u00e7\u00e3o, entre em sil\u00eancio e, antes de qualquer coisa, reconhe\u00e7a a Verdade  absoluta de que a sua Mente \u00e9 a Mente de Deus, e que sua Presen\u00e7a \u00e9 a Presen\u00e7a  de Deus, uma vez que Deus e Homem s\u00e3o um.<\/p>\n<p>O ditado popular nos incita a  \u201ccontar at\u00e9 dez\u201d, antes de assumirmos atitudes bruscas ou\u00a0sob fortes emo\u00e7\u00f5es.  Esta contagem, na verdade,\u00a0atua como\u00a0uma pausa para que o \u201chipnotismo\u201d n\u00e3o nos  fa\u00e7a agir impensadamente, ou, tamb\u00e9m, nos fa\u00e7a agir sob o dom\u00ednio de seu efeito  hipn\u00f3tico. Assim, &#8220;contar at\u00e9 dez&#8221;, para que a pessoa tenha tempo h\u00e1bil de  assumir o controle pr\u00f3prio da situa\u00e7\u00e3o, veio se mostrando ser de grande  utilidade \u00e0 humanidade,\u00a0no decorrer dos tempos. Mas devemos ir al\u00e9m desta  simples contagem, ou seja, devemos utilizar este tempo para repassar  rapidamente\u00a0os princ\u00edpios da Verdade, meditar sobre eles, at\u00e9 que a paz  interna\u00a0esteja sendo vivenciada. Desse modo, as ideias divinas poder\u00e3o ser  facilmente captadas, e estaremos serenos e\u00a0aptos para reconhecer que elas \u00e9 que  s\u00e3o, de fato,\u00a0o nosso modo de pensar e de agir.\u00a0 Pondo-as em pr\u00e1tica, veremos as  coisas se amoldando \u00e0 harmonia com a maior naturalidade.<\/p>\n<p>Talvez o mundo  lhe diga que &#8220;n\u00e3o h\u00e1 tempo&#8221; para voc\u00ea se dedicar a esta pr\u00e1tica da Verdade,  porque a situa\u00e7\u00e3o \u00e9 grave e requer imediata aten\u00e7\u00e3o! Nesse caso, d\u00ea um \u201cchoque  verbal\u201d nesta mente ilus\u00f3ria, como Jesus fazia: \u201cCala-te, Satan\u00e1s!\u201d A \u201cmente  carnal\u201d quer dominar a sua vida, e, cabe a voc\u00ea anular-lhe a pretens\u00e3o! \u201cUm com  Deus \u00e9 maioria\u201d; em vista disso, n\u00e3o se deixe turbar por inexist\u00eancias! Busque  sua comunh\u00e3o consciente com Deus antes de tudo!\u00a0 Na <em>Seicho-no-Ie,<\/em> \u00e9 dito:<em> \u201cQuando Deus Se revela, realizam-se o bem, a justi\u00e7a, a miseric\u00f3rdia; por si se  instala a harmonia&#8230;\u201d<\/em> Esta harmonia, que \u201cse instala por si\u201d, \u00e9 a que voc\u00ea  deve procurar; e, para t\u00ea-la, ter\u00e1 de, primeiramente, permitir que \u201cDeus Se  revele\u201d, o que j\u00e1 est\u00e1 acontecendo e voc\u00ea simplesmente ir\u00e1 reconhecer, em  primeiro lugar, sem se deixar levar por impactos emocionais, nervosismo ou  \u201chipnotismo de massa\u201d.<\/p>\n<p><\/span><\/div>\n<div style=\"text-align: center\"><span style=\"font-family: Verdana;color: #008000;font-size: large\">*<\/span><\/div>\n","protected":false},"excerpt":{"rendered":"<p>TOME DECIS\u00d5ES POR INSPIRA\u00c7\u00c3O E N\u00c3O SOB EMO\u00c7\u00c3O D\u00e1rcio . Nunca assuma decis\u00f5es sob impactos emocionais. Isto porque a mente conturbada n\u00e3o \u00e9 a sua, mas sim a \u201cilus\u00e3o de massa\u201d tentando se fazer passar por voc\u00ea. As situa\u00e7\u00f5es que aparecem no dia-a-dia devem ser resolvidas por inspira\u00e7\u00e3o e nunca por emo\u00e7\u00e3o. Se voc\u00ea estiver &hellip; <\/p>\n<p class=\"link-more\"><a href=\"https:\/\/www.fachodeluz.blog.br\/wp\/2010\/11\/10\/tome-decisoes-por-inspiracao-e-nao-sob-emocao\/\" class=\"more-link\">Leia mais<span class=\"screen-reader-text\"> &#8220;TOME DECIS\u00d5ES POR INSPIRA\u00c7\u00c3O E N\u00c3O SOB EMO\u00c7\u00c3O&#8221;<\/span><\/a><\/p>\n","protected":false},"author":2,"featured_media":0,"comment_status":"open","ping_status":"open","sticky":false,"template":"","format":"standard","meta":{"nf_dc_page":"","_crdt_document":"","footnotes":""},"categories":[10],"tags":[],"class_list":["post-6056","post","type-post","status-publish","format-standard","hentry","category-darcio-dezolt"],"featured_media_urls":[],"_links":{"self":[{"href":"https:\/\/www.fachodeluz.blog.br\/wp\/wp-json\/wp\/v2\/posts\/6056","targetHints":{"allow":["GET"]}}],"collection":[{"href":"https:\/\/www.fachodeluz.blog.br\/wp\/wp-json\/wp\/v2\/posts"}],"about":[{"href":"https:\/\/www.fachodeluz.blog.br\/wp\/wp-json\/wp\/v2\/types\/post"}],"author":[{"embeddable":true,"href":"https:\/\/www.fachodeluz.blog.br\/wp\/wp-json\/wp\/v2\/users\/2"}],"replies":[{"embeddable":true,"href":"https:\/\/www.fachodeluz.blog.br\/wp\/wp-json\/wp\/v2\/comments?post=6056"}],"version-history":[{"count":0,"href":"https:\/\/www.fachodeluz.blog.br\/wp\/wp-json\/wp\/v2\/posts\/6056\/revisions"}],"wp:attachment":[{"href":"https:\/\/www.fachodeluz.blog.br\/wp\/wp-json\/wp\/v2\/media?parent=6056"}],"wp:term":[{"taxonomy":"category","embeddable":true,"href":"https:\/\/www.fachodeluz.blog.br\/wp\/wp-json\/wp\/v2\/categories?post=6056"},{"taxonomy":"post_tag","embeddable":true,"href":"https:\/\/www.fachodeluz.blog.br\/wp\/wp-json\/wp\/v2\/tags?post=6056"}],"curies":[{"name":"wp","href":"https:\/\/api.w.org\/{rel}","templated":true}]}}