{"id":6276,"date":"2010-12-13T10:03:49","date_gmt":"2010-12-13T12:03:49","guid":{"rendered":"http:\/\/fachodeluz.hostmach.com.br\/wp\/?p=6276"},"modified":"2011-01-15T12:18:44","modified_gmt":"2011-01-15T14:18:44","slug":"deus-sem-esforco-e-voce","status":"publish","type":"post","link":"https:\/\/www.fachodeluz.blog.br\/wp\/2010\/12\/13\/deus-sem-esforco-e-voce\/","title":{"rendered":"Deus, Sem Esfor\u00e7o, \u00e9 Voc\u00ea"},"content":{"rendered":"<div style=\"text-align: center\"><\/div>\n<div style=\"text-align: center\"><span style=\"font-family: Splash;color: #008000;font-size: xx-large\"><br \/>\n<\/span><\/div>\n<div style=\"text-align: center\"><span style=\"font-family: Splash;color: #008000;font-size: xx-large\">DEUS,<\/span><\/div>\n<div style=\"text-align: center\"><span style=\"font-family: Splash;color: #008000;font-size: xx-large\">SEM ESFOR\u00c7O, <\/span><\/div>\n<div style=\"text-align: center\"><span style=\"font-family: Splash;color: #008000;font-size: xx-large\">\u00c9 VOC\u00ca<br \/>\n<\/span><span style=\"color: #008000\"><strong><span style=\"font-size: medium\">D\u00e1rcio<br \/>\n<\/span><\/strong>.<br \/>\n<\/span><\/div>\n<div style=\"text-align: center\"><span style=\"font-family: Arial;font-size: large\"><span style=\"color: #008000\">A a\u00e7\u00e3o livre,  amorosa e <em>sem esfor\u00e7o<\/em> de Deus culmina\u00a0no Fato de\u00a0voc\u00ea <strong>estar  vivo!<\/strong> Isto porque Deus \u00e9 Vida onipresente, fluindo pacifica e  permanentemente <strong>como<\/strong> \u201cvoc\u00ea\u201d. Portanto, meditar para  \u201cconscientizar\u201d um Fato dessa natureza\u00a0empregando esfor\u00e7os mentais seria \u201cagir  separadamente\u201d desta Onia\u00e7\u00e3o da Realidade! Em outras palavras, seria um suposto  \u201cego\u201d querendo se passar por voc\u00ea.<\/p>\n<p><strong>Deus, sem esfor\u00e7o, \u00e9  voc\u00ea!<\/strong> Assim, como Deus, sendo voc\u00ea, \u00e9 <em>a\u00e7\u00e3o sem esfor\u00e7o<\/em> desta  unidade perfeita, a qualquer momento \u201cvoc\u00ea\u201d j\u00e1 \u00e9 testemunha imediata deste Fato  eterno! Portanto, ao meditar, parta da aceita\u00e7\u00e3o simples e sem esfor\u00e7o de que Deus  \u00e9 TUDO! E ent\u00e3o, contemple-Se na sua condi\u00e7\u00e3o permanente de SER a pura emana\u00e7\u00e3o  do Verbo divino, assim como um raio de sol se contemplaria para constatar sua  natureza como \u201cexpress\u00e3o do Sol\u201d com o qual ele \u00e9 um. O raio n\u00e3o faria esfor\u00e7o  algum, uma vez que ele \u201c\u00e9\u201d porque o Sol \u201c\u00e9\u201d. Analogamente, voc\u00ea n\u00e3o far\u00e1 esfor\u00e7o  algum, uma vez que DEUS \u00c9, e, por isso, VOC\u00ca \u00c9! Em virtude dessa Onia\u00e7\u00e3o sem  esfor\u00e7o,\u00a0 voc\u00ea dir\u00e1, com total espontaneidade: <strong>\u201cEu Sou\u201d. <\/strong>DEUS, SEM ESFOR\u00c7O, \u00c9  VOC\u00ca; <strong>VOC\u00ca, SEM ESFOR\u00c7O, \u00c9 DEUS!<\/strong><\/p>\n<p><\/span><\/span><\/div>\n<div style=\"text-align: center\"><span style=\"font-family: Arial;font-size: large\"><span style=\"color: #008000\"><strong>*<\/strong><\/span><\/span><\/div>\n","protected":false},"excerpt":{"rendered":"<p>DEUS, SEM ESFOR\u00c7O, \u00c9 VOC\u00ca D\u00e1rcio . A a\u00e7\u00e3o livre, amorosa e sem esfor\u00e7o de Deus culmina\u00a0no Fato de\u00a0voc\u00ea estar vivo! Isto porque Deus \u00e9 Vida onipresente, fluindo pacifica e permanentemente como \u201cvoc\u00ea\u201d. Portanto, meditar para \u201cconscientizar\u201d um Fato dessa natureza\u00a0empregando esfor\u00e7os mentais seria \u201cagir separadamente\u201d desta Onia\u00e7\u00e3o da Realidade! Em outras palavras, seria um &hellip; <\/p>\n<p class=\"link-more\"><a href=\"https:\/\/www.fachodeluz.blog.br\/wp\/2010\/12\/13\/deus-sem-esforco-e-voce\/\" class=\"more-link\">Leia mais<span class=\"screen-reader-text\"> &#8220;Deus, Sem Esfor\u00e7o, \u00e9 Voc\u00ea&#8221;<\/span><\/a><\/p>\n","protected":false},"author":2,"featured_media":0,"comment_status":"open","ping_status":"closed","sticky":false,"template":"","format":"standard","meta":{"nf_dc_page":"","_crdt_document":"","footnotes":""},"categories":[10],"tags":[],"class_list":["post-6276","post","type-post","status-publish","format-standard","hentry","category-darcio-dezolt"],"featured_media_urls":[],"_links":{"self":[{"href":"https:\/\/www.fachodeluz.blog.br\/wp\/wp-json\/wp\/v2\/posts\/6276","targetHints":{"allow":["GET"]}}],"collection":[{"href":"https:\/\/www.fachodeluz.blog.br\/wp\/wp-json\/wp\/v2\/posts"}],"about":[{"href":"https:\/\/www.fachodeluz.blog.br\/wp\/wp-json\/wp\/v2\/types\/post"}],"author":[{"embeddable":true,"href":"https:\/\/www.fachodeluz.blog.br\/wp\/wp-json\/wp\/v2\/users\/2"}],"replies":[{"embeddable":true,"href":"https:\/\/www.fachodeluz.blog.br\/wp\/wp-json\/wp\/v2\/comments?post=6276"}],"version-history":[{"count":0,"href":"https:\/\/www.fachodeluz.blog.br\/wp\/wp-json\/wp\/v2\/posts\/6276\/revisions"}],"wp:attachment":[{"href":"https:\/\/www.fachodeluz.blog.br\/wp\/wp-json\/wp\/v2\/media?parent=6276"}],"wp:term":[{"taxonomy":"category","embeddable":true,"href":"https:\/\/www.fachodeluz.blog.br\/wp\/wp-json\/wp\/v2\/categories?post=6276"},{"taxonomy":"post_tag","embeddable":true,"href":"https:\/\/www.fachodeluz.blog.br\/wp\/wp-json\/wp\/v2\/tags?post=6276"}],"curies":[{"name":"wp","href":"https:\/\/api.w.org\/{rel}","templated":true}]}}