{"id":6283,"date":"2010-12-14T08:20:05","date_gmt":"2010-12-14T10:20:05","guid":{"rendered":"http:\/\/fachodeluz.hostmach.com.br\/wp\/?p=6283"},"modified":"2010-12-14T08:20:05","modified_gmt":"2010-12-14T10:20:05","slug":"ver-se-no-outro-e-conhecer-a-verdade","status":"publish","type":"post","link":"https:\/\/www.fachodeluz.blog.br\/wp\/2010\/12\/14\/ver-se-no-outro-e-conhecer-a-verdade\/","title":{"rendered":"VER-SE NO OUTRO \u00c9 CONHECER A VERDADE"},"content":{"rendered":"<div style=\"text-align: center\"><a href=\"https:\/\/i0.wp.com\/fachodeluz.hostmach.com.br\/wp\/wp-content\/uploads\/2010\/12\/11a.gif\"><img data-recalc-dims=\"1\" loading=\"lazy\" decoding=\"async\" loading=\"lazy\" class=\"alignleft size-full wp-image-6286\" src=\"https:\/\/i0.wp.com\/fachodeluz.hostmach.com.br\/wp\/wp-content\/uploads\/2010\/12\/11a.gif?resize=580%2C387\" alt=\"\" width=\"580\" height=\"387\" \/><\/a><\/div>\n<div style=\"text-align: center\"><span style=\"font-family: Tahoma;color: #800000;font-size: xx-large\"><strong><br \/>\n<\/strong><\/span><\/div>\n<div style=\"text-align: center\"><span style=\"font-family: Tahoma;color: #800000;font-size: xx-large\"><strong>VER-SE <\/strong><\/span><\/div>\n<div style=\"text-align: center\"><span style=\"font-family: Tahoma;color: #800000;font-size: xx-large\"><strong>NO OUTRO  \u00c9 CONHECER <\/strong><\/span><\/div>\n<div style=\"text-align: center\"><span style=\"color: #800000\"><strong><span style=\"font-family: Tahoma;font-size: xx-large\">A  VERDADE<br \/>\n<\/span>D\u00e1rcio<br \/>\n<\/strong>.<\/span><\/div>\n<div style=\"text-align: center\"><span style=\"color: #800000\"><\/p>\n<p><\/span><\/div>\n<div style=\"text-align: justify\"><span style=\"font-family: Tahoma;color: #800000;font-size: large\">A Vida \u00e9 a Unidade em  express\u00e3o, e este Fato eterno jamais \u00e9 visto pela mente ilus\u00f3ria. A mente humana  \u00e9 uma no\u00e7\u00e3o hipn\u00f3tica sem fundamento: tudo que ela aparenta captar \u00e9 ilus\u00e3o! A  Mente real \u00e9 \u00fanica,\u00a0 \u00e9 Deus, e \u00e9 a Realidade aqui presente; e nesta dimens\u00e3o  verdadeira, <em>\u201csomos todos membros uns dos outros<\/em>\u201d, como diz a  B\u00edblia.<\/p>\n<p>Ser um \u00e9 ser a Verdade; e, ser a Verdade significa cada um \u201cse  ver no outro\u201d, seja este outro quem quer que seja. Entretanto, esta vis\u00e3o de que  \u201ceu e o outro somos um\u201d jamais leva em conta \u201cseres humanos nas apar\u00eancias\u201d, uma  vez que o Eu \u00daNICO jamais inclui a ilus\u00e3o de materialidade. Um suposto ser  humano enxergando outro, \u00e9 uma miragem \u00fanica com \u201cobservador\u201d e \u201cobservado\u201d. \u00c9  como se num sonho, algu\u00e9m visse outros, enquanto a falsidade\u00a0seria <em>o  sonho,<\/em> e n\u00e3o um a um os componentes isolados\u00a0participantes\u00a0dele.  <strong>Cristo disse: <em>\u201cEu venci o mundo\u201d;<\/em> desse  modo,<\/strong> <strong>para nos vermos no outro, devemos nos ver, primeiramente,  \u201cem Deus\u201d, reconhecendo a Verdade de que \u201cDeus \u00e9 Tudo\u201d. <\/strong>E ent\u00e3o, com \u201co  mundo vencido\u201d, naturalmente veremos todos os seres iluminados com a mesma\u00a0Luz  que somos; saberemos que esta Luz, em todos, \u00e9 Deus em todos, e que, mesmo Se  manifestando\u00a0 como Tudo e como Todos, \u00e9 a Luz \u00fanica que cada um de n\u00f3s  \u00e9!<\/p>\n<p>O discernimento de que o Universo \u00e9 Luz equivale a \u201cvencer o mundo\u201d,  isto \u00e9, \u201ceste mundo\u201d \u00e9 vencido\u00a0por deixar de ser traduzido erroneamente como  material e tridimensional,\u00a0\u00a0e entendido corretamente\u00a0 como sendo unicamente\u00a0o  Reino de Deus. Todo o estudo da Verdade est\u00e1 diretamente ligado \u00e0 \u201cvis\u00e3o  correta\u201d daquilo que \u00c9! Enquanto isso n\u00e3o for discernido, as pessoas continuar\u00e3o  a crer na dualidade, ver \u201co outro\u201d como &#8220;outro&#8221;, ver a si como ser humano,\u00a0  dotado de mente pessoal, enfim, continuar\u00e3o na &#8220;ilus\u00e3o&#8221;. \u00a0Por esse motivo \u00e9 que  as revela\u00e7\u00f5es devem ser contempladas e entendidas como <em>Verdade do  Agora.<\/em> \u00c9 <em>agora<\/em> que a Luz de Deus \u00e9 o Universo inteiro, \u00e9  <em>agora<\/em> que n\u00f3s somos todos seres individuais formados pela Luz  \u00fanica,\u00a0que \u00e9 Deus, e, \u00e9 <em>agora<\/em> que esta Luz, que brilha em n\u00f3s, \u00e9 a  <em>mesma<\/em> que brilha em todos os chamados\u201doutros\u201d. Sem os julgamentos  <em>ilus\u00f3rios<\/em> pelas apar\u00eancias, VOC\u00ca VER\u00c1 EM TODOS A <strong>SUA PR\u00d3PRIA  LUZ<\/strong>, E, NESTA VIS\u00c3O CORRETA, A VERDADE ESTAR\u00c1 CONHECIDA! E  PRATICADA!<\/p>\n<p><\/span><\/div>\n<div style=\"text-align: center\"><span style=\"font-family: Tahoma;color: #800000;font-size: large\">*<\/span><\/div>\n","protected":false},"excerpt":{"rendered":"<p>VER-SE NO OUTRO \u00c9 CONHECER A VERDADE D\u00e1rcio . A Vida \u00e9 a Unidade em express\u00e3o, e este Fato eterno jamais \u00e9 visto pela mente ilus\u00f3ria. A mente humana \u00e9 uma no\u00e7\u00e3o hipn\u00f3tica sem fundamento: tudo que ela aparenta captar \u00e9 ilus\u00e3o! A Mente real \u00e9 \u00fanica,\u00a0 \u00e9 Deus, e \u00e9 a Realidade aqui presente; &hellip; <\/p>\n<p class=\"link-more\"><a href=\"https:\/\/www.fachodeluz.blog.br\/wp\/2010\/12\/14\/ver-se-no-outro-e-conhecer-a-verdade\/\" class=\"more-link\">Leia mais<span class=\"screen-reader-text\"> &#8220;VER-SE NO OUTRO \u00c9 CONHECER A VERDADE&#8221;<\/span><\/a><\/p>\n","protected":false},"author":2,"featured_media":0,"comment_status":"open","ping_status":"open","sticky":false,"template":"","format":"standard","meta":{"nf_dc_page":"","_crdt_document":"","footnotes":""},"categories":[10],"tags":[],"class_list":["post-6283","post","type-post","status-publish","format-standard","hentry","category-darcio-dezolt"],"featured_media_urls":[],"_links":{"self":[{"href":"https:\/\/www.fachodeluz.blog.br\/wp\/wp-json\/wp\/v2\/posts\/6283","targetHints":{"allow":["GET"]}}],"collection":[{"href":"https:\/\/www.fachodeluz.blog.br\/wp\/wp-json\/wp\/v2\/posts"}],"about":[{"href":"https:\/\/www.fachodeluz.blog.br\/wp\/wp-json\/wp\/v2\/types\/post"}],"author":[{"embeddable":true,"href":"https:\/\/www.fachodeluz.blog.br\/wp\/wp-json\/wp\/v2\/users\/2"}],"replies":[{"embeddable":true,"href":"https:\/\/www.fachodeluz.blog.br\/wp\/wp-json\/wp\/v2\/comments?post=6283"}],"version-history":[{"count":0,"href":"https:\/\/www.fachodeluz.blog.br\/wp\/wp-json\/wp\/v2\/posts\/6283\/revisions"}],"wp:attachment":[{"href":"https:\/\/www.fachodeluz.blog.br\/wp\/wp-json\/wp\/v2\/media?parent=6283"}],"wp:term":[{"taxonomy":"category","embeddable":true,"href":"https:\/\/www.fachodeluz.blog.br\/wp\/wp-json\/wp\/v2\/categories?post=6283"},{"taxonomy":"post_tag","embeddable":true,"href":"https:\/\/www.fachodeluz.blog.br\/wp\/wp-json\/wp\/v2\/tags?post=6283"}],"curies":[{"name":"wp","href":"https:\/\/api.w.org\/{rel}","templated":true}]}}