{"id":6359,"date":"2010-12-25T09:45:23","date_gmt":"2010-12-25T11:45:23","guid":{"rendered":"http:\/\/fachodeluz.hostmach.com.br\/wp\/?p=6359"},"modified":"2010-12-25T09:45:23","modified_gmt":"2010-12-25T11:45:23","slug":"o-trote-de-coisas-e-de-pessoas","status":"publish","type":"post","link":"https:\/\/www.fachodeluz.blog.br\/wp\/2010\/12\/25\/o-trote-de-coisas-e-de-pessoas\/","title":{"rendered":"O &quot;Trote&quot; de Coisas e de Pessoas"},"content":{"rendered":"<div style=\"text-align: center\"><span style=\"font-family: Verdana;color: #008000;font-size: xx-large\"><strong>O &#8220;TROTE&#8221; <\/strong><\/span><\/div>\n<div style=\"text-align: center\"><span style=\"font-family: Verdana;font-size: large\"><span style=\"color: #008000;font-size: xx-large\"><strong>DO MUNDO DE COISAS E DE PESSOAS<br \/>\n<\/strong><\/span><span style=\"color: #008000;font-size: medium\"><strong>D\u00c1RCIO<br \/>\n<\/strong><\/span><span style=\"color: #008000;font-size: small\"><strong>.<br \/>\n<\/strong><\/span><\/span><\/div>\n<div><span style=\"font-family: Verdana;color: #008000;font-size: large\"><strong> <\/strong><\/span><\/div>\n<div style=\"text-align: justify\"><span style=\"font-family: Verdana;font-size: large\"><span style=\"color: #008000\"><strong>A  tend\u00eancia ilus\u00f3ria coletiva \u00e9\u00a0 algu\u00e9m olhar para o &#8220;suposto&#8221; mundo exterior e logo  procurar saber o que lhe est\u00e1 faltando e que, no seu entender, j\u00e1\u00a0deveria  possuir. E quando isso ocorre, tudo que j\u00e1 estiver ao seu alcance imediato n\u00e3o  ser\u00e1 plenamente reconhecido! <em>\u201cFalta-me isto, falta-me aquilo, falta-me esta  pessoa, falta-me outra pessoa!\u201d<\/em> Esta cren\u00e7a hipn\u00f3tica de \u201cfalta-me isto\u201d\u00a0  prende a pessoa ao mundo que \u00e9 NADA! Prende-a mesmericamente ao mundo que \u00e9 pura  MIRAGEM; e, nesta<em> ilus\u00e3o,<\/em> sequer percebe a grandiosa revela\u00e7\u00e3o de que <\/strong><\/span><span style=\"color: #008000\"><strong><em>\u201cem Deus vive, se movimenta e  tem o seu ser\u201d.<br \/>\n<\/em><br \/>\n<em>\u201cQuem ama o mundo e as coisas do mundo, n\u00e3o h\u00e1  nele o amor de Deus\u201d,<\/em> disse Jo\u00e3o em sua primeira Ep\u00edstola. N\u00e3o estava  ensinando o desamor! Estava ensinando a falta de vis\u00e3o do AMOR ONIPRESENTE, que  n\u00e3o est\u00e1 no mundo, mas que \u00e9 ONIPRESENTE, apesar de n\u00e3o estar sendo reconhecido  justamente pelo fato de estar, a pessoa, totalmente ludibriada pelas  \u201capar\u00eancias\u201d, que s\u00e3o falsas!<\/strong><\/p>\n<p><strong>Elimine de sua mente a cren\u00e7a  fraudulenta\u00a0de que \u201cfalta-lhe algo ou algu\u00e9m\u201d. Tire da \u201cmiragem\u201d a sua aten\u00e7\u00e3o\u00a0e  sua aceita\u00e7\u00e3o de que ela tenha qualquer realidade! Volva seus olhos\u00a0\u00e0 VIDA que  pulsa em voc\u00ea! Volva seus olhos \u00e0\u00a0CONSCI\u00caNCIA, \u00a0que o\u00a0faz saber que voc\u00ea  EXISTE!\u00a0 Veja-se pleno na REALIDADE, sem mais\u00a0ter olhos para o \u201ctrote do  mundo\u201d;\u00a0 dessa forma, sem mais dividir a Exist\u00eancia em \u201ceu tenho e eu n\u00e3o  tenho\u201d, perceba que VOC\u00ca\u00a0\u00c9 O AMOR DIVINO INFINITO AGORA, QUE DEUS E VOC\u00ca S\u00c3O\u00a0 A  UNIDADE PERFEITA! E, POR ISSO, VOC\u00ca J\u00c1\u00a0\u00c9 PLENO E COMPLETO, AQUI E  AGORA!<\/strong><\/p>\n<p><strong>Jesus disse: \u201cQuem n\u00e3o deixar tudo por causa de MIM, n\u00e3o \u00e9 digno  de MIM\u201d, ou seja, enquanto voc\u00ea n\u00e3o entender que este \u201ctudo\u201d, do mundo das  apar\u00eancias,\u00a0\u00e9 pur\u00edssimo &#8220;nada&#8221;, n\u00e3o ter\u00e1 a percep\u00e7\u00e3o do real TUDO, que est\u00e1 \u201cEM  MIM\u201d, isto \u00e9, na SUA pr\u00f3pria Consci\u00eancia, que \u00e9  DEUS!<\/strong><\/p>\n<p><strong> <\/strong><\/p>\n<p><\/span><\/span><\/div>\n<div><span style=\"font-family: Verdana;font-size: large\"><span style=\"color: #008000\"><strong>*<\/strong><\/span><\/span><\/div>\n","protected":false},"excerpt":{"rendered":"<p>O &#8220;TROTE&#8221; DO MUNDO DE COISAS E DE PESSOAS D\u00c1RCIO . A tend\u00eancia ilus\u00f3ria coletiva \u00e9\u00a0 algu\u00e9m olhar para o &#8220;suposto&#8221; mundo exterior e logo procurar saber o que lhe est\u00e1 faltando e que, no seu entender, j\u00e1\u00a0deveria possuir. E quando isso ocorre, tudo que j\u00e1 estiver ao seu alcance imediato n\u00e3o ser\u00e1 plenamente reconhecido! &hellip; <\/p>\n<p class=\"link-more\"><a href=\"https:\/\/www.fachodeluz.blog.br\/wp\/2010\/12\/25\/o-trote-de-coisas-e-de-pessoas\/\" class=\"more-link\">Leia mais<span class=\"screen-reader-text\"> &#8220;O &quot;Trote&quot; de Coisas e de Pessoas&#8221;<\/span><\/a><\/p>\n","protected":false},"author":2,"featured_media":0,"comment_status":"open","ping_status":"open","sticky":false,"template":"","format":"standard","meta":{"nf_dc_page":"","_crdt_document":"","footnotes":""},"categories":[10],"tags":[],"class_list":["post-6359","post","type-post","status-publish","format-standard","hentry","category-darcio-dezolt"],"featured_media_urls":[],"_links":{"self":[{"href":"https:\/\/www.fachodeluz.blog.br\/wp\/wp-json\/wp\/v2\/posts\/6359","targetHints":{"allow":["GET"]}}],"collection":[{"href":"https:\/\/www.fachodeluz.blog.br\/wp\/wp-json\/wp\/v2\/posts"}],"about":[{"href":"https:\/\/www.fachodeluz.blog.br\/wp\/wp-json\/wp\/v2\/types\/post"}],"author":[{"embeddable":true,"href":"https:\/\/www.fachodeluz.blog.br\/wp\/wp-json\/wp\/v2\/users\/2"}],"replies":[{"embeddable":true,"href":"https:\/\/www.fachodeluz.blog.br\/wp\/wp-json\/wp\/v2\/comments?post=6359"}],"version-history":[{"count":0,"href":"https:\/\/www.fachodeluz.blog.br\/wp\/wp-json\/wp\/v2\/posts\/6359\/revisions"}],"wp:attachment":[{"href":"https:\/\/www.fachodeluz.blog.br\/wp\/wp-json\/wp\/v2\/media?parent=6359"}],"wp:term":[{"taxonomy":"category","embeddable":true,"href":"https:\/\/www.fachodeluz.blog.br\/wp\/wp-json\/wp\/v2\/categories?post=6359"},{"taxonomy":"post_tag","embeddable":true,"href":"https:\/\/www.fachodeluz.blog.br\/wp\/wp-json\/wp\/v2\/tags?post=6359"}],"curies":[{"name":"wp","href":"https:\/\/api.w.org\/{rel}","templated":true}]}}