{"id":6433,"date":"2011-01-07T11:42:18","date_gmt":"2011-01-07T13:42:18","guid":{"rendered":"http:\/\/fachodeluz.hostmach.com.br\/wp\/?p=6433"},"modified":"2011-01-19T10:52:59","modified_gmt":"2011-01-19T12:52:59","slug":"encontro-consigo-mesmo-10","status":"publish","type":"post","link":"https:\/\/www.fachodeluz.blog.br\/wp\/2011\/01\/07\/encontro-consigo-mesmo-10\/","title":{"rendered":"Encontro Consigo Mesmo-10"},"content":{"rendered":"<div style=\"text-align: center;\"><\/div>\n<div style=\"text-align: center;\"><span style=\"color: #800080;\"> <\/span><\/div>\n<div style=\"text-align: center;\"><span style=\"font-family: Whimsy TT; color: #800080; font-size: xx-large;\">ENCONTRO<\/span><\/div>\n<div style=\"text-align: center;\"><span style=\"font-family: Whimsy TT; font-size: xx-large;\"><span style=\"color: #800080;\">CONSIGO  MESMO<br \/>\n<\/span><span style=\"font-size: medium;\"><span style=\"color: #800080;\"><span style=\"font-family: Tahoma;\">D\u00e1rcio<br \/>\n<\/span>.<br \/>\n<\/span><\/span><span style=\"color: #800080; font-size: large;\">PARTE\u00a0 X<br \/>\n<\/span><span style=\"color: #800080; font-size: medium;\">.<\/span><\/span><span style=\"color: #800080;\"><br \/>\n<\/span><\/div>\n<p><span style=\"font-size: large;\"><strong> <\/strong><\/span><\/p>\n<div style=\"text-align: justify;\"><span style=\"font-size: large;\"><strong><span style=\"color: #800080;\">Logo que entrei em  contato\u00a0mais\u00a0amplo\u00a0com estes estudos, as pessoas do local em que eu trabalhava  seguidamente me convidavam para ir \u00e0s suas casas, ap\u00f3s o expediente, para  explicar melhor os princ\u00edpios espirituais \u00e0 fam\u00edlia delas. Desse modo, ap\u00f3s  trabalhar o dia todo, ia \u00e0 casa de um, falava um temp\u00e3o, detalhava o assunto  \u00e0queles que estavam com problemas, e, depois ia embora; no dia seguinte, repetia  a mesma coisa, mas em outra casa e para outras pessoas. E assim fui fazendo  seguidamente, at\u00e9 que, em certo dia, enquanto em casa\u00a0fazia a barba, de repente  ca\u00ed desmaiado, e\u00a0s\u00f3 recobrei a consci\u00eancia ao sentir a forte pancada da cabe\u00e7a  no ch\u00e3o. Ap\u00f3s meditar, vi-me recuperado,\u00a0mas \u00a0somente depois\u00a0 vim a saber que  aquilo resultou do meu desconhecimento do \u201cvampirismo\u201d. Na \u00e9poca, comentando o  assunto com uma preletora da Seicho-No-Ie,\u00a0 ela me disse o seguinte: <em>\u201cL\u00e1 em  Ibi\u00fana, durante os nossos semin\u00e1rios, \u00e9 comum acontecer de algum\u00a0 orientador da  Seicho-No-Ie desmaiar por causa disso!\u201d<\/em> Portanto, esta \u00e9 uma \u201cilus\u00e3o\u201d que  requer cuidados, principalmente para quem faz palestras, orienta pessoas ou  mesmo que simplesmente\u00a0tenha contato direto com v\u00e1rias delas e por tempo  prolongado em suas profiss\u00f5es. Muitos v\u00e3o a m\u00e9dicos, queixando-se de sintomas  causados pelo &#8220;vampirismo&#8221;,\u00a0 e ele nada encontra\u00a0para diagnosticar! Poder\u00e1  receitar vitaminas, fortificantes, calmantes, etc; entretanto, nada disso ir\u00e1  resolver, se a &#8220;causa real&#8221; n\u00e3o for detectada! Soube de um caso em que, numa  casa, a crian\u00e7a pequena vivia com problemas de sa\u00fade; dormia no mesmo quarto de  sua av\u00f3 bem idosa. Quando orientaram os pais para tirar a crian\u00e7a dali, pondo-a  em outro quarto para dormir sozinha, ela se restabeleceu rapidamente, enquanto a  av\u00f3 logo veio a falecer. Um caso t\u00edpico de \u201cvampirismo\u201d n\u00e3o intencional, mas que  causava toda aquela situa\u00e7\u00e3o.<\/p>\n<p>Quem meditar com assiduidade, e reconhecer  de cora\u00e7\u00e3o, sempre que puder, que realmente DEUS \u00c9 TUDO, estar\u00e1 protegido! E,  al\u00e9m de tudo que eu pude expor aqui, ter\u00e1 as pr\u00f3prias orienta\u00e7\u00f5es divinas para  saber lidar com os casos que lhe forem surgindo. \u00c9 um assunto t\u00e3o ilus\u00f3rio  quanto importante, e tamb\u00e9m nada f\u00e1cil de se comentar, justamente por isso!  Por\u00e9m, como disse Mary Baker Eddy sobre o \u201cmesmerismo\u201d, e que vejo perfeitamente  aplic\u00e1vel ao \u201cvampirismo\u201d, que desta \u201cilus\u00e3o de massa\u201d faz parte, \u201cignor\u00e2ncia  n\u00e3o \u00e9 prote\u00e7\u00e3o\u201d.<\/p>\n<p>Outro ponto importante, e ligado com este assunto, \u00e9 a  quest\u00e3o de \u201cdarmos aten\u00e7\u00e3o \u00e0s outras pessoas\u201d, quando nos procuram unicamente  para receberem ajuda. Este estudo n\u00e3o \u00e9 de Psicologia, em que ficaremos  escutando\u00a0 problemas durante horas,\u00a0\u00a0para depois emitirmos \u00a0opini\u00f5es pessoais  sobre o casos, ou coisa desse tipo! N\u00e3o somos psic\u00f3logos e n\u00e3o devemos ser, ao  menos no que diz respeito \u00e0queles que somente est\u00e3o estudando a Verdade. Se a  pessoa tiver abra\u00e7ado esta profiss\u00e3o, \u00e9 l\u00f3gico que profissionalmente ter\u00e1 de  agir como tal. Mas, como estudantes da Verdade, poderemos at\u00e9\u00a0ouvir as pessoas  desabafarem <em>rapidamente<\/em> seus problemas;\u00a0mas, para n\u00f3s, \u00a0n\u00e3o ser\u00e3o nem  pessoais e nem problemas, mas apenas a \u201cilus\u00e3o aparecendo como pessoa\u201d. Algumas  querem se arrastar por longo tempo\u00a0 na exposi\u00e7\u00e3o de seus problemas! Mas, bastar\u00e1  que ela os exponha brevemente, porque <em>voc\u00ea n\u00e3o far\u00e1 humanamente nada para  ajud\u00e1-la, <\/em>a n\u00e3o ser \u201cmeditar e deixar\u00a0que a\u00a0Verdade destrua a <em>ilus\u00e3o  impessoal,<\/em> naquele instante vindo-lhe como \u201cpessoa\u201d. Se voc\u00ea se envolver  al\u00e9m do necess\u00e1rio, na conversa, seja diretamente ou por carta ou telefone,  estar\u00e1 apenas sendo \u201cum cego guiando outro cego\u201d,\u00a0 por estar voltado \u00e0  <em>ilus\u00e3o <\/em>e n\u00e3o \u00e0 <em>Onipresen\u00e7a de Deus,<\/em> que \u00e9 a eterna Verdade j\u00e1  e sempre manifestada. Al\u00e9m disso, nestas conversas demoradas, o \u201cvampirismo\u201d  estar\u00e1 se dando, e,\u00a0 ap\u00f3s aquele tempo enorme\u00a0 desperdi\u00e7ado com a \u201cilus\u00e3o\u201d, voc\u00ea  poder\u00e1, depois, \u00a0at\u00e9 se sentir desanimado para meditar! Num de seus livros, Joel  S. Goldsmith disse que n\u00e3o deixava o contato ultrapassar al\u00e9m de tr\u00eas minutos!  Muito \u00fatil esta informa\u00e7\u00e3o! Fa\u00e7a a pessoa entender logo que ser\u00e1 ajudada por  DEUS, em medita\u00e7\u00e3o, e, ao mesmo tempo, explique a ela que n\u00e3o ser\u00e1 detalhando a  \u201cilus\u00e3o\u201d que a\u00a0tornar\u00e1 livre dela!\u00a0Quanto a voc\u00ea, saiba que\u00a0esta tend\u00eancia de  algu\u00e9m tentar prend\u00ea-lo\u00a0a lamenta\u00e7\u00f5es, durante horas, \u00e9 o pr\u00f3prio \u201cmesmerismo\u201d, e n\u00e3o \u201ca  pessoa\u201d, que, naquele momento, e desde sempre, na realidade \u00e9 o  <em>Cristo.<\/em><\/p>\n<p><\/span><\/strong><\/span><\/div>\n<p><span style=\"font-size: large;\"><strong> <\/strong><\/span><\/p>\n<div style=\"text-align: right;\"><em><span style=\"color: #800080; font-size: medium;\"><strong>Continua..&gt;<\/strong><\/span><\/em><\/div>\n","protected":false},"excerpt":{"rendered":"<p>ENCONTRO CONSIGO MESMO D\u00e1rcio . PARTE\u00a0 X . Logo que entrei em contato\u00a0mais\u00a0amplo\u00a0com estes estudos, as pessoas do local em que eu trabalhava seguidamente me convidavam para ir \u00e0s suas casas, ap\u00f3s o expediente, para explicar melhor os princ\u00edpios espirituais \u00e0 fam\u00edlia delas. Desse modo, ap\u00f3s trabalhar o dia todo, ia \u00e0 casa de um, &hellip; <\/p>\n<p class=\"link-more\"><a href=\"https:\/\/www.fachodeluz.blog.br\/wp\/2011\/01\/07\/encontro-consigo-mesmo-10\/\" class=\"more-link\">Leia mais<span class=\"screen-reader-text\"> &#8220;Encontro Consigo Mesmo-10&#8221;<\/span><\/a><\/p>\n","protected":false},"author":2,"featured_media":0,"comment_status":"open","ping_status":"open","sticky":false,"template":"","format":"standard","meta":{"nf_dc_page":"","_crdt_document":"","footnotes":""},"categories":[10],"tags":[],"class_list":["post-6433","post","type-post","status-publish","format-standard","hentry","category-darcio-dezolt"],"featured_media_urls":[],"_links":{"self":[{"href":"https:\/\/www.fachodeluz.blog.br\/wp\/wp-json\/wp\/v2\/posts\/6433","targetHints":{"allow":["GET"]}}],"collection":[{"href":"https:\/\/www.fachodeluz.blog.br\/wp\/wp-json\/wp\/v2\/posts"}],"about":[{"href":"https:\/\/www.fachodeluz.blog.br\/wp\/wp-json\/wp\/v2\/types\/post"}],"author":[{"embeddable":true,"href":"https:\/\/www.fachodeluz.blog.br\/wp\/wp-json\/wp\/v2\/users\/2"}],"replies":[{"embeddable":true,"href":"https:\/\/www.fachodeluz.blog.br\/wp\/wp-json\/wp\/v2\/comments?post=6433"}],"version-history":[{"count":0,"href":"https:\/\/www.fachodeluz.blog.br\/wp\/wp-json\/wp\/v2\/posts\/6433\/revisions"}],"wp:attachment":[{"href":"https:\/\/www.fachodeluz.blog.br\/wp\/wp-json\/wp\/v2\/media?parent=6433"}],"wp:term":[{"taxonomy":"category","embeddable":true,"href":"https:\/\/www.fachodeluz.blog.br\/wp\/wp-json\/wp\/v2\/categories?post=6433"},{"taxonomy":"post_tag","embeddable":true,"href":"https:\/\/www.fachodeluz.blog.br\/wp\/wp-json\/wp\/v2\/tags?post=6433"}],"curies":[{"name":"wp","href":"https:\/\/api.w.org\/{rel}","templated":true}]}}