{"id":6557,"date":"2011-01-23T18:42:03","date_gmt":"2011-01-23T20:42:03","guid":{"rendered":"http:\/\/fachodeluz.blog.br\/wp\/?p=6557"},"modified":"2011-01-24T01:49:18","modified_gmt":"2011-01-24T03:49:18","slug":"encontro-consigo-mesmo-25","status":"publish","type":"post","link":"https:\/\/www.fachodeluz.blog.br\/wp\/2011\/01\/23\/encontro-consigo-mesmo-25\/","title":{"rendered":"Encontro Consigo Mesmo-25"},"content":{"rendered":"<div style=\"text-align: center;\"><a href=\"http:\/\/fachodeluz.blog.br\/wp\/wp-content\/uploads\/2011\/01\/25f.gif\"><\/a><a href=\"https:\/\/i0.wp.com\/fachodeluz.blog.br\/wp\/wp-content\/uploads\/2011\/01\/25ff.gif\"><img data-recalc-dims=\"1\" loading=\"lazy\" decoding=\"async\" loading=\"lazy\" class=\"aligncenter size-medium wp-image-6560\" title=\"25ff\" src=\"https:\/\/i0.wp.com\/fachodeluz.blog.br\/wp\/wp-content\/uploads\/2011\/01\/25ff-300x198.gif?resize=300%2C198\" alt=\"\" width=\"300\" height=\"198\" srcset=\"https:\/\/i0.wp.com\/www.fachodeluz.blog.br\/wp\/wp-content\/uploads\/2011\/01\/25ff.gif?resize=300%2C198&amp;ssl=1 300w, https:\/\/i0.wp.com\/www.fachodeluz.blog.br\/wp\/wp-content\/uploads\/2011\/01\/25ff.gif?w=600&amp;ssl=1 600w\" sizes=\"auto, (max-width: 300px) 100vw, 300px\" \/><\/a><\/div>\n<div style=\"text-align: center;\"><span style=\"font-family: Verdana; font-size: large;\"><strong><span style=\"font-family: Calligraphic; color: #800000; font-size: xx-large;\"><em>ENCONTRO<\/em><em> CONSIGO MESMO<br \/>\n<\/em><\/span><span style=\"color: #800000;\"><span style=\"font-size: medium;\">D\u00e1rcio<br \/>\n<\/span><span style=\"font-size: small;\">.<br \/>\n<\/span>PARTE  XXV<br \/>\n<span style=\"font-size: medium;\">.<br \/>\n<\/span><br \/>\nO entendimento de que Deus, como  Amor incondicional, \u00e9 a atividade \u00fanica da Consci\u00eancia que somos, uma vez que  esta Consci\u00eancia \u00e9 \u00fanica e oniativa, destr\u00f3i as cren\u00e7as vastamente disseminadas  pelas mais diversas religi\u00f5es ortodoxas e doutrinas humanas, que falam de  supostos \u201cjulgamentos de Deus\u201d, \u201cmiseric\u00f3rdia de Deus&#8221;,\u00a0 cedendo-nos  oportunidades de regenera\u00e7\u00e3o de erros do passado, enfim, que falam de um Deus  que v\u00ea bem e mal, e nos beneficia ou pune em fun\u00e7\u00e3o destes opostos! Bastaria  nossa \u201cpremissa b\u00e1sica\u201d, DEUS \u00c9 TUDO, para que todas estas cren\u00e7as fossem  &#8220;detonadas&#8221; como puras\u00a0falsidades! Em Jo\u00e3o, 5: 22,23, podemos ler: <em>\u201cE tamb\u00e9m  o Pai a ningu\u00e9m julga, mas deu ao Filho todo o ju\u00edzo, para que todos honrem o  Filho como honram o Pai. Quem n\u00e3o honra o Filho n\u00e3o honra o Pai que o  enviou\u201d.<\/em> Esta cita\u00e7\u00e3o deu origem a outras deturpa\u00e7\u00f5es em prega\u00e7\u00f5es, quando  as igrejas simplesmente substitu\u00edram Deus, como &#8220;juiz implac\u00e1vel&#8221; de cada homem,  por Jesus Cristo, que ensinaram ser o \u00fanico\u00a0\u201cFilho\u201d, o &#8220;unig\u00eanito do Pai&#8221;.  Contudo, apesar de todos estes ensinamentos infundados, encontramos, no pr\u00f3prio  <em>Evangelho de Jo\u00e3o,<\/em> as palavras de Jesus:\u00a0<em>\u201cV\u00f3s julgais segundo a  carne, eu a ningu\u00e9m julgo. E, se na verdade julgo, o meu ju\u00edzo \u00e9 verdadeiro,  porque n\u00e3o sou eu s\u00f3, mas eu e o Pai que me enviou\u201d<\/em> (Jo\u00e3o 8: 15,16). Em  outras palavras, \u201cpela carne\u201d nem o Pai nem o\u00a0Filho fazem qualquer julgamento, e  isto por dois motivos: o primeiro, porque n\u00e3o h\u00e1 Pai <em>e<\/em> Filho, como\u00a0  sendo\u00a0\u201cConsci\u00eancias separadas\u201d, e, segundo, porque a Unidade, Pai <em>como<\/em> Filho,  por ser &#8220;Onipresen\u00e7a, n\u00e3o v\u00ea ILUS\u00c3O!<\/p>\n<p>Quando Jesus fala \u201cUnidade\u201d, como  vemos nesta cita\u00e7\u00e3o, <em>\u201cn\u00e3o sou eu s\u00f3, mas eu e o Pai que me enviou\u201d,<\/em> inclui a todos n\u00f3s, uma vez que UNIDADE \u00e9 o TODO e n\u00e3o uma suposta \u201cunidade  parcial\u201d, levando em conta somente Deus <em>e<\/em> Jesus. Esta cren\u00e7a religiosa falsa, de  que \u201ceu e o Pai somos um\u201d\u00a0seria condi\u00e7\u00e3o exclusiva de Jesus, tornou-se, com o  passar dos s\u00e9culos, uma das mentiras ortodoxas mais nocivas \u00e0 humanidade.  Todo o cuidado que Jesus demonstrou, para nos revelar a Verdade que somos, foi  prejudicada por\u00a0 falsos profetas, bem ou mal intencionados, que  enfatizaram\u00a0muito mais as\u00a0mentiras, deixando de propagar ao mundo a suprema  revela\u00e7\u00e3o de Jesus, de que DEUS \u00c9 TUDO, de que somos UNIDADE PERFEITA, de que  SOMOS UM COM O PAI,<em> IGUAIZINHOS<\/em> A ELE, E QUE, \u201cVIR A MIM\u201d, SIGNIFICA CADA UM  \u201cIR\u00a0\u00c0 UNIDADE\u201d , &#8220;SAIR&#8221; DA CREN\u00c7A FALSA EM DUALIDADE, OU SEJA, \u201cIR A SI MESMO\u201d,  ENCONTRAR DEUS EM SI MESMO, ENCONTRAR, EM SUMA, \u00a0A SI MESMO <em>SENDO<\/em> DEUS!  Jesus disse:\u00a0 <em>\u201cEu n\u00e3o rogo somente por estes, mas tamb\u00e9m por aqueles que,  pela sua palavra, h\u00e3o de crer em mim; para que todos sejam um, como tu, \u00f3 Pai, o  \u00e9s em mim, e eu, em ti; que tamb\u00e9m eles sejam um em n\u00f3s, para que o mundo creia  que tu me enviaste. E eu dei-lhes a gl\u00f3ria que a mim me deste, para que sejam  um, como n\u00f3s somos um. Eu neles, e tu em mim, para que eles sejam perfeitos em  unidade, e para que o mundo conhe\u00e7a que tu me enviaste a mim e que tens amado a  eles como me tens amado a mim\u201d<\/em> (Jo\u00e3o 17: 22).<\/p>\n<p>O que chamamos de  \u201cEstudo do Absoluto\u201d \u00e9, de fato,\u00a0 a concretiza\u00e7\u00e3o do \u201cju\u00edzo justo\u201d, o \u201cju\u00edzo  dado ao Filho\u201d em todos n\u00f3s! <em>\u201c&#8230;deu ao Filho todo o ju\u00edzo, para que TODOS  honrem o Filho como honram o Pai. Quem n\u00e3o honra o Filho n\u00e3o honra o Pai que o  enviou\u201d.<\/em> Neste \u201ctodos\u201d est\u00e1 a chave, pois, quando VOC\u00ca se v\u00ea ali incluso,  esquivando-se da suposta mente humana e seus \u201cjulgamentos pela carne\u201d, voc\u00ea  honra a SI MESMO como honra o Pai, por estar discernindo a Verdade eterna da  UNIDADE PERFEITA, em que, realmente, DEUS, ESP\u00cdRITO, \u00c9 TUDO, e que a\u00a0  \u201chumanidade\u201d, em sua suposta \u201cvida terrena\u201d de nascimentos, mudan\u00e7as e mortes,  JAMAIS EXISTIU!<br \/>\nA Verdade n\u00e3o \u00e9 teoria, mera filosofia a ser testada, ou algo  desse tipo! A Verdade \u00e9 a Verdade! Se voc\u00ea disser: \u201cEstou me sentindo mal! Estou  com dor aqui e ali\u201d, e fizer o \u201cju\u00edzo pela carne\u201d, voc\u00ea estar\u00e1 dando testemunho  da \u201cmentira\u201d, e, em vista disso, vivenciando uma ILUS\u00c3O! O estudo n\u00e3o \u00e9  meramente intelectual! Ele se mostrar\u00e1 verdadeiro quando voc\u00ea desafiar as  cren\u00e7as falsas, as apar\u00eancias, ou as mentiras, plenamente convicto de que VOC\u00ca  SE HONRA COMO HONRA O PAI! N\u00e3o justifique sua suposta\u00a0 perman\u00eancia nas mentiras  com a habitual desculpa de que \u201cainda n\u00e3o conscientizou a Verdade\u201d; este \u201ceu\u201d \u00e9  a ILUS\u00c3O! Contemple a Verdade de que DEUS \u00c9 TUDO, fa\u00e7a o \u201cju\u00edzo justo\u201d, e \u201cponha  na pr\u00e1tica\u201d o que disse ter aceito como sendo a VERDADE! Aja, portanto,\u00a0dessa  forma, sem jamais\u00a0\u00a0aguardar \u201cendossos\u201d da mente que n\u00e3o  existe!<\/p>\n<p><\/span><\/strong><\/span><\/div>\n<div style=\"text-align: right;\"><span style=\"color: #800000; font-size: medium;\"><strong><em>Continua..&gt;<br \/>\n<\/em><\/strong><\/span><\/div>\n","protected":false},"excerpt":{"rendered":"<p>ENCONTRO CONSIGO MESMO D\u00e1rcio . PARTE XXV . O entendimento de que Deus, como Amor incondicional, \u00e9 a atividade \u00fanica da Consci\u00eancia que somos, uma vez que esta Consci\u00eancia \u00e9 \u00fanica e oniativa, destr\u00f3i as cren\u00e7as vastamente disseminadas pelas mais diversas religi\u00f5es ortodoxas e doutrinas humanas, que falam de supostos \u201cjulgamentos de Deus\u201d, \u201cmiseric\u00f3rdia de &hellip; <\/p>\n<p class=\"link-more\"><a href=\"https:\/\/www.fachodeluz.blog.br\/wp\/2011\/01\/23\/encontro-consigo-mesmo-25\/\" class=\"more-link\">Leia mais<span class=\"screen-reader-text\"> &#8220;Encontro Consigo Mesmo-25&#8221;<\/span><\/a><\/p>\n","protected":false},"author":2,"featured_media":0,"comment_status":"open","ping_status":"open","sticky":false,"template":"","format":"standard","meta":{"nf_dc_page":"","_crdt_document":"","footnotes":""},"categories":[10],"tags":[],"class_list":["post-6557","post","type-post","status-publish","format-standard","hentry","category-darcio-dezolt"],"featured_media_urls":[],"_links":{"self":[{"href":"https:\/\/www.fachodeluz.blog.br\/wp\/wp-json\/wp\/v2\/posts\/6557","targetHints":{"allow":["GET"]}}],"collection":[{"href":"https:\/\/www.fachodeluz.blog.br\/wp\/wp-json\/wp\/v2\/posts"}],"about":[{"href":"https:\/\/www.fachodeluz.blog.br\/wp\/wp-json\/wp\/v2\/types\/post"}],"author":[{"embeddable":true,"href":"https:\/\/www.fachodeluz.blog.br\/wp\/wp-json\/wp\/v2\/users\/2"}],"replies":[{"embeddable":true,"href":"https:\/\/www.fachodeluz.blog.br\/wp\/wp-json\/wp\/v2\/comments?post=6557"}],"version-history":[{"count":0,"href":"https:\/\/www.fachodeluz.blog.br\/wp\/wp-json\/wp\/v2\/posts\/6557\/revisions"}],"wp:attachment":[{"href":"https:\/\/www.fachodeluz.blog.br\/wp\/wp-json\/wp\/v2\/media?parent=6557"}],"wp:term":[{"taxonomy":"category","embeddable":true,"href":"https:\/\/www.fachodeluz.blog.br\/wp\/wp-json\/wp\/v2\/categories?post=6557"},{"taxonomy":"post_tag","embeddable":true,"href":"https:\/\/www.fachodeluz.blog.br\/wp\/wp-json\/wp\/v2\/tags?post=6557"}],"curies":[{"name":"wp","href":"https:\/\/api.w.org\/{rel}","templated":true}]}}