{"id":6906,"date":"2011-03-04T09:50:51","date_gmt":"2011-03-04T12:50:51","guid":{"rendered":"http:\/\/fachodeluz.blog.br\/wp\/?p=6906"},"modified":"2011-03-04T09:55:35","modified_gmt":"2011-03-04T12:55:35","slug":"olhai-para-mim","status":"publish","type":"post","link":"https:\/\/www.fachodeluz.blog.br\/wp\/2011\/03\/04\/olhai-para-mim\/","title":{"rendered":"&#8220;Olhai Para Mim&#8221;"},"content":{"rendered":"<div style=\"text-align: center;\"><span style=\"font-family: Trebuchet MS; color: #808000; font-size: x-small;\">.<\/span><\/div>\n<div style=\"text-align: center;\"><span style=\"font-family: Trebuchet MS; color: #808000; font-size: x-small;\"><a href=\"https:\/\/i0.wp.com\/fachodeluz.blog.br\/wp\/wp-content\/uploads\/2011\/03\/omni2.gif\"><img data-recalc-dims=\"1\" loading=\"lazy\" decoding=\"async\" loading=\"lazy\" class=\"aligncenter size-full wp-image-6907\" title=\"omni2\" src=\"https:\/\/i0.wp.com\/fachodeluz.blog.br\/wp\/wp-content\/uploads\/2011\/03\/omni2.gif?resize=400%2C431\" alt=\"\" width=\"400\" height=\"431\" srcset=\"https:\/\/i0.wp.com\/www.fachodeluz.blog.br\/wp\/wp-content\/uploads\/2011\/03\/omni2.gif?w=400&amp;ssl=1 400w, https:\/\/i0.wp.com\/www.fachodeluz.blog.br\/wp\/wp-content\/uploads\/2011\/03\/omni2.gif?resize=278%2C300&amp;ssl=1 278w\" sizes=\"auto, (max-width: 400px) 100vw, 400px\" \/><\/a><br \/>\n<\/span><\/div>\n<div style=\"text-align: center;\"><span style=\"font-family: Trebuchet MS; font-size: large;\"><span style=\"color: #808000;\"><span style=\"font-size: xx-large;\">\u201cOLHAI PARA MIM\u201d<br \/>\n<\/span>D\u00e1rcio<br \/>\n<\/span><span style=\"color: #808000;\"><span style=\"font-size: small;\">.<br \/>\n<\/span><strong>Em Isa\u00edas, 45: 22,  encontramos:<\/strong><\/span><strong><span style=\"color: #808000;\"><em> &#8220;Olhai para MIM e  sede salvos v\u00f3s todos os limites da terra; porque EU SOU DEUS, E N\u00c3O H\u00c1  OUTRO\u201d.<br \/>\n<\/em><br \/>\n\u201cOlhai para mim\u201d, nesta cita\u00e7\u00e3o de Isa\u00edas, revela a  considera\u00e7\u00e3o da Exist\u00eancia a partir de Deus e jamais de seres humanos. Por que  as diversas religi\u00f5es e denomina\u00e7\u00f5es mostram t\u00e3o baixa efic\u00e1cia, em termos de  realmente propiciarem um \u201cdespertar espiritual\u201d aos seus seguidores? Por causa  do erro b\u00e1sico: considerar cada ser a partir de sua ilus\u00f3ria natureza humana,  enquanto Deus, Esp\u00edrito, \u00e9 Tudo!Consideram cada ser \u00e0 moda da &#8220;percep\u00e7\u00e3o mental  humana&#8221;, culpando-o por erros e pecados pret\u00e9ritos, em vez de ensin\u00e1-lo a se  <em>&#8220;despir do velho homem e seus feitos&#8221;,<\/em> ou seja, em vez de ensinar a  Verdade eterna sobre ele.<\/p>\n<p>Enquanto cada um se avaliar \u201cpela carne\u201d,  estar\u00e1 se avaliando ilusoriamente, dando testemunho da mentira, atestando um  quadro hipn\u00f3tico sem consist\u00eancia,\u00a0 em vez de estar reconhecendo, em si mesmo, o  Filho de Deus, a Emana\u00e7\u00e3o do Verbo divino na forma de seu Eu  individual.<\/p>\n<p>Jamais se aceite como ser material nascido em mundo  material! Este quadro \u00e9 a ILUS\u00c3O COLETIVA! \u201cOLHAI PARA MIM\u201d, isto \u00e9, volte-se  inteiramente \u00e0 Intelig\u00eancia infinita que governa a Si mesma <em>como<\/em> o Universo  infinito! Parta sempre do que \u00e9 Verdade absoluta, descartando as \u201csugest\u00f5es  hipn\u00f3ticas\u201d que iludem a maioria, fazendo-a crer que exista \u201coutro\u201d ao lado de  \u201cMIM\u201d. A revela\u00e7\u00e3o \u00e9 clara: \u201cEU SOU DEUS, E <em>N\u00c3O H\u00c1<\/em> OUTRO!\u201d.<\/p>\n<p>*<\/p>\n<p><\/span><\/strong><\/span><\/div>\n","protected":false},"excerpt":{"rendered":"<p>. \u201cOLHAI PARA MIM\u201d D\u00e1rcio . Em Isa\u00edas, 45: 22, encontramos: &#8220;Olhai para MIM e sede salvos v\u00f3s todos os limites da terra; porque EU SOU DEUS, E N\u00c3O H\u00c1 OUTRO\u201d. \u201cOlhai para mim\u201d, nesta cita\u00e7\u00e3o de Isa\u00edas, revela a considera\u00e7\u00e3o da Exist\u00eancia a partir de Deus e jamais de seres humanos. Por que as &hellip; <\/p>\n<p class=\"link-more\"><a href=\"https:\/\/www.fachodeluz.blog.br\/wp\/2011\/03\/04\/olhai-para-mim\/\" class=\"more-link\">Leia mais<span class=\"screen-reader-text\"> &#8220;&#8220;Olhai Para Mim&#8221;&#8221;<\/span><\/a><\/p>\n","protected":false},"author":2,"featured_media":0,"comment_status":"open","ping_status":"open","sticky":false,"template":"","format":"standard","meta":{"nf_dc_page":"","_crdt_document":"","footnotes":""},"categories":[10],"tags":[],"class_list":["post-6906","post","type-post","status-publish","format-standard","hentry","category-darcio-dezolt"],"featured_media_urls":[],"_links":{"self":[{"href":"https:\/\/www.fachodeluz.blog.br\/wp\/wp-json\/wp\/v2\/posts\/6906","targetHints":{"allow":["GET"]}}],"collection":[{"href":"https:\/\/www.fachodeluz.blog.br\/wp\/wp-json\/wp\/v2\/posts"}],"about":[{"href":"https:\/\/www.fachodeluz.blog.br\/wp\/wp-json\/wp\/v2\/types\/post"}],"author":[{"embeddable":true,"href":"https:\/\/www.fachodeluz.blog.br\/wp\/wp-json\/wp\/v2\/users\/2"}],"replies":[{"embeddable":true,"href":"https:\/\/www.fachodeluz.blog.br\/wp\/wp-json\/wp\/v2\/comments?post=6906"}],"version-history":[{"count":0,"href":"https:\/\/www.fachodeluz.blog.br\/wp\/wp-json\/wp\/v2\/posts\/6906\/revisions"}],"wp:attachment":[{"href":"https:\/\/www.fachodeluz.blog.br\/wp\/wp-json\/wp\/v2\/media?parent=6906"}],"wp:term":[{"taxonomy":"category","embeddable":true,"href":"https:\/\/www.fachodeluz.blog.br\/wp\/wp-json\/wp\/v2\/categories?post=6906"},{"taxonomy":"post_tag","embeddable":true,"href":"https:\/\/www.fachodeluz.blog.br\/wp\/wp-json\/wp\/v2\/tags?post=6906"}],"curies":[{"name":"wp","href":"https:\/\/api.w.org\/{rel}","templated":true}]}}