{"id":6933,"date":"2011-03-09T11:53:16","date_gmt":"2011-03-09T14:53:16","guid":{"rendered":"http:\/\/fachodeluz.blog.br\/wp\/?p=6933"},"modified":"2011-03-09T11:58:48","modified_gmt":"2011-03-09T14:58:48","slug":"o-sentido-verdadeiro","status":"publish","type":"post","link":"https:\/\/www.fachodeluz.blog.br\/wp\/2011\/03\/09\/o-sentido-verdadeiro\/","title":{"rendered":"O Sentido Verdadeiro"},"content":{"rendered":"<div style=\"text-align: center;\"><a href=\"https:\/\/i0.wp.com\/fachodeluz.blog.br\/wp\/wp-content\/uploads\/2011\/03\/lotus1.gif\"><img data-recalc-dims=\"1\" loading=\"lazy\" decoding=\"async\" loading=\"lazy\" class=\"aligncenter size-full wp-image-6934\" title=\"lotus1\" src=\"https:\/\/i0.wp.com\/fachodeluz.blog.br\/wp\/wp-content\/uploads\/2011\/03\/lotus1.gif?resize=410%2C182\" alt=\"\" width=\"410\" height=\"182\" srcset=\"https:\/\/i0.wp.com\/www.fachodeluz.blog.br\/wp\/wp-content\/uploads\/2011\/03\/lotus1.gif?w=410&amp;ssl=1 410w, https:\/\/i0.wp.com\/www.fachodeluz.blog.br\/wp\/wp-content\/uploads\/2011\/03\/lotus1.gif?resize=300%2C133&amp;ssl=1 300w\" sizes=\"auto, (max-width: 410px) 100vw, 410px\" \/><\/a><\/div>\n<div style=\"text-align: center;\"><strong><span style=\"font-family: Impact; color: #008000; font-size: xx-large;\">O <\/span><\/strong><\/div>\n<div style=\"text-align: center;\"><strong><span style=\"font-family: Comic Sans MS; font-size: large;\"><span style=\"font-family: Impact; color: #008000; font-size: xx-large;\">SENTIDO VERDADEIRO<br \/>\n<\/span><span style=\"color: #008000; font-size: small;\">D\u00e1rcio<br \/>\n<\/span><span style=\"color: #008000;\"><span style=\"font-size: x-small;\">.<br \/>\n<\/span>O Sentido  espiritual \u00e9 o \u00fanico em percep\u00e7\u00e3o onipresente. Em toda e qualquer parte do  Universo infinito, h\u00e1 a Mente divina em Autopercep\u00e7\u00e3o, isto \u00e9, h\u00e1 a Mente  onipresente discernindo a natureza pluridimensional da Realidade  permanente.<\/span><\/span><\/strong><\/div>\n<div style=\"text-align: center;\"><span style=\"color: #008000;\">.<\/span><\/div>\n<div style=\"text-align: center;\"><strong><span style=\"font-family: Comic Sans MS; font-size: large;\"><span style=\"color: #008000;\"><\/p>\n<p>Este Sentido espiritual est\u00e1 presente em VOC\u00ca, est\u00e1 presente  <em>como<\/em> VOC\u00ca! Tudo que Deus \u00e9, est\u00e1 manifestado agora <em>como<\/em> o Ser  individual que VOC\u00ca \u00c9. N\u00e3o existe Sentido espiritual separado de seu Eu divino!  Assim como n\u00e3o existe copo de vidro separado do vidro. O copo de vidro \u00e9 o  vidro, o copo de vidro \u00e9 o pr\u00f3prio vidro na forma \u201ccopo\u201d. Analogamente, o  Sentido espiritual \u00e9 o seu EU. O seu Eu \u00e9 o pr\u00f3prio Sentido espiritual na forma  de \u201cser individual\u201d. Contemple esta unidade: VOC\u00ca E\u00a0O SENTIDO ESPIRITUAL S\u00c3O UM!  N\u00e3o existe um \u201cVOC\u00ca\u201d utilizando \u201cSENTIDO ESPIRITUAL\u201d; antes, o SENTIDO  ESPIRITUAL, SENDO, OU DISCERNINDO ESPONTANEAMENTE\u00a0A VERDADE, \u00c9 O SER QUE \u00c9 VOC\u00ca!  A Subst\u00e2ncia do Sentido divino \u00e9 a evid\u00eancia de seu ser perfeito, e, atentar a  este Fato permanente, \u00e9 discernir a perfei\u00e7\u00e3o divina como a totalidade do seu  Ser. Em outras palavras, o Sentido espiritual \u00e9 DEUS DISCERNINDO A SI PR\u00d3PRIO  COMO SENDO VOC\u00ca!<\/p>\n<p><\/span><\/span><\/strong><\/div>\n<div style=\"text-align: center;\"><strong> <\/strong><\/div>\n<div style=\"text-align: center;\"><span style=\"font-family: Comic Sans MS; color: #008000; font-size: large;\"><strong>*<\/strong><\/span><\/div>\n","protected":false},"excerpt":{"rendered":"<p>O SENTIDO VERDADEIRO D\u00e1rcio . O Sentido espiritual \u00e9 o \u00fanico em percep\u00e7\u00e3o onipresente. Em toda e qualquer parte do Universo infinito, h\u00e1 a Mente divina em Autopercep\u00e7\u00e3o, isto \u00e9, h\u00e1 a Mente onipresente discernindo a natureza pluridimensional da Realidade permanente. . Este Sentido espiritual est\u00e1 presente em VOC\u00ca, est\u00e1 presente como VOC\u00ca! Tudo que &hellip; <\/p>\n<p class=\"link-more\"><a href=\"https:\/\/www.fachodeluz.blog.br\/wp\/2011\/03\/09\/o-sentido-verdadeiro\/\" class=\"more-link\">Leia mais<span class=\"screen-reader-text\"> &#8220;O Sentido Verdadeiro&#8221;<\/span><\/a><\/p>\n","protected":false},"author":2,"featured_media":0,"comment_status":"open","ping_status":"open","sticky":false,"template":"","format":"standard","meta":{"nf_dc_page":"","_crdt_document":"","footnotes":""},"categories":[10],"tags":[],"class_list":["post-6933","post","type-post","status-publish","format-standard","hentry","category-darcio-dezolt"],"featured_media_urls":[],"_links":{"self":[{"href":"https:\/\/www.fachodeluz.blog.br\/wp\/wp-json\/wp\/v2\/posts\/6933","targetHints":{"allow":["GET"]}}],"collection":[{"href":"https:\/\/www.fachodeluz.blog.br\/wp\/wp-json\/wp\/v2\/posts"}],"about":[{"href":"https:\/\/www.fachodeluz.blog.br\/wp\/wp-json\/wp\/v2\/types\/post"}],"author":[{"embeddable":true,"href":"https:\/\/www.fachodeluz.blog.br\/wp\/wp-json\/wp\/v2\/users\/2"}],"replies":[{"embeddable":true,"href":"https:\/\/www.fachodeluz.blog.br\/wp\/wp-json\/wp\/v2\/comments?post=6933"}],"version-history":[{"count":0,"href":"https:\/\/www.fachodeluz.blog.br\/wp\/wp-json\/wp\/v2\/posts\/6933\/revisions"}],"wp:attachment":[{"href":"https:\/\/www.fachodeluz.blog.br\/wp\/wp-json\/wp\/v2\/media?parent=6933"}],"wp:term":[{"taxonomy":"category","embeddable":true,"href":"https:\/\/www.fachodeluz.blog.br\/wp\/wp-json\/wp\/v2\/categories?post=6933"},{"taxonomy":"post_tag","embeddable":true,"href":"https:\/\/www.fachodeluz.blog.br\/wp\/wp-json\/wp\/v2\/tags?post=6933"}],"curies":[{"name":"wp","href":"https:\/\/api.w.org\/{rel}","templated":true}]}}