{"id":694,"date":"2008-12-24T11:14:41","date_gmt":"2008-12-24T11:14:41","guid":{"rendered":"http:\/\/fachodeluz.hostmach.com.br\/wp\/?p=694"},"modified":"2008-12-24T11:14:41","modified_gmt":"2008-12-24T11:14:41","slug":"o-que-significa-o-natal-para-mim","status":"publish","type":"post","link":"https:\/\/www.fachodeluz.blog.br\/wp\/2008\/12\/24\/o-que-significa-o-natal-para-mim\/","title":{"rendered":"O QUE SIGNIFICA O NATAL PARA MIM"},"content":{"rendered":"<div><strong>Mary Baker  Eddy<\/strong><\/p>\n<p><em>Para mim, o Natal envolve<br \/>\num segredo em aberto,<br \/>\ncompreendido por poucos, ou<br \/>\npor ningu\u00e9m, e inef\u00e1vel, exceto<br \/>\nna  Ci\u00eancia Crist\u00e3.<br \/>\nCristo n\u00e3o nasceu da<br \/>\ncarne. Cristo \u00e9 a Verdade<br \/>\ne a  Vida,<br \/>\nnascido de Deus,<br \/>\nnascido do Esp\u00edrito e<br \/>\nn\u00e3o da mat\u00e9ria.<br \/>\nJesus, o Profeta da Galil\u00e9ia,<br \/>\nnasceu dos pensamentos<br \/>\nespirituais da  Virgem Maria<br \/>\nsobre a<br \/>\nVida e sua manifesta\u00e7\u00e3o.<\/em><\/p>\n<p><em>Deus cria o homem  perfeito<br \/>\ne eterno, \u00e0 Sua pr\u00f3pria imagem.<br \/>\nPortanto, o homem<br \/>\n\u00e9 a  imagem, a id\u00e9ia, ou semelhan\u00e7a,<br \/>\nda perfei\u00e7\u00e3o, ideal esse que n\u00e3o pode<br \/>\ndecair de sua uni\u00e3o inata com<br \/>\no Amor divino, de sua imaculada pureza e<br \/>\nperfei\u00e7\u00e3o original.<\/em><\/p>\n<p><em>Visto com os sentidos materiais,<br \/>\no Natal  comemora o nascimento de um beb\u00ea<br \/>\nhumano, material, mortal,<br \/>\num beb\u00ea  nascido em uma manjedoura, em meio aos<br \/>\nrebanhos e manadas de uma vila da  Jud\u00e9ia.<\/em><\/p>\n<p><em>Essa origem simples do<br \/>\nmenino Jesus est\u00e1 muito<br \/>\naqu\u00e9m de  meu senso do eterno<br \/>\nCristo, a Verdade, que nunca<br \/>\nnasceu e<br \/>\njamais  morre.<br \/>\nEu celebro o Natal com<br \/>\nminha alma, meu sentido espiritual,<br \/>\ne  assim comemoro a entrada, na<br \/>\ncompreens\u00e3o humana,<br \/>\ndo Cristo concebido no  Esp\u00edrito,<br \/>\nem Deus e n\u00e3o em uma<br \/>\nmulher, como sendo<br \/>\no nascimento da  Verdade,<br \/>\no alvorecer do Amor divino,<br \/>\nirrompendo sobre as trevas<br \/>\nda  mat\u00e9ria e do mal,<br \/>\ncom a gl\u00f3ria do ser<br \/>\ninfinito.<\/em><\/p>\n<p><em>As doutrinas e  hip\u00f3teses<br \/>\nhumanas ou a vaga filosofia<br \/>\ndos homens conferem<br \/>\npouco  resplendor divino,<br \/>\npouca presen\u00e7a ou poder de\u00edficos.<br \/>\nO Natal, para<br \/>\nmim, \u00e9 aquilo que<br \/>\nfaz lembrar o grande dom<br \/>\nde Deus, Sua id\u00e9ia  espiritual, o<br \/>\nhomem e o universo,<br \/>\ndom esse que de tal<br \/>\nforma  transcende o ato mortal,<br \/>\nmaterial, sensual, de dar,<br \/>\nque a alegria  ruidosa,<br \/>\na ambi\u00e7\u00e3o desmedida, a<br \/>\nrivalidade e o ritual<br \/>\nde nosso Natal  costumeiro<br \/>\nparecem um esc\u00e1rnio humano,<br \/>\num arremedo da<br \/>\nverdadeira  adora\u00e7\u00e3o<br \/>\nque comemora a vinda do Cristo.<\/em><\/p>\n<p><em>Eu gosto de observar o Natal<br \/>\nem quietude, humildade,<br \/>\nbenevol\u00eancia, caridade,<br \/>\ndeixando que a boa  vontade<br \/>\npara com o homem,<\/em><em> o sil\u00eancio eloq\u00fcente, a ora\u00e7\u00e3o e o  louvor expressem<br \/>\nminha concep\u00e7\u00e3o<br \/>\ndo aparecimento da  Verdade.<\/em><\/p>\n<p><em>O esplendor dessa<br \/>\nnatividade do Cristo<br \/>\nrevela  significados infinitos e<br \/>\nproporciona m\u00faltiplas b\u00ean\u00e7\u00e3os.<br \/>\nOs presentes<br \/>\nmateriais e os passatempos<br \/>\ntendem a obliterar,<br \/>\nna consci\u00eancia, a  id\u00e9ia espiritual,<br \/>\ndeixando o indiv\u00edduo<br \/>\nsozinho e sem a gl\u00f3ria de  Deus.<\/em><\/p>\n<p>(De O Arauto da Ci\u00eancia Crist\u00e3 \u2013 Dez.1995)<\/p><\/div>\n","protected":false},"excerpt":{"rendered":"<p>Mary Baker Eddy Para mim, o Natal envolve um segredo em aberto, compreendido por poucos, ou por ningu\u00e9m, e inef\u00e1vel, exceto na Ci\u00eancia Crist\u00e3. Cristo n\u00e3o nasceu da carne. Cristo \u00e9 a Verdade e a Vida, nascido de Deus, nascido do Esp\u00edrito e n\u00e3o da mat\u00e9ria. Jesus, o Profeta da Galil\u00e9ia, nasceu dos pensamentos espirituais &hellip; <\/p>\n<p class=\"link-more\"><a href=\"https:\/\/www.fachodeluz.blog.br\/wp\/2008\/12\/24\/o-que-significa-o-natal-para-mim\/\" class=\"more-link\">Leia mais<span class=\"screen-reader-text\"> &#8220;O QUE SIGNIFICA O NATAL PARA MIM&#8221;<\/span><\/a><\/p>\n","protected":false},"author":2,"featured_media":0,"comment_status":"open","ping_status":"open","sticky":false,"template":"","format":"standard","meta":{"nf_dc_page":"","_crdt_document":"","footnotes":""},"categories":[4],"tags":[],"class_list":["post-694","post","type-post","status-publish","format-standard","hentry","category-especiais"],"featured_media_urls":[],"_links":{"self":[{"href":"https:\/\/www.fachodeluz.blog.br\/wp\/wp-json\/wp\/v2\/posts\/694","targetHints":{"allow":["GET"]}}],"collection":[{"href":"https:\/\/www.fachodeluz.blog.br\/wp\/wp-json\/wp\/v2\/posts"}],"about":[{"href":"https:\/\/www.fachodeluz.blog.br\/wp\/wp-json\/wp\/v2\/types\/post"}],"author":[{"embeddable":true,"href":"https:\/\/www.fachodeluz.blog.br\/wp\/wp-json\/wp\/v2\/users\/2"}],"replies":[{"embeddable":true,"href":"https:\/\/www.fachodeluz.blog.br\/wp\/wp-json\/wp\/v2\/comments?post=694"}],"version-history":[{"count":0,"href":"https:\/\/www.fachodeluz.blog.br\/wp\/wp-json\/wp\/v2\/posts\/694\/revisions"}],"wp:attachment":[{"href":"https:\/\/www.fachodeluz.blog.br\/wp\/wp-json\/wp\/v2\/media?parent=694"}],"wp:term":[{"taxonomy":"category","embeddable":true,"href":"https:\/\/www.fachodeluz.blog.br\/wp\/wp-json\/wp\/v2\/categories?post=694"},{"taxonomy":"post_tag","embeddable":true,"href":"https:\/\/www.fachodeluz.blog.br\/wp\/wp-json\/wp\/v2\/tags?post=694"}],"curies":[{"name":"wp","href":"https:\/\/api.w.org\/{rel}","templated":true}]}}