{"id":7001,"date":"2011-03-20T10:17:19","date_gmt":"2011-03-20T13:17:19","guid":{"rendered":"http:\/\/fachodeluz.blog.br\/wp\/?p=7001"},"modified":"2011-03-20T13:33:47","modified_gmt":"2011-03-20T16:33:47","slug":"partindo-do-referencial-absoluto","status":"publish","type":"post","link":"https:\/\/www.fachodeluz.blog.br\/wp\/2011\/03\/20\/partindo-do-referencial-absoluto\/","title":{"rendered":"Partindo do Referencial Absoluto"},"content":{"rendered":"<div style=\"text-align: center;\"><a href=\"https:\/\/i0.wp.com\/fachodeluz.blog.br\/wp\/wp-content\/uploads\/2011\/03\/universe.gif\"><img data-recalc-dims=\"1\" loading=\"lazy\" decoding=\"async\" loading=\"lazy\" class=\"aligncenter size-full wp-image-7002\" title=\"universe\" src=\"https:\/\/i0.wp.com\/fachodeluz.blog.br\/wp\/wp-content\/uploads\/2011\/03\/universe.gif?resize=410%2C299\" alt=\"\" width=\"410\" height=\"299\" srcset=\"https:\/\/i0.wp.com\/www.fachodeluz.blog.br\/wp\/wp-content\/uploads\/2011\/03\/universe.gif?w=410&amp;ssl=1 410w, https:\/\/i0.wp.com\/www.fachodeluz.blog.br\/wp\/wp-content\/uploads\/2011\/03\/universe.gif?resize=300%2C218&amp;ssl=1 300w\" sizes=\"auto, (max-width: 410px) 100vw, 410px\" \/><\/a><\/div>\n<div style=\"text-align: center;\"><strong><span style=\"font-family: Trebuchet MS; color: #800080; font-size: x-small;\">.<\/span><\/strong><\/div>\n<div style=\"text-align: center;\"><strong><strong><span style=\"font-family: Trebuchet MS; color: #800080; font-size: xx-large;\">PARTINDO<\/span><\/strong><\/strong><\/div>\n<div style=\"text-align: center;\"><strong><span style=\"font-family: Trebuchet MS; font-size: large;\"><strong><span style=\"color: #800080; font-size: xx-large;\"> DO REFERENCIAL ABSOLUTO<br \/>\n<\/span><\/strong><span style=\"color: #800080;\"><span style=\"font-size: small;\"><strong>D\u00e1rcio<\/strong><br \/>\n<\/span><br \/>\nO reconhecimento da Verdade somente nos \u00e9 poss\u00edvel  se partirmos unicamente\u00a0da Verdade! Ningu\u00e9m v\u00ea luz reconhecendo escurid\u00e3o!\u00a0 O  princ\u00edpio da Verdade diz que Deus \u00e9 Tudo, e, como revela Jo\u00e3o,<em> \u201cDeus \u00e9 luz e  nele n\u00e3o h\u00e1 trevas nenhumas\u201d.<\/em> Portanto,\u00a0 quem partir desta Verdade n\u00e3o ter\u00e1\u00a0  meta a atingir, mas estar\u00e1 <em>sendo<\/em> a pr\u00f3pria meta cumprida! Para isso,  desprezar\u00e1 como \u201clendas\u201d todas as refer\u00eancias a uma suposta exist\u00eancia material,  terrena e passageira!<\/p>\n<p>A Verdade \u00e9 Deus! Qualquer desvio desta  aceita\u00e7\u00e3o\u00a0\u00e9 ilus\u00f3rio! Mera aceita\u00e7\u00e3o de crendice falsa! Por isso, o ponto \u00fanico  a ser focalizado \u00e9 este: DEUS \u00c9 TUDO! Aceite esta Verdade, pense nesta Verdade,  reconhe\u00e7a esta Verdade, e, depois de nela pensar, transcenda tamb\u00e9m o  pensamento, transcenda tudo enxergando que esse \u201ctudo\u201d \u00e9 \u201cnada\u201d, e que o TUDO,  que \u00e9 TUDO, \u00e9 Deus sendo TUDO e sendo VOC\u00ca! Desse modo estar\u00e1 partindo\u00a0\u00a0 de um  referencial verdadeiro, e n\u00e3o de puras \u201cmiragens\u201d.<\/p>\n<p>Mary Baker Eddy disse  o seguinte: <em>\u201cA Ci\u00eancia Crist\u00e3 \u00e9 absoluta; n\u00e3o est\u00e1 aqu\u00e9m do ponto de  perfei\u00e7\u00e3o, nem est\u00e1 avan\u00e7ando para ele; ela j\u00e1 est\u00e1 nesse ponto de perfei\u00e7\u00e3o e  precisa ser praticada a partir da\u00ed. A menos que compreendas plenamente que \u00e9s  filho de Deus, e, portanto, perfeito, n\u00e3o tens princ\u00edpio para demonstrar nem  regra para demonstr\u00e1-lo\u201d.<\/em> Parta disso, da sua perfei\u00e7\u00e3o absoluta,  contemplando a natureza de Deus como a sua, sem jamais se deixar envolver por um  falso referencial de exist\u00eancia, que parte de supostos \u201csentidos humanos\u201d, todos  eles inexistentes.<\/p>\n<p><\/span><\/span><\/strong><\/div>\n<div style=\"text-align: center;\"><strong> <\/strong><\/div>\n<div style=\"text-align: center;\"><span style=\"font-family: Trebuchet MS; color: #800080; font-size: large;\"><strong>*<\/strong><\/span><\/div>\n","protected":false},"excerpt":{"rendered":"<p>. PARTINDO DO REFERENCIAL ABSOLUTO D\u00e1rcio O reconhecimento da Verdade somente nos \u00e9 poss\u00edvel se partirmos unicamente\u00a0da Verdade! Ningu\u00e9m v\u00ea luz reconhecendo escurid\u00e3o!\u00a0 O princ\u00edpio da Verdade diz que Deus \u00e9 Tudo, e, como revela Jo\u00e3o, \u201cDeus \u00e9 luz e nele n\u00e3o h\u00e1 trevas nenhumas\u201d. Portanto,\u00a0 quem partir desta Verdade n\u00e3o ter\u00e1\u00a0 meta a atingir, &hellip; <\/p>\n<p class=\"link-more\"><a href=\"https:\/\/www.fachodeluz.blog.br\/wp\/2011\/03\/20\/partindo-do-referencial-absoluto\/\" class=\"more-link\">Leia mais<span class=\"screen-reader-text\"> &#8220;Partindo do Referencial Absoluto&#8221;<\/span><\/a><\/p>\n","protected":false},"author":2,"featured_media":0,"comment_status":"open","ping_status":"open","sticky":false,"template":"","format":"standard","meta":{"nf_dc_page":"","_crdt_document":"","footnotes":""},"categories":[10],"tags":[],"class_list":["post-7001","post","type-post","status-publish","format-standard","hentry","category-darcio-dezolt"],"featured_media_urls":[],"_links":{"self":[{"href":"https:\/\/www.fachodeluz.blog.br\/wp\/wp-json\/wp\/v2\/posts\/7001","targetHints":{"allow":["GET"]}}],"collection":[{"href":"https:\/\/www.fachodeluz.blog.br\/wp\/wp-json\/wp\/v2\/posts"}],"about":[{"href":"https:\/\/www.fachodeluz.blog.br\/wp\/wp-json\/wp\/v2\/types\/post"}],"author":[{"embeddable":true,"href":"https:\/\/www.fachodeluz.blog.br\/wp\/wp-json\/wp\/v2\/users\/2"}],"replies":[{"embeddable":true,"href":"https:\/\/www.fachodeluz.blog.br\/wp\/wp-json\/wp\/v2\/comments?post=7001"}],"version-history":[{"count":0,"href":"https:\/\/www.fachodeluz.blog.br\/wp\/wp-json\/wp\/v2\/posts\/7001\/revisions"}],"wp:attachment":[{"href":"https:\/\/www.fachodeluz.blog.br\/wp\/wp-json\/wp\/v2\/media?parent=7001"}],"wp:term":[{"taxonomy":"category","embeddable":true,"href":"https:\/\/www.fachodeluz.blog.br\/wp\/wp-json\/wp\/v2\/categories?post=7001"},{"taxonomy":"post_tag","embeddable":true,"href":"https:\/\/www.fachodeluz.blog.br\/wp\/wp-json\/wp\/v2\/tags?post=7001"}],"curies":[{"name":"wp","href":"https:\/\/api.w.org\/{rel}","templated":true}]}}