{"id":7134,"date":"2011-04-09T14:43:17","date_gmt":"2011-04-09T17:43:17","guid":{"rendered":"http:\/\/fachodeluz.blog.br\/wp\/?p=7134"},"modified":"2011-04-09T16:07:29","modified_gmt":"2011-04-09T19:07:29","slug":"veja-se-presente-onde-deus-o-ve","status":"publish","type":"post","link":"https:\/\/www.fachodeluz.blog.br\/wp\/2011\/04\/09\/veja-se-presente-onde-deus-o-ve\/","title":{"rendered":"Veja-se Presente Onde Deus o V\u00ea"},"content":{"rendered":"<div style=\"text-align: center;\"><a href=\"https:\/\/i0.wp.com\/fachodeluz.blog.br\/wp\/wp-content\/uploads\/2011\/04\/way61.gif\"><img data-recalc-dims=\"1\" loading=\"lazy\" decoding=\"async\" loading=\"lazy\" class=\"aligncenter size-full wp-image-7140\" title=\"way6\" src=\"https:\/\/i0.wp.com\/fachodeluz.blog.br\/wp\/wp-content\/uploads\/2011\/04\/way61.gif?resize=410%2C256\" alt=\"\" width=\"410\" height=\"256\" srcset=\"https:\/\/i0.wp.com\/www.fachodeluz.blog.br\/wp\/wp-content\/uploads\/2011\/04\/way61.gif?w=410&amp;ssl=1 410w, https:\/\/i0.wp.com\/www.fachodeluz.blog.br\/wp\/wp-content\/uploads\/2011\/04\/way61.gif?resize=300%2C187&amp;ssl=1 300w\" sizes=\"auto, (max-width: 410px) 100vw, 410px\" \/><\/a><\/div>\n<div style=\"text-align: center;\"><span style=\"color: #008000;\">.<\/span><\/div>\n<div style=\"text-align: center;\"><strong><span style=\"font-family: Trebuchet MS; font-size: large;\"><span style=\"font-family: Calligraphic; color: #008000; font-size: xx-large;\">VEJA-SE\u00a0  PRESENTE ONDE<br \/>\nDEUS O V\u00ca<br \/>\n<\/span><span style=\"color: #008000;\"><span style=\"font-size: medium;\">D\u00e1rcio<br \/>\n<\/span><br \/>\nPor que toda avalia\u00e7\u00e3o feita sobre seres humanos se  mostra falha e retratando imperfei\u00e7\u00f5es? Porque n\u00e3o h\u00e1 Verdade em seres humanos  nem em quaisquer dos julgamentos que a suposta mente humana cria sobre eles.  Deus Se revela como toda a Exist\u00eancia, ou seja, o Verbo Se exprime como Verbo e  sob infinitas manifesta\u00e7\u00f5es espirituais e perfeitas de Si mesmo. Em vista disso,  tudo que for considerado de natureza humana, imperfeita, temporal,\u00a0 e que a  &#8220;mente humana&#8221; estiver relacionando com VOC\u00ca, \u00e9 pura ILUS\u00c3O!<\/p>\n<p>Unicamente  o Sentido divino contempla o que \u00e9 Realidade! N\u00e3o h\u00e1 Sentido divino ao lado de  supostos \u201csentidos humanos\u201d, uma vez que Deus, o Sentido onipresente, \u00e9  TUDO!<\/p>\n<p>J\u00e1 relatei aqui, certa vez, uma \u201csugest\u00e3o mesm\u00e9rica\u201d de que algo  em minha audi\u00e7\u00e3o estava imperfeito. Obviamente, era ILUS\u00c3O, e, como tudo que \u00e9  ILUS\u00c3O, me parecia ser real! Entretanto, se fosse real, Deus, onde eu estava,  teria ficado surdo! E foi em cima dessa Verdade que eu permaneci, mantendo-me  consciente da perman\u00eancia da Audi\u00e7\u00e3o absoluta e onipresente, at\u00e9 que a \u201csugest\u00e3o  hipn\u00f3tica\u201d se desfizesse e comprovasse sua natureza puramente ILUS\u00d3RIA! O  Sentido divino, sendo Onipresente, \u00e9 pleno e perfeito em toda parte e em todo  instante! E, por ser assim, constante e atemporal, podemos entender que este  AGORA \u00e9 o instante \u00fanico em que Deus tem Consci\u00eancia de ser TODO PERFEITO, em  toda extens\u00e3o de SI MESMO! E \u00e9 por isso que partimos sempre do Referencial  divino e jamais do humano! O Referencial divino, AGORA, mostra-nos como  perfeitas Emana\u00e7\u00f5es iluminadas do Verbo, enquanto o \u201creferencial humano\u201d mostra  unicamente \u201csugest\u00f5es hipn\u00f3ticas\u201d com as quais a suposta \u201cmente humana\u201d gera a  ILUS\u00c3O de vida terrena. Portanto, ao meditar, parta de SUA PRESEN\u00c7A NO PARA\u00cdSO,  e nunca \u201cneste mundo\u201d; veja-se presente onde Deus o v\u00ea, fazendo parte do Seu  Reino, sendo um com VOC\u00ca, e, portanto, SENDO  VOC\u00ca!<\/p>\n<p><\/span><\/span><\/strong><strong> <\/strong><\/p>\n<\/div>\n<div style=\"text-align: center;\"><span style=\"font-family: Arial; font-size: x-small;\"><strong>*<br \/>\n<\/strong><\/p>\n<p><\/span><\/div>\n","protected":false},"excerpt":{"rendered":"<p>. VEJA-SE\u00a0 PRESENTE ONDE DEUS O V\u00ca D\u00e1rcio Por que toda avalia\u00e7\u00e3o feita sobre seres humanos se mostra falha e retratando imperfei\u00e7\u00f5es? Porque n\u00e3o h\u00e1 Verdade em seres humanos nem em quaisquer dos julgamentos que a suposta mente humana cria sobre eles. Deus Se revela como toda a Exist\u00eancia, ou seja, o Verbo Se exprime &hellip; <\/p>\n<p class=\"link-more\"><a href=\"https:\/\/www.fachodeluz.blog.br\/wp\/2011\/04\/09\/veja-se-presente-onde-deus-o-ve\/\" class=\"more-link\">Leia mais<span class=\"screen-reader-text\"> &#8220;Veja-se Presente Onde Deus o V\u00ea&#8221;<\/span><\/a><\/p>\n","protected":false},"author":2,"featured_media":0,"comment_status":"open","ping_status":"open","sticky":false,"template":"","format":"standard","meta":{"nf_dc_page":"","_crdt_document":"","footnotes":""},"categories":[10],"tags":[],"class_list":["post-7134","post","type-post","status-publish","format-standard","hentry","category-darcio-dezolt"],"featured_media_urls":[],"_links":{"self":[{"href":"https:\/\/www.fachodeluz.blog.br\/wp\/wp-json\/wp\/v2\/posts\/7134","targetHints":{"allow":["GET"]}}],"collection":[{"href":"https:\/\/www.fachodeluz.blog.br\/wp\/wp-json\/wp\/v2\/posts"}],"about":[{"href":"https:\/\/www.fachodeluz.blog.br\/wp\/wp-json\/wp\/v2\/types\/post"}],"author":[{"embeddable":true,"href":"https:\/\/www.fachodeluz.blog.br\/wp\/wp-json\/wp\/v2\/users\/2"}],"replies":[{"embeddable":true,"href":"https:\/\/www.fachodeluz.blog.br\/wp\/wp-json\/wp\/v2\/comments?post=7134"}],"version-history":[{"count":0,"href":"https:\/\/www.fachodeluz.blog.br\/wp\/wp-json\/wp\/v2\/posts\/7134\/revisions"}],"wp:attachment":[{"href":"https:\/\/www.fachodeluz.blog.br\/wp\/wp-json\/wp\/v2\/media?parent=7134"}],"wp:term":[{"taxonomy":"category","embeddable":true,"href":"https:\/\/www.fachodeluz.blog.br\/wp\/wp-json\/wp\/v2\/categories?post=7134"},{"taxonomy":"post_tag","embeddable":true,"href":"https:\/\/www.fachodeluz.blog.br\/wp\/wp-json\/wp\/v2\/tags?post=7134"}],"curies":[{"name":"wp","href":"https:\/\/api.w.org\/{rel}","templated":true}]}}