{"id":7144,"date":"2011-04-10T10:54:44","date_gmt":"2011-04-10T13:54:44","guid":{"rendered":"http:\/\/fachodeluz.blog.br\/wp\/?p=7144"},"modified":"2011-04-10T10:54:44","modified_gmt":"2011-04-10T13:54:44","slug":"seres-a-semelhanca-de-deus","status":"publish","type":"post","link":"https:\/\/www.fachodeluz.blog.br\/wp\/2011\/04\/10\/seres-a-semelhanca-de-deus\/","title":{"rendered":"Seres \u00e0 Semelhan\u00e7a de Deus"},"content":{"rendered":"<div style=\"text-align: center;\"><a href=\"https:\/\/i0.wp.com\/fachodeluz.blog.br\/wp\/wp-content\/uploads\/2011\/04\/way8.gif\"><img data-recalc-dims=\"1\" loading=\"lazy\" decoding=\"async\" loading=\"lazy\" class=\"aligncenter size-full wp-image-7145\" title=\"way8\" src=\"https:\/\/i0.wp.com\/fachodeluz.blog.br\/wp\/wp-content\/uploads\/2011\/04\/way8.gif?resize=410%2C256\" alt=\"\" width=\"410\" height=\"256\" srcset=\"https:\/\/i0.wp.com\/www.fachodeluz.blog.br\/wp\/wp-content\/uploads\/2011\/04\/way8.gif?w=410&amp;ssl=1 410w, https:\/\/i0.wp.com\/www.fachodeluz.blog.br\/wp\/wp-content\/uploads\/2011\/04\/way8.gif?resize=300%2C187&amp;ssl=1 300w\" sizes=\"auto, (max-width: 410px) 100vw, 410px\" \/><\/a><\/div>\n<div style=\"text-align: center;\"><span style=\"color: #800080;\">.<\/span><\/div>\n<div style=\"text-align: center;\">\n<div><span style=\"font-family: Verdana; font-size: large;\"><span style=\"font-family: Vivian; color: #800000; font-size: xx-large;\">SERES \u00c0 IMAGEM E <\/span><\/span><\/div>\n<div><span style=\"font-family: Verdana; font-size: large;\"><span style=\"font-family: Vivian; color: #800000; font-size: xx-large;\">SEMELHAN\u00c7A<br \/>\nDE DEUS<br \/>\n<\/span><span style=\"color: #800000;\"><span style=\"font-size: medium;\"><strong>D\u00e1rcio<br \/>\n<\/strong><\/span><br \/>\n<\/span><strong><span style=\"color: #800000;\">Quando a B\u00edblia revela que \u201chomem e mulher os criou, \u00e0 Sua imagem  e semelhan\u00e7a\u201d, e que \u201ctudo o que Deus faz \u00e9 permanente\u201d, est\u00e1 considerando a  Realidade eterna e n\u00e3o as miragens que a suposta mente humana gera e ilude a  maioria! Que \u00e9 o \u201cestudo da Verdade\u201d? \u00c9 exercer o papel do Cristo: \u201cDar  testemunho da Verdade\u201d. Quem d\u00e1 testemunho de algo n\u00e3o tenta alterar, curar nem  melhorar algo, mas sim apenas reconhecer o que \u00e9 objeto daquele testemunho! No  caso, \u201cdar testemunho da Verdade\u201d \u00e9 cada um de n\u00f3s assumir a \u201cMente de Cristo\u201d e  dar o testemunho das revela\u00e7\u00f5es b\u00edblicas em SI MESMO, ou seja, <\/span><span style=\"color: #800000;\"><em>\u201cEU SOU CRIADO \u00c0 IMAGEM E SEMELHAN\u00c7A DE DEUS, E ISTO \u00c9  PERMANENTE!\u201d<br \/>\n<\/em><br \/>\nDEUS \u00c9 TUDO! \u00c9 a \u00fanica, Presen\u00e7a, \u00fanico Poder e \u00fanica  Evid\u00eancia! Enquanto voc\u00ea se encantar com \u201ceste mundo\u201d, enquanto se deixar iludir  pelos seus \u201catrativos\u201d, estar\u00e1 dando testemunho da mentira, iludido por ela e  deixando a Verdade de lado! \u201cN\u00e3o podeis servir a dois senhores\u201d, disse Jesus. A  Verdade \u00e9 que o REINO DE DEUS \u00e9 \u00fanico, pleno e real, enquanto \u201ceste mundo\u201d \u00e9  meramente uma sequ\u00eancia de imagens hipn\u00f3ticas ludibriantes! Por isso \u00e9 revelado  que <em>\u201ctodo aquele nascido de Deus vence o mundo\u201d:<\/em> o \u201cnascido de Deus\u201d \u00e9  o ser consciente de \u201cter a Mente de Cristo\u201d, a Mente divina em seu Ser  individual e uno com o Pai! Este Ser, \u201cdando testemunho da Verdade\u201d, \u00e9 o que  \u201cvence o mundo\u201d, \u00e9 o que, \u201cnascido de novo\u201d, se v\u00ea despojado do ilus\u00f3rio \u201ceu das  imagens hipn\u00f3ticas\u201d e dando, em <em>SI MESMO,<\/em> o testemunho da Verdade de  sua filia\u00e7\u00e3o divina, perfeita, gloriosa\u00a0e  permanente.<\/p>\n<p>*<\/span><\/strong><\/span><\/div>\n<\/div>\n","protected":false},"excerpt":{"rendered":"<p>. SERES \u00c0 IMAGEM E SEMELHAN\u00c7A DE DEUS D\u00e1rcio Quando a B\u00edblia revela que \u201chomem e mulher os criou, \u00e0 Sua imagem e semelhan\u00e7a\u201d, e que \u201ctudo o que Deus faz \u00e9 permanente\u201d, est\u00e1 considerando a Realidade eterna e n\u00e3o as miragens que a suposta mente humana gera e ilude a maioria! Que \u00e9 o &hellip; <\/p>\n<p class=\"link-more\"><a href=\"https:\/\/www.fachodeluz.blog.br\/wp\/2011\/04\/10\/seres-a-semelhanca-de-deus\/\" class=\"more-link\">Leia mais<span class=\"screen-reader-text\"> &#8220;Seres \u00e0 Semelhan\u00e7a de Deus&#8221;<\/span><\/a><\/p>\n","protected":false},"author":2,"featured_media":0,"comment_status":"open","ping_status":"open","sticky":false,"template":"","format":"standard","meta":{"nf_dc_page":"","_crdt_document":"","footnotes":""},"categories":[10],"tags":[],"class_list":["post-7144","post","type-post","status-publish","format-standard","hentry","category-darcio-dezolt"],"featured_media_urls":[],"_links":{"self":[{"href":"https:\/\/www.fachodeluz.blog.br\/wp\/wp-json\/wp\/v2\/posts\/7144","targetHints":{"allow":["GET"]}}],"collection":[{"href":"https:\/\/www.fachodeluz.blog.br\/wp\/wp-json\/wp\/v2\/posts"}],"about":[{"href":"https:\/\/www.fachodeluz.blog.br\/wp\/wp-json\/wp\/v2\/types\/post"}],"author":[{"embeddable":true,"href":"https:\/\/www.fachodeluz.blog.br\/wp\/wp-json\/wp\/v2\/users\/2"}],"replies":[{"embeddable":true,"href":"https:\/\/www.fachodeluz.blog.br\/wp\/wp-json\/wp\/v2\/comments?post=7144"}],"version-history":[{"count":0,"href":"https:\/\/www.fachodeluz.blog.br\/wp\/wp-json\/wp\/v2\/posts\/7144\/revisions"}],"wp:attachment":[{"href":"https:\/\/www.fachodeluz.blog.br\/wp\/wp-json\/wp\/v2\/media?parent=7144"}],"wp:term":[{"taxonomy":"category","embeddable":true,"href":"https:\/\/www.fachodeluz.blog.br\/wp\/wp-json\/wp\/v2\/categories?post=7144"},{"taxonomy":"post_tag","embeddable":true,"href":"https:\/\/www.fachodeluz.blog.br\/wp\/wp-json\/wp\/v2\/tags?post=7144"}],"curies":[{"name":"wp","href":"https:\/\/api.w.org\/{rel}","templated":true}]}}