{"id":7372,"date":"2011-05-16T16:17:46","date_gmt":"2011-05-16T19:17:46","guid":{"rendered":"http:\/\/fachodeluz.blog.br\/wp\/?p=7372"},"modified":"2011-05-16T16:17:46","modified_gmt":"2011-05-16T19:17:46","slug":"somente-deus-tem-vida","status":"publish","type":"post","link":"https:\/\/www.fachodeluz.blog.br\/wp\/2011\/05\/16\/somente-deus-tem-vida\/","title":{"rendered":"Somente Deus Tem Vida"},"content":{"rendered":"<div style=\"text-align: center;\"><a href=\"https:\/\/i0.wp.com\/fachodeluz.blog.br\/wp\/wp-content\/uploads\/2011\/05\/book1.gif\"><img data-recalc-dims=\"1\" loading=\"lazy\" decoding=\"async\" loading=\"lazy\" class=\"aligncenter size-full wp-image-7373\" title=\"book1\" src=\"https:\/\/i0.wp.com\/fachodeluz.blog.br\/wp\/wp-content\/uploads\/2011\/05\/book1.gif?resize=300%2C300\" alt=\"\" width=\"300\" height=\"300\" srcset=\"https:\/\/i0.wp.com\/www.fachodeluz.blog.br\/wp\/wp-content\/uploads\/2011\/05\/book1.gif?w=300&amp;ssl=1 300w, https:\/\/i0.wp.com\/www.fachodeluz.blog.br\/wp\/wp-content\/uploads\/2011\/05\/book1.gif?resize=150%2C150&amp;ssl=1 150w\" sizes=\"auto, (max-width: 300px) 100vw, 300px\" \/><\/a><\/div>\n<div style=\"text-align: center;\"><span style=\"color: #ffffff;\">.<\/span><\/div>\n<div style=\"text-align: center;\"><\/div>\n<div style=\"text-align: center;\"><strong><span style=\"color: #800080; font-family: Calligraphic; font-size: xx-large;\">SOMENTE  DEUS <\/span><\/strong><\/div>\n<div style=\"text-align: center;\"><strong><span style=\"font-family: Trebuchet MS; font-size: large;\"><span style=\"color: #800080;\"><span style=\"font-family: Calligraphic; font-size: xx-large;\">TEM  VIDA<br \/>\n<\/span>D\u00e1rcio<\/p>\n<p>As imagens de nascimento e morte criam a ilus\u00e3o de  que existem seres humanos com vida pr\u00f3pria. Esta ilus\u00e3o faz algu\u00e9m achar que um  suposto casal \u00e9 capaz de \u201cgerar novas vidas\u201d, at\u00e9 que estas vidas encontrem a  chamada \u201cmorte\u201d, ou, como muitos encaram, a continuidade da vida em outros  planos de exist\u00eancia.<\/p>\n<p>A Vida n\u00e3o tem continuidade e sim perpetuidade,  uma vez que somente Deus tem Vida e \u00e9 a Vida que tem. Cristo disse: \u201cEu Sou a  ressurrei\u00e7\u00e3o e a Vida\u201d, dando-nos o Caminho de liberta\u00e7\u00e3o da cren\u00e7a em vidas  pessoais, vidas humanas ou vidas em continuidade em supostos planos relativos:  tudo isso unicamente \u00e9 a grande <em>ilus\u00e3o de massa!<\/em> A cegueira que n\u00e3o  reconhece a Deus como Vida plena, iluminada e \u00fanica deste <\/span><span style=\"color: #800080;\"><em>AGORA!<br \/>\n<\/em><br \/>\nN\u00e3o h\u00e1 seres com vidas apartadas de Deus!  Toda Vida \u00e9 Deus Se expressando e, por mais que passemos a dar nomes a  \u201capar\u00eancias vivas\u201d, vendo nelas \u201cvida temporal\u201d, a real Vida, que de fato\u00a0Se faz  presente, \u00e9 unicamente Deus. Deus \u00e9 a minha Vida, Deus \u00e9 a sua Vida, Deus \u00e9 a  Vida de todos. As imagens de seres que nascem e que morrem n\u00e3o s\u00e3o realidades,  mas t\u00e3o somente a \u201cilus\u00e3o\u201d se mostrando como imagens falsas! Entre em medita\u00e7\u00e3o  e reconhe\u00e7a que unicamente Deus \u00e9 sua Vida, e,\u00a0 que esta Vida \u00e9 eterna,  onipresente e completa em Sua Unidade perfeita, e viva no Plano \u00fanico do  Absoluto.<\/p>\n<p>*<\/span><\/span><\/strong><\/div>\n","protected":false},"excerpt":{"rendered":"<p>. SOMENTE DEUS TEM VIDA D\u00e1rcio As imagens de nascimento e morte criam a ilus\u00e3o de que existem seres humanos com vida pr\u00f3pria. Esta ilus\u00e3o faz algu\u00e9m achar que um suposto casal \u00e9 capaz de \u201cgerar novas vidas\u201d, at\u00e9 que estas vidas encontrem a chamada \u201cmorte\u201d, ou, como muitos encaram, a continuidade da vida em &hellip; <\/p>\n<p class=\"link-more\"><a href=\"https:\/\/www.fachodeluz.blog.br\/wp\/2011\/05\/16\/somente-deus-tem-vida\/\" class=\"more-link\">Leia mais<span class=\"screen-reader-text\"> &#8220;Somente Deus Tem Vida&#8221;<\/span><\/a><\/p>\n","protected":false},"author":2,"featured_media":0,"comment_status":"open","ping_status":"open","sticky":false,"template":"","format":"standard","meta":{"nf_dc_page":"","_crdt_document":"","footnotes":""},"categories":[10],"tags":[],"class_list":["post-7372","post","type-post","status-publish","format-standard","hentry","category-darcio-dezolt"],"featured_media_urls":[],"_links":{"self":[{"href":"https:\/\/www.fachodeluz.blog.br\/wp\/wp-json\/wp\/v2\/posts\/7372","targetHints":{"allow":["GET"]}}],"collection":[{"href":"https:\/\/www.fachodeluz.blog.br\/wp\/wp-json\/wp\/v2\/posts"}],"about":[{"href":"https:\/\/www.fachodeluz.blog.br\/wp\/wp-json\/wp\/v2\/types\/post"}],"author":[{"embeddable":true,"href":"https:\/\/www.fachodeluz.blog.br\/wp\/wp-json\/wp\/v2\/users\/2"}],"replies":[{"embeddable":true,"href":"https:\/\/www.fachodeluz.blog.br\/wp\/wp-json\/wp\/v2\/comments?post=7372"}],"version-history":[{"count":0,"href":"https:\/\/www.fachodeluz.blog.br\/wp\/wp-json\/wp\/v2\/posts\/7372\/revisions"}],"wp:attachment":[{"href":"https:\/\/www.fachodeluz.blog.br\/wp\/wp-json\/wp\/v2\/media?parent=7372"}],"wp:term":[{"taxonomy":"category","embeddable":true,"href":"https:\/\/www.fachodeluz.blog.br\/wp\/wp-json\/wp\/v2\/categories?post=7372"},{"taxonomy":"post_tag","embeddable":true,"href":"https:\/\/www.fachodeluz.blog.br\/wp\/wp-json\/wp\/v2\/tags?post=7372"}],"curies":[{"name":"wp","href":"https:\/\/api.w.org\/{rel}","templated":true}]}}