{"id":7637,"date":"2011-06-11T07:17:19","date_gmt":"2011-06-11T10:17:19","guid":{"rendered":"http:\/\/fachodeluz.blog.br\/wp\/?p=7637"},"modified":"2011-06-11T12:11:58","modified_gmt":"2011-06-11T15:11:58","slug":"ver-e-ser-comentarios","status":"publish","type":"post","link":"https:\/\/www.fachodeluz.blog.br\/wp\/2011\/06\/11\/ver-e-ser-comentarios\/","title":{"rendered":"&#8220;Ver \u00e9 Ser&#8221; (Coment\u00e1rios)"},"content":{"rendered":"<p style=\"text-align: center;\">&nbsp;<\/p>\n<p><span style=\"font-family: Arial; font-size: x-small;\"> <\/span><\/p>\n<div style=\"text-align: center;\"><span style=\"color: #0000ff; font-family: Comic Sans MS; font-size: xx-large;\">&#8220;VER \u00c9 SER&#8221; <\/span><\/div>\n<div style=\"text-align: center;\"><span style=\"font-family: Comic Sans MS; font-size: medium;\"><span style=\"color: #0000ff;\"><span style=\"font-size: x-large;\"> COMENT\u00c1RIOS<br \/>\n<\/span><br \/>\nD\u00e1rcio&nbsp;<\/p>\n<p>O estudo da Verdade \u00e9 a  \u201cpr\u00e1tica da Verdade\u201d; a <em>pr\u00e1tica da Verdade <\/em>\u00e9 o reconhecimento de DEUS como  TUDO: a \u00fanica Presen\u00e7a, o \u00fanico Poder, a \u00fanica Atividade e a \u00fanica Subst\u00e2ncia em  evid\u00eancia. Este texto, \u201cVER \u00c9 SER\u201d, \u00e9 um alerta quanto a isso tudo, uma vez que  erradica o dualismo e revela a unidade \u201cpercep\u00e7\u00e3o <em>como<\/em> manifesta\u00e7\u00e3o\u201d.<\/p>\n<p>Diz a autora: <em>\u201cA Consci\u00eancia que percebe a Verdade \u00e9  a pr\u00f3pria Subst\u00e2ncia, Forma e Atividade do que \u00e9 percebido\u201d.<\/em> Mais adiante  ela diz: <span style=\"color: #0000ff;\"><em>\u201cFora de sua Consci\u00eancia n\u00e3o h\u00e1 mais  nada que possa se revelar. Realmente, ver \u00e9 ser aquilo que estiver sendo visto.  Esta compreens\u00e3o nos faz discernir o ver na qualidade de ser, a revela\u00e7\u00e3o na  qualidade de manifesta\u00e7\u00e3o: tudo \u00e9 simultaneamente Um\u201d.<br \/>\n<\/em><br \/>\nOs diversos  textos sobre a Verdade revelam que DEUS \u00c9 TUDO e que o chamado \u201cmundo material\u201d  \u00e9 o VAZIO: pura ILUS\u00c3O ou NADA. Isto porque a Consci\u00eancia \u00e9 Deus, \u00e9 Uma,\u00a0 e \u00e9 a  Consci\u00eancia de todos e em todos. <strong>Por que Jesus disse que o \u201cReino de  Deus est\u00e1 em n\u00f3s\u201d? Por ser a \u00fanica presen\u00e7a como a Consci\u00eancia infinita e  iluminada que somos.<\/strong> Estas verdades requerem contempla\u00e7\u00e3o absoluta e  radical. Ningu\u00e9m pode despertar de um sonho excluindo somente o que dele \u00e9  tido\u00a0por desagrad\u00e1vel: o despertar \u00e9 radical! Medite e exclua a possibilidade de  haver \u201cmundo material\u201d e fa\u00e7a sua identifica\u00e7\u00e3o com a Consci\u00eancia que unicamente  percebe a Onipresen\u00e7a. Todos os princ\u00edpios espirituais, juntos,\u00a0formam a base a  ser utilizada para este discernimento de que \u201cVER \u00c9 SER\u201d. O que \u201cvemos\u201d,  descartada a ilus\u00f3ria \u201cmente humana\u201d, \u00e9 o que \u201csomos\u201d, porquanto a Exist\u00eancia \u00e9  UMA.<strong> Por este motivo, quando a Consci\u00eancia \u201cpercebe ALGO&#8221;, ela pr\u00f3pria \u00e9  a Subst\u00e2ncia, Forma e Atividade deste \u201cALGO PERCEBIDO\u201d.<\/strong> Este  discernimento \u00e9 a revela\u00e7\u00e3o absoluta de que \u201cTUDO EST\u00c1 FEITO\u201d, quando n\u00e3o mais o  suposto \u201cmundo de apar\u00eancias\u201d \u00e9 levado em conta, uma vez que\u00a0toda a\u00a0aten\u00e7\u00e3o fica  focada em \u201cn\u00f3s mesmos&#8221;, em \u201cnossa Consci\u00eancia\u201d, que \u00e9 Deus, ao lado de que,  \u201cnada existe\u201d. Portanto, se nossa aten\u00e7\u00e3o estiver numa \u201c\u00e1rvore\u201d, esta, em termos  absolutos, estar\u00e1 sendo a Consci\u00eancia que somos; se nossa aten\u00e7\u00e3o estiver numa  \u201cpessoa conhecida\u201d, esta, em termos absolutos, estar\u00e1 sendo a Consci\u00eancia que  somos. <em>\u201cNaquele dia conhecereis, eu estou no Pai, v\u00f3s em mim e eu em  v\u00f3s\u201d,<\/em> disse Jesus. Falava desta Verdade que estamos conhecendo, n\u00e3o  intelectualmente, mas espiritualmente, e por meio de \u201ccontempla\u00e7\u00f5es\u201d radicais e  absolutas!<\/span><\/p>\n<p><\/span><\/span><\/div>\n<div style=\"text-align: center;\"><span style=\"color: #0000ff; font-family: Comic Sans MS; font-size: medium;\">*<\/span><\/div>\n<p>&nbsp;<\/p>\n","protected":false},"excerpt":{"rendered":"<p>&nbsp; &#8220;VER \u00c9 SER&#8221; COMENT\u00c1RIOS D\u00e1rcio&nbsp; O estudo da Verdade \u00e9 a \u201cpr\u00e1tica da Verdade\u201d; a pr\u00e1tica da Verdade \u00e9 o reconhecimento de DEUS como TUDO: a \u00fanica Presen\u00e7a, o \u00fanico Poder, a \u00fanica Atividade e a \u00fanica Subst\u00e2ncia em evid\u00eancia. Este texto, \u201cVER \u00c9 SER\u201d, \u00e9 um alerta quanto a isso tudo, uma vez &hellip; <\/p>\n<p class=\"link-more\"><a href=\"https:\/\/www.fachodeluz.blog.br\/wp\/2011\/06\/11\/ver-e-ser-comentarios\/\" class=\"more-link\">Leia mais<span class=\"screen-reader-text\"> &#8220;&#8220;Ver \u00e9 Ser&#8221; (Coment\u00e1rios)&#8221;<\/span><\/a><\/p>\n","protected":false},"author":2,"featured_media":0,"comment_status":"open","ping_status":"open","sticky":false,"template":"","format":"standard","meta":{"nf_dc_page":"","_crdt_document":"","footnotes":""},"categories":[10],"tags":[],"class_list":["post-7637","post","type-post","status-publish","format-standard","hentry","category-darcio-dezolt"],"featured_media_urls":[],"_links":{"self":[{"href":"https:\/\/www.fachodeluz.blog.br\/wp\/wp-json\/wp\/v2\/posts\/7637","targetHints":{"allow":["GET"]}}],"collection":[{"href":"https:\/\/www.fachodeluz.blog.br\/wp\/wp-json\/wp\/v2\/posts"}],"about":[{"href":"https:\/\/www.fachodeluz.blog.br\/wp\/wp-json\/wp\/v2\/types\/post"}],"author":[{"embeddable":true,"href":"https:\/\/www.fachodeluz.blog.br\/wp\/wp-json\/wp\/v2\/users\/2"}],"replies":[{"embeddable":true,"href":"https:\/\/www.fachodeluz.blog.br\/wp\/wp-json\/wp\/v2\/comments?post=7637"}],"version-history":[{"count":0,"href":"https:\/\/www.fachodeluz.blog.br\/wp\/wp-json\/wp\/v2\/posts\/7637\/revisions"}],"wp:attachment":[{"href":"https:\/\/www.fachodeluz.blog.br\/wp\/wp-json\/wp\/v2\/media?parent=7637"}],"wp:term":[{"taxonomy":"category","embeddable":true,"href":"https:\/\/www.fachodeluz.blog.br\/wp\/wp-json\/wp\/v2\/categories?post=7637"},{"taxonomy":"post_tag","embeddable":true,"href":"https:\/\/www.fachodeluz.blog.br\/wp\/wp-json\/wp\/v2\/tags?post=7637"}],"curies":[{"name":"wp","href":"https:\/\/api.w.org\/{rel}","templated":true}]}}