{"id":7729,"date":"2011-06-22T05:30:38","date_gmt":"2011-06-22T08:30:38","guid":{"rendered":"http:\/\/fachodeluz.blog.br\/wp\/?p=7729"},"modified":"2011-06-22T05:35:34","modified_gmt":"2011-06-22T08:35:34","slug":"7729","status":"publish","type":"post","link":"https:\/\/www.fachodeluz.blog.br\/wp\/2011\/06\/22\/7729\/","title":{"rendered":"Jamais se Avalie Segundo &#8220;Est\u00e1gios de Consci\u00eancia&#8221;"},"content":{"rendered":"<div style=\"text-align: center;\"><\/div>\n<div style=\"text-align: center;\"><a href=\"https:\/\/i0.wp.com\/fachodeluz.blog.br\/wp\/wp-content\/uploads\/2011\/06\/greenplants.gif\"><img data-recalc-dims=\"1\" loading=\"lazy\" decoding=\"async\" loading=\"lazy\" class=\"aligncenter size-full wp-image-7732\" title=\"greenplants\" src=\"https:\/\/i0.wp.com\/fachodeluz.blog.br\/wp\/wp-content\/uploads\/2011\/06\/greenplants.gif?resize=400%2C300\" alt=\"\" width=\"400\" height=\"300\" srcset=\"https:\/\/i0.wp.com\/www.fachodeluz.blog.br\/wp\/wp-content\/uploads\/2011\/06\/greenplants.gif?w=400&amp;ssl=1 400w, https:\/\/i0.wp.com\/www.fachodeluz.blog.br\/wp\/wp-content\/uploads\/2011\/06\/greenplants.gif?resize=300%2C225&amp;ssl=1 300w\" sizes=\"auto, (max-width: 400px) 100vw, 400px\" \/><\/a><span style=\"color: #ffffff;\">.<\/span><\/div>\n<div style=\"text-align: center;\"><strong><span style=\"color: #008000; font-family: Arial; font-size: x-large;\">JAMAIS SE AVALIE <\/span><\/strong><\/div>\n<div style=\"text-align: center;\"><strong><span style=\"color: #008000; font-family: Arial; font-size: x-large;\">SEGUNDO &#8220;<\/span><\/strong><span style=\"font-family: Arial; font-size: large;\"><span style=\"color: #008000; font-size: x-large;\"><strong>EST\u00c1GIOS DE CONSCI\u00caNCIA&#8221;<br \/>\n<\/strong><\/span><span style=\"color: #008000;\"><span style=\"font-size: small;\"><strong>D\u00e1rcio<br \/>\n<\/strong><\/span>&nbsp;<\/p>\n<p>Quem  estuda a Verdade deve se ater \u00e0 Verdade, e isto de modo absoluto ou\u00a0radical. A  Verdade \u00e9 que DEUS \u00c9 TUDO, e que inexiste suposta \u201chumanidade\u201d coexistindo com a  Onipresen\u00e7a divina. Mesmo que haja ensinamentos falando em \u201cest\u00e1gios de  consci\u00eancia\u201d, que seriam supostos \u201cgraus de evolu\u00e7\u00e3o do ser&#8221;, um julgamento  dessa natureza \u00e9 ILUS\u00c3O! Mesmo enquanto as pessoas se viam como humanos  imperfeitos, Jesus dizia: <em>\u201cSois a Luz do mundo (&#8230;).colocai a VOSSA LUZ no  alto&#8230;\u201d<\/em> N\u00e3o buscava palavras dentro da \u201cl\u00f3gica comum\u201d,\u00a0mas sim pregava as  \u201cloucuras de Deus\u201d, assim vistas pela ilus\u00f3ria mente humana!<\/p>\n<p>Jamais VOC\u00ca  passa por \u201cest\u00e1gios de consci\u00eancia\u201d, assim como jamais um diamante se altera  tendo em vista cont\u00ednuas remo\u00e7\u00f5es de terra que\u00a0com ele\u00a0se misturam. <span style=\"font-family: Arial Black;\">Alimentar a cren\u00e7a em \u201cest\u00e1gios de consci\u00eancia\u201d significa  negar a Verdade absoluta de que DEUS \u00c9 TUDO, que somos a Vida de Deus Se  expressando como ser individual e que o \u201ctempo n\u00e3o existe\u201d.<\/span> Firme-se nos  princ\u00edpios da Verdade, e n\u00e3o em \u201capar\u00eancias\u201d. Isto, em termos pr\u00e1ticos,  significa \u201ccolocar a SUA LUZ no alto do alqueire\u201d, que \u00e9 admitir, aqui e agora:  <span style=\"font-family: Arial Black;\">\u201cEu Sou Consci\u00eancia iluminada\u201d, e n\u00e3o \u201cmente ilus\u00f3ria\u201d  que capta o vazio \u201cmundo da ilus\u00e3o\u201d.<\/span><\/p>\n<p><\/span><\/span><\/div>\n<div style=\"text-align: center;\"><span style=\"color: #008000; font-family: Arial Black; font-size: large;\">*<\/span><\/div>\n","protected":false},"excerpt":{"rendered":"<p>. JAMAIS SE AVALIE SEGUNDO &#8220;EST\u00c1GIOS DE CONSCI\u00caNCIA&#8221; D\u00e1rcio &nbsp; Quem estuda a Verdade deve se ater \u00e0 Verdade, e isto de modo absoluto ou\u00a0radical. A Verdade \u00e9 que DEUS \u00c9 TUDO, e que inexiste suposta \u201chumanidade\u201d coexistindo com a Onipresen\u00e7a divina. Mesmo que haja ensinamentos falando em \u201cest\u00e1gios de consci\u00eancia\u201d, que seriam supostos \u201cgraus &hellip; <\/p>\n<p class=\"link-more\"><a href=\"https:\/\/www.fachodeluz.blog.br\/wp\/2011\/06\/22\/7729\/\" class=\"more-link\">Leia mais<span class=\"screen-reader-text\"> &#8220;Jamais se Avalie Segundo &#8220;Est\u00e1gios de Consci\u00eancia&#8221;&#8221;<\/span><\/a><\/p>\n","protected":false},"author":2,"featured_media":0,"comment_status":"open","ping_status":"open","sticky":false,"template":"","format":"standard","meta":{"nf_dc_page":"","_crdt_document":"","footnotes":""},"categories":[10],"tags":[],"class_list":["post-7729","post","type-post","status-publish","format-standard","hentry","category-darcio-dezolt"],"featured_media_urls":[],"_links":{"self":[{"href":"https:\/\/www.fachodeluz.blog.br\/wp\/wp-json\/wp\/v2\/posts\/7729","targetHints":{"allow":["GET"]}}],"collection":[{"href":"https:\/\/www.fachodeluz.blog.br\/wp\/wp-json\/wp\/v2\/posts"}],"about":[{"href":"https:\/\/www.fachodeluz.blog.br\/wp\/wp-json\/wp\/v2\/types\/post"}],"author":[{"embeddable":true,"href":"https:\/\/www.fachodeluz.blog.br\/wp\/wp-json\/wp\/v2\/users\/2"}],"replies":[{"embeddable":true,"href":"https:\/\/www.fachodeluz.blog.br\/wp\/wp-json\/wp\/v2\/comments?post=7729"}],"version-history":[{"count":0,"href":"https:\/\/www.fachodeluz.blog.br\/wp\/wp-json\/wp\/v2\/posts\/7729\/revisions"}],"wp:attachment":[{"href":"https:\/\/www.fachodeluz.blog.br\/wp\/wp-json\/wp\/v2\/media?parent=7729"}],"wp:term":[{"taxonomy":"category","embeddable":true,"href":"https:\/\/www.fachodeluz.blog.br\/wp\/wp-json\/wp\/v2\/categories?post=7729"},{"taxonomy":"post_tag","embeddable":true,"href":"https:\/\/www.fachodeluz.blog.br\/wp\/wp-json\/wp\/v2\/tags?post=7729"}],"curies":[{"name":"wp","href":"https:\/\/api.w.org\/{rel}","templated":true}]}}