{"id":8179,"date":"2011-07-30T10:12:50","date_gmt":"2011-07-30T13:12:50","guid":{"rendered":"http:\/\/fachodeluz.blog.br\/wp\/?p=8179"},"modified":"2011-07-30T10:19:08","modified_gmt":"2011-07-30T13:19:08","slug":"paciencia-ao-meditar","status":"publish","type":"post","link":"https:\/\/www.fachodeluz.blog.br\/wp\/2011\/07\/30\/paciencia-ao-meditar\/","title":{"rendered":"Paci\u00eancia ao Meditar"},"content":{"rendered":"<h1 align=\"center\"><a href=\"https:\/\/i0.wp.com\/fachodeluz.blog.br\/wp\/wp-content\/uploads\/2011\/07\/pm1.gif\"><img data-recalc-dims=\"1\" loading=\"lazy\" decoding=\"async\" loading=\"lazy\" class=\"aligncenter size-full wp-image-8180\" title=\"pm1\" src=\"https:\/\/i0.wp.com\/fachodeluz.blog.br\/wp\/wp-content\/uploads\/2011\/07\/pm1.gif?resize=410%2C266\" alt=\"\" width=\"410\" height=\"266\" srcset=\"https:\/\/i0.wp.com\/www.fachodeluz.blog.br\/wp\/wp-content\/uploads\/2011\/07\/pm1.gif?w=410&amp;ssl=1 410w, https:\/\/i0.wp.com\/www.fachodeluz.blog.br\/wp\/wp-content\/uploads\/2011\/07\/pm1.gif?resize=300%2C194&amp;ssl=1 300w\" sizes=\"auto, (max-width: 410px) 100vw, 410px\" \/><\/a><span style=\"color: #ffffff;\">.<\/span><\/h1>\n<h1 align=\"center\"><span style=\"color: #3d0000;\">PACI\u00caNCIA AO<\/span><\/h1>\n<h1 align=\"center\"><span style=\"color: #3d0000;\">MEDITAR<\/span><\/h1>\n<h3 align=\"center\"><span style=\"color: #3d0000;\">D\u00e1rcio<\/span><\/h3>\n<h3 align=\"center\"><span style=\"color: #3d0000;\">Quanto mais pr\u00e1tica a pessoa vai adquirindo, em suas medita\u00e7\u00f5es, mais r\u00e1pida e eficazmente vai aceitando e j\u00e1 partindo da aceita\u00e7\u00e3o de que somente existe a Mente divina ali presente e sendo a Mente dela. Mas, al\u00e9m da pr\u00e1tica assim adquirida, \u00a0existe um outro fator que interfere nas medita\u00e7\u00f5es: \u00a0o envolvimento com as apar\u00eancias. H\u00e1 pessoas que perdem a calma e a paci\u00eancia para meditar corretamente, quando se sentem \u00a0pressionadas pelas \u00a0atividades cotidianas, quando estas se \u00a0lhes apresentam desarm\u00f4nicas. Todas apar\u00eancias captadas pelos sentidos humanos s\u00e3o \u201cmiragens\u201d, sejam \u00f3timas, sejam desastrosas, ou seja, s\u00e3o meras representa\u00e7\u00f5es hipn\u00f3ticas da \u201ccren\u00e7a coletiva\u201d, \u00a0que acredita ilusoriamente no bem e no mal. Desse modo, se o \u201cmesmerismo\u201d aparentar atrapalhar sua calma ou sua paci\u00eancia, puxando sua aten\u00e7\u00e3o para as suas falsidades, lide com ele com absoluta determina\u00e7\u00e3o, como fazia Jesus: <em>\u201cCala-te, Satan\u00e1s!\u201d<\/em><\/span><\/h3>\n<h3 align=\"center\"><span style=\"color: #3d0000;\">A a\u00e7\u00e3o mesm\u00e9rica \u00e9 travada, quando recebe de nossa parte um choque verbal. Isto porque, na verdade, ele atua puramente em \u201cnosso\u201d envolvimento com a suposta mente humana! H\u00e1 quem diga: \u201cA press\u00e3o mesm\u00e9rica\u00a0 n\u00e3o me deixou meditar como eu queria!\u201d \u00a0Mas, a frase correta seria outra: \u201cO meu \u00a0suposto envolvimento com as apar\u00eancias ilus\u00f3rias n\u00e3o me deixou meditar como eu queria!\u201d<\/span><\/h3>\n<h3 align=\"center\"><span style=\"color: #3d0000;\">Assuma que a responsabilidade \u00e9 unicamente sua, para discernir seu dom\u00ednio de Filho de Deus! Expulse a \u201ccren\u00e7a mesm\u00e9rica\u201d com veem\u00eancia! Afirme para Si mesmo que DEUS, a Harmonia imut\u00e1vel, \u00e9 a \u00fanica Realidade em manifesta\u00e7\u00e3o! Afirme que toda a Verdade \u00e9 INVIS\u00cdVEL para os sentidos humanos, e que todas as manifesta\u00e7\u00f5es VIS\u00cdVEIS s\u00e3o\u00a0 \u201cnadas\u201d aparecendo como imagens hipn\u00f3ticas! Troque seu envolvimento com as imagens falsas pelas imagens da Realidade invis\u00edvel, at\u00e9 que se sinta num clima de Paz infinita! E ent\u00e3o, v\u00e1 \u00e0 \u201cPr\u00e1tica do Sil\u00eancio\u201d ou \u00a0\u00e0 contempla\u00e7\u00e3o absoluta: <\/span><\/h3>\n<h3 align=\"center\"><span style=\"color: #3d0000;\"><em>Deus \u00e9 Tudo,<\/em><\/span><\/h3>\n<h3 align=\"center\"><span style=\"color: #3d0000;\"><em> a Mente \u00fanica, e, est\u00e1, aqui e agora, manifesto<\/em><\/span><\/h3>\n<h3 align=\"center\"><span style=\"color: #3d0000;\"><em> como o Ser que Eu Sou\u201d.<\/em><\/span><\/h3>\n<h3 align=\"center\"><span style=\"color: #3d0000;\">*<\/span><\/h3>\n","protected":false},"excerpt":{"rendered":"<p>. PACI\u00caNCIA AO MEDITAR D\u00e1rcio Quanto mais pr\u00e1tica a pessoa vai adquirindo, em suas medita\u00e7\u00f5es, mais r\u00e1pida e eficazmente vai aceitando e j\u00e1 partindo da aceita\u00e7\u00e3o de que somente existe a Mente divina ali presente e sendo a Mente dela. Mas, al\u00e9m da pr\u00e1tica assim adquirida, \u00a0existe um outro fator que interfere nas medita\u00e7\u00f5es: \u00a0o &hellip; <\/p>\n<p class=\"link-more\"><a href=\"https:\/\/www.fachodeluz.blog.br\/wp\/2011\/07\/30\/paciencia-ao-meditar\/\" class=\"more-link\">Leia mais<span class=\"screen-reader-text\"> &#8220;Paci\u00eancia ao Meditar&#8221;<\/span><\/a><\/p>\n","protected":false},"author":2,"featured_media":0,"comment_status":"open","ping_status":"open","sticky":false,"template":"","format":"standard","meta":{"nf_dc_page":"","_crdt_document":"","footnotes":""},"categories":[10],"tags":[],"class_list":["post-8179","post","type-post","status-publish","format-standard","hentry","category-darcio-dezolt"],"featured_media_urls":[],"_links":{"self":[{"href":"https:\/\/www.fachodeluz.blog.br\/wp\/wp-json\/wp\/v2\/posts\/8179","targetHints":{"allow":["GET"]}}],"collection":[{"href":"https:\/\/www.fachodeluz.blog.br\/wp\/wp-json\/wp\/v2\/posts"}],"about":[{"href":"https:\/\/www.fachodeluz.blog.br\/wp\/wp-json\/wp\/v2\/types\/post"}],"author":[{"embeddable":true,"href":"https:\/\/www.fachodeluz.blog.br\/wp\/wp-json\/wp\/v2\/users\/2"}],"replies":[{"embeddable":true,"href":"https:\/\/www.fachodeluz.blog.br\/wp\/wp-json\/wp\/v2\/comments?post=8179"}],"version-history":[{"count":0,"href":"https:\/\/www.fachodeluz.blog.br\/wp\/wp-json\/wp\/v2\/posts\/8179\/revisions"}],"wp:attachment":[{"href":"https:\/\/www.fachodeluz.blog.br\/wp\/wp-json\/wp\/v2\/media?parent=8179"}],"wp:term":[{"taxonomy":"category","embeddable":true,"href":"https:\/\/www.fachodeluz.blog.br\/wp\/wp-json\/wp\/v2\/categories?post=8179"},{"taxonomy":"post_tag","embeddable":true,"href":"https:\/\/www.fachodeluz.blog.br\/wp\/wp-json\/wp\/v2\/tags?post=8179"}],"curies":[{"name":"wp","href":"https:\/\/api.w.org\/{rel}","templated":true}]}}