{"id":8366,"date":"2011-08-21T11:13:42","date_gmt":"2011-08-21T14:13:42","guid":{"rendered":"http:\/\/fachodeluz.blog.br\/wp\/?p=8366"},"modified":"2011-08-21T11:18:20","modified_gmt":"2011-08-21T14:18:20","slug":"o-homem-verbo-ou-po-em-evolucao","status":"publish","type":"post","link":"https:\/\/www.fachodeluz.blog.br\/wp\/2011\/08\/21\/o-homem-verbo-ou-po-em-evolucao\/","title":{"rendered":"O Homem: Verbo ou &#8220;P\u00f3&#8221; em Evolu\u00e7\u00e3o?"},"content":{"rendered":"<h2 align=\"center\"><a href=\"https:\/\/i0.wp.com\/fachodeluz.blog.br\/wp\/wp-content\/uploads\/2011\/08\/1Jesus.gif\"><img data-recalc-dims=\"1\" loading=\"lazy\" decoding=\"async\" loading=\"lazy\" class=\"aligncenter size-full wp-image-8367\" title=\"1Jesus\" src=\"https:\/\/i0.wp.com\/fachodeluz.blog.br\/wp\/wp-content\/uploads\/2011\/08\/1Jesus.gif?resize=340%2C391\" alt=\"\" width=\"340\" height=\"391\" srcset=\"https:\/\/i0.wp.com\/www.fachodeluz.blog.br\/wp\/wp-content\/uploads\/2011\/08\/1Jesus.gif?w=340&amp;ssl=1 340w, https:\/\/i0.wp.com\/www.fachodeluz.blog.br\/wp\/wp-content\/uploads\/2011\/08\/1Jesus.gif?resize=260%2C300&amp;ssl=1 260w\" sizes=\"auto, (max-width: 340px) 100vw, 340px\" \/><\/a><\/h2>\n<h2 align=\"center\"><span style=\"color: #800000;\">O HOMEM:<\/span><br \/>\n<span style=\"color: #800000;\">VERBO OU \u201cP\u00d3\u201d EM EVOLU\u00c7\u00c3O?<\/span><\/h2>\n<h4 align=\"center\"><span style=\"color: #800000;\">D\u00e1rcio<\/span><\/h4>\n<div align=\"center\"><strong><span style=\"color: #800000;\">Certa vez, conversando com um crist\u00e3o\u00a0 ortodoxo, ele\u00a0 me disse: \u201cQuem, no Evangelho de Jo\u00e3o, foi apontado por Jo\u00e3o Batista como sendo o Verbo, nas passagens que vou lhe mostrar? E abrindo a B\u00edblia, a partir de Jo\u00e3o 1, 26, leu o seguinte:<\/span><\/strong><\/div>\n<div align=\"center\"><span style=\"color: #ffffff;\">.<\/span><\/div>\n<div align=\"center\"><strong><span style=\"color: #800000;\"><em>\u201cEu batizo com \u00e1gua, mas, no meio de v\u00f3s, est\u00e1 um a quem v\u00f3s n\u00e3o conheceis. Este \u00e9 aquele que vem ap\u00f3s mim, que foi antes de mim, do qual n\u00e3o sou digno de desatar a correia da alparca (&#8230;) No dia seguinte, Jo\u00e3o viu a Jesus, que vinha para ele, e disse: Eis o Cordeiro de Deus, que tira o pecado do mundo. Este \u00e9 aquele do qual eu disse: Ap\u00f3s mim vem um var\u00e3o que foi antes de mim, porque j\u00e1 era primeiro do que eu. E eu n\u00e3o o conhecia; mas, para que ele fosse manifestado a Israel, vim eu, por isso, batizando com \u00e1gua. E Jo\u00e3o testificou, dizendo: Eu vi o Esp\u00edrito descer do c\u00e9u como uma pomba e repousar sobre ele. E eu n\u00e3o o conhecia, mas o que me mandou batizar com \u00e1gua, esse me disse: Sobre aquele que vires descer o Esp\u00edrito e sobre ele repousar, esse \u00e9 o que batiza com o Esp\u00edrito Santo. E eu vi e tenho testificado que este \u00e9 o Filho de Deus; No dia seguinte, Jo\u00e3o estava outra vez ali, e dois dos seus disc\u00edpulos. E vendo passar a Jesus, disse: Eis aqui o Cordeiro de Deus. E os dois disc\u00edpulos ouviram-no dizer isto e seguiram a Jesus. E Jesus, voltando-se e vendo que eles o seguiam, disse-lhes: Que buscais? E eles disseram: Rabi, onde moras? Ele lhes disse: Vinde e vede. Foram e viram onde morava, e ficaram com ele aquele dia, e era j\u00e1 quase a hora d\u00e9cima\u201d.<\/em><\/span><\/strong><\/div>\n<div align=\"center\"><strong><span style=\"color: #800000;\"><em><span style=\"color: #ffffff;\">.<\/span><br \/>\n<\/em><\/span><\/strong><\/div>\n<div align=\"center\"><strong><span style=\"color: #800000;\">Em \u201cQUEM?\u201d &#8211; perguntou-me ele &#8211;\u00a0 Jo\u00e3o est\u00e1 dizendo que \u201cviu o Esp\u00edrito descer do c\u00e9u como uma pomba e repousar sobre ele\u201d? QUEM Jo\u00e3o afirmou ter testificado\u00a0ser &#8220;este \u00e9 o Filho de Deus\u201d? E eu lhe respondi:\u00a0 &#8211; &#8220;O CRISTO! Jo\u00e3o estava falando do Ser verdadeiro, a Luz verdadeira que alumia a TODO homem que vem ao mundo, como est\u00e1 revelado no vers\u00edculo 1, 9, e que voc\u00ea pulou! Jo\u00e3o e seu batismo com \u00e1gua, na B\u00edblia, representam a \u201cespera da revela\u00e7\u00e3o de Deus em cada homem\u201d, representam a letra da Verdade, letra que,\u00a0EM TODOS, ser\u00e1 vivificada unicamente pelo \u201cEsp\u00edrito que desce do c\u00e9u\u201d. Enquanto Jo\u00e3o se achava Jo\u00e3o, e n\u00e3o a Luz, estava se identificando segundo a carne, segundo as apar\u00eancias. Por outro lado, Jesus Cristo representa o homem segundo o ju\u00edzo justo, cada um de n\u00f3s discernido pela Verdade,\u00a0pela vis\u00e3o do Olho Simples, ou\u00a0 Mente cr\u00edstica!&#8221; Diante de minha resposta, este\u00a0crist\u00e3o da ortodoxia se mostrou horrorizado: &#8211;\u00a0 \u201cQue absurdo, voc\u00ea disse! Est\u00e1 clar\u00edssimo que Jo\u00e3o est\u00e1 falando \u00e9 s\u00f3 de Jesus! O \u00fanico que foi concebido pelo Esp\u00edrito Santo!&#8221; E eu perguntei a ele: &#8211; &#8220;Ent\u00e3o me responda: quem s\u00e3o estes, citados por Jo\u00e3o nesta outra parte, que tamb\u00e9m voc\u00ea pulou, Jo\u00e3o 1, 12, em que ele diz: \u201cOs quais n\u00e3o nasceram do sangue, nem da vontade da carne, nem da vontade do var\u00e3o, mas de Deus\u201d? QUEM S\u00c3O?&#8221; \u00a0E ouvi a seguinte resposta:\u00a0 &#8211; \u201cBom, eu n\u00e3o sou obrigado a saber tudo que h\u00e1 na B\u00edblia!\u201d<\/span><\/strong><\/div>\n<div align=\"center\"><span style=\"color: #ffffff;\"><strong>.<\/strong><\/span><\/div>\n<div align=\"center\"><strong><span style=\"color: #800000;\">As religi\u00f5es ortodoxas, infelizmente,\u00a0desenharam um Jesus Cristo separado e exterior, enquanto Paulo disse que \u201cJesus Cristo est\u00e1 em n\u00f3s\u201d. \u00c9 a nossa Vida, a Verdade que somos,\u00a0 a\u00a0 real natureza iluminada de todo ser humano, nenhum nascido da carne ou na carne, mas de Deus e em Deus! O despojamento de \u201cAd\u00e3o\u201d, ou do \u201cp\u00f3\u201d, ou seja, a anula\u00e7\u00e3o da CREN\u00c7A FALSA em vida material, encarna\u00e7\u00f5es ou reencarna\u00e7\u00f5es, revela o Cristo em cada Ser, que \u00e9 Deus sendo o homem. \u201cSois o Templo de Deus e o Esp\u00edrito de Deus habita em v\u00f3s\u201d (I Co. 3, 16); \u201cJesus Cristo est\u00e1 em v\u00f3s\u201d (II Co. 13, 5); o Reino de Deus est\u00e1 dentro de v\u00f3s\u201d Lc. 17, 20).<\/span><\/strong><\/div>\n<div align=\"center\"><span style=\"color: #ffffff;\"><strong>.<\/strong><\/span><\/div>\n<div align=\"center\"><strong><span style=\"color: #800000;\">Erradiquemos a falsa cren\u00e7a religiosa em que \u201cJesus Cristo\u201d \u00e9 visto como \u201cpessoa especial\u201d. Nada existe, sen\u00e3o Deus! O Pai, em Jesus, \u00e9 o Cristo! O Pai, em VOC\u00ca, \u00e9 o Cristo! \u201cCristo \u00e9 tudo em todos\u201d (Cl. 3: 11) Quando voc\u00ea descobrir-se formando esta Totalidade ou Unidade divina, estar\u00e1 conhecendo a Verdade, e sendo \u201cbatizado com fogo\u201d; por\u00e9m, enquanto se julgar sendo \u201cp\u00f3 em evolu\u00e7\u00e3o\u201d, estar\u00e1 unicamente dando testemunho da mentira. <em>\u201cQuem cr\u00ea no Filho de Deus, em si mesmo tem o testemunho; quem a Deus n\u00e3o cr\u00ea, mentiroso o fez, porquanto n\u00e3o creu no testemunho que Deus de seu Filho deu. E o testemunho \u00e9 este: que Deus nos deu a vida eterna; e esta vida est\u00e1 em seu Filho. Quem tem o Filho, tem a vida; quem n\u00e3o tem o Filho de Deus, n\u00e3o tem a vida. Estas coisas vos escrevi, para que saibais que tendes a vida eterna e para que creiais no nome do Filho de Deus\u201d<\/em> (I Jo\u00e3o,\u00a0 5: 10-13).<\/span><\/strong><\/div>\n<div align=\"center\"><span style=\"color: #ffffff;\"><strong>.<\/strong><\/span><\/div>\n<div align=\"center\"><strong><span style=\"color: #800000;\">N\u00e3o foi por acaso que Gandhi, ao ser indagado sobre o Cristianismo, respondeu: <em>\u201cAceito o Cristo e o seu Evangelho; s\u00f3 n\u00e3o aceito o vosso Cristianismo&#8221;.<\/em><\/span><\/strong><\/div>\n<div align=\"center\"><strong><span style=\"color: #800000;\">*<\/span><\/strong><\/div>\n","protected":false},"excerpt":{"rendered":"<p>O HOMEM: VERBO OU \u201cP\u00d3\u201d EM EVOLU\u00c7\u00c3O? D\u00e1rcio Certa vez, conversando com um crist\u00e3o\u00a0 ortodoxo, ele\u00a0 me disse: \u201cQuem, no Evangelho de Jo\u00e3o, foi apontado por Jo\u00e3o Batista como sendo o Verbo, nas passagens que vou lhe mostrar? E abrindo a B\u00edblia, a partir de Jo\u00e3o 1, 26, leu o seguinte: . \u201cEu batizo com &hellip; <\/p>\n<p class=\"link-more\"><a href=\"https:\/\/www.fachodeluz.blog.br\/wp\/2011\/08\/21\/o-homem-verbo-ou-po-em-evolucao\/\" class=\"more-link\">Leia mais<span class=\"screen-reader-text\"> &#8220;O Homem: Verbo ou &#8220;P\u00f3&#8221; em Evolu\u00e7\u00e3o?&#8221;<\/span><\/a><\/p>\n","protected":false},"author":2,"featured_media":0,"comment_status":"open","ping_status":"open","sticky":false,"template":"","format":"standard","meta":{"nf_dc_page":"","_crdt_document":"","footnotes":""},"categories":[10],"tags":[],"class_list":["post-8366","post","type-post","status-publish","format-standard","hentry","category-darcio-dezolt"],"featured_media_urls":[],"_links":{"self":[{"href":"https:\/\/www.fachodeluz.blog.br\/wp\/wp-json\/wp\/v2\/posts\/8366","targetHints":{"allow":["GET"]}}],"collection":[{"href":"https:\/\/www.fachodeluz.blog.br\/wp\/wp-json\/wp\/v2\/posts"}],"about":[{"href":"https:\/\/www.fachodeluz.blog.br\/wp\/wp-json\/wp\/v2\/types\/post"}],"author":[{"embeddable":true,"href":"https:\/\/www.fachodeluz.blog.br\/wp\/wp-json\/wp\/v2\/users\/2"}],"replies":[{"embeddable":true,"href":"https:\/\/www.fachodeluz.blog.br\/wp\/wp-json\/wp\/v2\/comments?post=8366"}],"version-history":[{"count":0,"href":"https:\/\/www.fachodeluz.blog.br\/wp\/wp-json\/wp\/v2\/posts\/8366\/revisions"}],"wp:attachment":[{"href":"https:\/\/www.fachodeluz.blog.br\/wp\/wp-json\/wp\/v2\/media?parent=8366"}],"wp:term":[{"taxonomy":"category","embeddable":true,"href":"https:\/\/www.fachodeluz.blog.br\/wp\/wp-json\/wp\/v2\/categories?post=8366"},{"taxonomy":"post_tag","embeddable":true,"href":"https:\/\/www.fachodeluz.blog.br\/wp\/wp-json\/wp\/v2\/tags?post=8366"}],"curies":[{"name":"wp","href":"https:\/\/api.w.org\/{rel}","templated":true}]}}