{"id":8592,"date":"2011-09-20T10:04:19","date_gmt":"2011-09-20T13:04:19","guid":{"rendered":"http:\/\/fachodeluz.blog.br\/wp\/?p=8592"},"modified":"2011-09-20T10:07:36","modified_gmt":"2011-09-20T13:07:36","slug":"a-relacao-mente-e-espirito-6","status":"publish","type":"post","link":"https:\/\/www.fachodeluz.blog.br\/wp\/2011\/09\/20\/a-relacao-mente-e-espirito-6\/","title":{"rendered":"A Rela\u00e7\u00e3o Mente e Esp\u00edrito-6"},"content":{"rendered":"<p style=\"text-align: center;\"><strong><span style=\"font-family: Arial; font-size: x-small;\"><span style=\"font-family: Arial; font-size: x-small;\"><a href=\"https:\/\/i0.wp.com\/fachodeluz.blog.br\/wp\/wp-content\/uploads\/2011\/09\/me6.gif\"><img data-recalc-dims=\"1\" loading=\"lazy\" decoding=\"async\" loading=\"lazy\" class=\"aligncenter size-full wp-image-8593\" title=\"me6\" src=\"https:\/\/i0.wp.com\/fachodeluz.blog.br\/wp\/wp-content\/uploads\/2011\/09\/me6.gif?resize=450%2C338\" alt=\"\" width=\"450\" height=\"338\" srcset=\"https:\/\/i0.wp.com\/www.fachodeluz.blog.br\/wp\/wp-content\/uploads\/2011\/09\/me6.gif?w=450&amp;ssl=1 450w, https:\/\/i0.wp.com\/www.fachodeluz.blog.br\/wp\/wp-content\/uploads\/2011\/09\/me6.gif?resize=300%2C225&amp;ssl=1 300w\" sizes=\"auto, (max-width: 450px) 100vw, 450px\" \/><\/a><span style=\"color: #ffffff;\">.\u00a0<\/span><\/span><\/span><\/strong><\/p>\n<div style=\"text-align: center;\" align=\"center\">\u00a0<\/div>\n<div style=\"text-align: center;\" align=\"center\"><strong><\/strong>\u00a0<\/div>\n<div style=\"text-align: center;\" align=\"center\"><strong><span style=\"font-family: Arial; color: #000080; font-size: xx-large;\">A RELA\u00c7\u00c3O MENTE <\/span><\/strong><strong><span style=\"font-family: Arial; color: #000080; font-size: xx-large;\">E ESP\u00cdRITO<\/span><\/strong><\/div>\n<p style=\"text-align: center;\">\u00a0<\/p>\n<div style=\"text-align: center;\" align=\"center\"><strong><span style=\"font-family: Arial; color: #000080; font-size: large;\">D\u00e1rcio<\/span><\/strong><strong>\u00a0<\/strong><\/div>\n<div style=\"text-align: center;\" align=\"center\">\u00a0<\/div>\n<p style=\"text-align: center;\"><strong><span style=\"font-family: Arial; color: #000080; font-size: x-large;\"><em>(\u00a0VI )<\/em><\/span><\/strong><\/p>\n<div style=\"text-align: center;\" align=\"center\"><strong>\u00a0<span style=\"color: #000080; font-size: x-large;\">A Mente \u00danica <\/span><\/strong><\/div>\n<p style=\"text-align: center;\">\u00a0<\/p>\n<div style=\"text-align: center;\" align=\"center\"><strong>\u00a0\u00a0<\/strong><\/div>\n<div align=\"justify\">\n<div style=\"text-align: center;\" align=\"justify\"><strong><span style=\"color: #000080; font-size: large;\">A palavra &#8220;mente&#8221; sempre \u00e9 utilizada em textos espirituais, ora associada com Deus (Mente divina, ou cr\u00edstica), ora associada com a ilus\u00e3o (mente carnal, mente ilus\u00f3ria). A &#8220;mente carnal&#8221; n\u00e3o passa de um conceito da Mente espiritual, e n\u00e3o \u00e9 para ser encarada como real ou existente. A Mente que possu\u00edmos \u00e9 somente a Mente espiritual, divina ou cr\u00edstica, uma vez que \u00e9 esta a \u00fanica Mente verdadeira. Esta Mente espiritual consegue discernir espiritualmente as &#8220;coisas&#8221;. Assim, a Mente divina \u00fanica aparece <span style=\"text-decoration: underline;\">como<\/span> a &#8220;nossa&#8221; Mente individual, e sem perder, por isso, a sua natureza de <span style=\"text-decoration: underline;\">unidade<\/span>.<\/span><\/strong><\/div>\n<div style=\"text-align: center;\" align=\"justify\"><strong>\u00a0<\/strong><\/div>\n<div style=\"text-align: center;\" align=\"center\"><strong><span style=\"color: #000080; font-size: large;\"><span style=\"text-decoration: underline;\">A &#8220;mente carnal&#8221; \u00e9 ilus\u00f3ria e separatista<\/span><\/span><\/strong><\/div>\n<div style=\"text-align: center;\" align=\"center\"><strong>\u00a0<\/strong><\/div>\n<div style=\"text-align: center;\" align=\"justify\"><strong>\u00a0<\/strong><\/div>\n<div style=\"text-align: center;\" align=\"justify\"><strong><span style=\"color: #000080; font-size: large;\">Se considerarmos como existente a mente humana ou carnal, notaremos tamb\u00e9m sua ilus\u00f3ria atividade separatista, que contraria o princ\u00edpio da UNIDADE. Surgem, da\u00ed, todas as atribula\u00e7\u00f5es e desarmonias aparentemente presentes neste mundo: marido, esposa, filhos, patr\u00e3o, funcion\u00e1rios, governantes, todos agem como que possuindo mentes pr\u00f3prias, pessoais, isoladas do todo. Originam-se opini\u00f5es divergentes, as discuss\u00f5es, e, numa escala maior, os conflitos entre as na\u00e7\u00f5es. Mas, seriam verdadeiros todos esses acontecimentos? N\u00e3o. Um falso instrumento, capaz somente de gerar conceitos insubstanciais, como \u00e9 a mente humana, jamais consegue captar as coisas como realmente elas s\u00e3o. Conscientes desse fato, poderemos deixar de lado todos os supostos acontecimentos desarm\u00f4nicos de uma vez, sem nos preocuparmos com cada um deles isoladamente. Somente prestaremos a aten\u00e7\u00e3o num ponto: a &#8220;mente carnal&#8221; que deve ser descartada como sendo unicamente &#8220;nada&#8221;.<\/span><\/strong><\/div>\n<div style=\"text-align: center;\" align=\"justify\"><strong>\u00a0<\/strong><\/div>\n<div style=\"text-align: center;\" align=\"justify\"><strong>\u00a0<\/strong><\/div>\n<div style=\"text-align: center;\" align=\"justify\"><strong><span style=\"color: #000080; font-size: large;\">Por isso, o chamado &#8220;mal&#8221; \u00e9 uma ILUS\u00c3O, e \u00e9 considerado como &#8220;impessoal&#8221;. O suposto problema, que nos aparece como estando numa pessoa ou condi\u00e7\u00e3o, jamais est\u00e1, de fato, ali: portanto, \u00e9 o &#8220;cen\u00e1rio todo&#8221;, montado pela &#8220;mente carnal&#8221;, que \u00e9 a ILUS\u00c3O, raz\u00e3o pela qual Jesus disse: &#8220;Eu venci O MUNDO&#8221;. Harmonioso ou n\u00e3o, com pessoas boas ou m\u00e1s, com acontecimentos bons ou maus, O QUADRO INTEIRO \u00c9 ILUS\u00c3O! Podemos, ainda, considerar como ILUS\u00d3RIA a suposta &#8220;mente carnal&#8221; que nos mostra esse &#8220;quadro&#8221;, para n\u00e3o mais nos deixarmos ser perturbados por ela e por eles. Em vez disso, <span style=\"text-decoration: underline;\">assumiremos<\/span> a revela\u00e7\u00e3o iluminada: &#8220;Temos a mente de Cristo&#8221; (I Cor 2-16).<\/span><\/strong><\/div>\n<div align=\"justify\">\u00a0<\/div>\n<div align=\"right\">\u00a0<\/div>\n<div align=\"right\"><span style=\"color: #000080; font-size: medium;\"><em>Continua..&gt;<\/em><\/span><\/div>\n<\/div>\n<p>&nbsp;<\/p>\n","protected":false},"excerpt":{"rendered":"<p>.\u00a0 \u00a0 \u00a0 A RELA\u00c7\u00c3O MENTE E ESP\u00cdRITO \u00a0 D\u00e1rcio\u00a0 \u00a0 (\u00a0VI ) \u00a0A Mente \u00danica \u00a0 \u00a0\u00a0 A palavra &#8220;mente&#8221; sempre \u00e9 utilizada em textos espirituais, ora associada com Deus (Mente divina, ou cr\u00edstica), ora associada com a ilus\u00e3o (mente carnal, mente ilus\u00f3ria). A &#8220;mente carnal&#8221; n\u00e3o passa de um conceito da Mente espiritual, &hellip; <\/p>\n<p class=\"link-more\"><a href=\"https:\/\/www.fachodeluz.blog.br\/wp\/2011\/09\/20\/a-relacao-mente-e-espirito-6\/\" class=\"more-link\">Leia mais<span class=\"screen-reader-text\"> &#8220;A Rela\u00e7\u00e3o Mente e Esp\u00edrito-6&#8221;<\/span><\/a><\/p>\n","protected":false},"author":2,"featured_media":0,"comment_status":"open","ping_status":"open","sticky":false,"template":"","format":"standard","meta":{"nf_dc_page":"","_crdt_document":"","footnotes":""},"categories":[10],"tags":[],"class_list":["post-8592","post","type-post","status-publish","format-standard","hentry","category-darcio-dezolt"],"featured_media_urls":[],"_links":{"self":[{"href":"https:\/\/www.fachodeluz.blog.br\/wp\/wp-json\/wp\/v2\/posts\/8592","targetHints":{"allow":["GET"]}}],"collection":[{"href":"https:\/\/www.fachodeluz.blog.br\/wp\/wp-json\/wp\/v2\/posts"}],"about":[{"href":"https:\/\/www.fachodeluz.blog.br\/wp\/wp-json\/wp\/v2\/types\/post"}],"author":[{"embeddable":true,"href":"https:\/\/www.fachodeluz.blog.br\/wp\/wp-json\/wp\/v2\/users\/2"}],"replies":[{"embeddable":true,"href":"https:\/\/www.fachodeluz.blog.br\/wp\/wp-json\/wp\/v2\/comments?post=8592"}],"version-history":[{"count":0,"href":"https:\/\/www.fachodeluz.blog.br\/wp\/wp-json\/wp\/v2\/posts\/8592\/revisions"}],"wp:attachment":[{"href":"https:\/\/www.fachodeluz.blog.br\/wp\/wp-json\/wp\/v2\/media?parent=8592"}],"wp:term":[{"taxonomy":"category","embeddable":true,"href":"https:\/\/www.fachodeluz.blog.br\/wp\/wp-json\/wp\/v2\/categories?post=8592"},{"taxonomy":"post_tag","embeddable":true,"href":"https:\/\/www.fachodeluz.blog.br\/wp\/wp-json\/wp\/v2\/tags?post=8592"}],"curies":[{"name":"wp","href":"https:\/\/api.w.org\/{rel}","templated":true}]}}