{"id":8633,"date":"2011-09-26T17:14:40","date_gmt":"2011-09-26T20:14:40","guid":{"rendered":"http:\/\/fachodeluz.blog.br\/wp\/?p=8633"},"modified":"2011-09-26T17:19:49","modified_gmt":"2011-09-26T20:19:49","slug":"retirada-para-o-monte","status":"publish","type":"post","link":"https:\/\/www.fachodeluz.blog.br\/wp\/2011\/09\/26\/retirada-para-o-monte\/","title":{"rendered":"Retirada Para o Monte"},"content":{"rendered":"<div align=\"center\"><a href=\"https:\/\/i0.wp.com\/fachodeluz.blog.br\/wp\/wp-content\/uploads\/2011\/09\/mountain.gif\"><img data-recalc-dims=\"1\" loading=\"lazy\" decoding=\"async\" loading=\"lazy\" class=\"aligncenter size-full wp-image-8634\" title=\"mountain\" src=\"https:\/\/i0.wp.com\/fachodeluz.blog.br\/wp\/wp-content\/uploads\/2011\/09\/mountain.gif?resize=450%2C557\" alt=\"\" width=\"450\" height=\"557\" srcset=\"https:\/\/i0.wp.com\/www.fachodeluz.blog.br\/wp\/wp-content\/uploads\/2011\/09\/mountain.gif?w=450&amp;ssl=1 450w, https:\/\/i0.wp.com\/www.fachodeluz.blog.br\/wp\/wp-content\/uploads\/2011\/09\/mountain.gif?resize=242%2C300&amp;ssl=1 242w\" sizes=\"auto, (max-width: 450px) 100vw, 450px\" \/><\/a><span style=\"color: #ffffff;\">.<\/span><\/div>\n<h1 align=\"center\"><span style=\"text-decoration: underline; color: #3d3d5b;\">&#8220;RETIRADA PARA O MONTE&#8221;<\/span><\/h1>\n<h4 align=\"center\"><span style=\"color: #3d3d5b;\">D\u00e1rcio<\/span><\/h4>\n<div align=\"center\"><span style=\"color: #ffffff;\">.<\/span><\/div>\n<h3 align=\"center\"><span style=\"color: #3d3d5b;\"><em>&#8220;Naqueles dias retirou-se para o monte a fim de orar, e passou a noite orando a Deus.&#8221;<\/em><\/span><\/h3>\n<h3 align=\"center\"><span style=\"color: #3d3d5b;\">Lucas 6 12<\/span><\/h3>\n<div align=\"center\"><span style=\"color: #ffffff;\">.<\/span><\/div>\n<h2 align=\"center\"><span style=\"color: #3d3d5b;\">&#8220;Retirar-se para o monte&#8221;, na B\u00edblia, tem o sentido de nos al\u00e7armos interiormente \u00e0 Mente divina, sem mais ter olhos para o mundo da mat\u00e9ria e sua cole\u00e7\u00e3o de quadros falsos.Quando sabemos que &#8220;temos a mente de Cristo&#8221;, como est\u00e1 revelado, n\u00e3o gastamos nossos dias com as preocupa\u00e7\u00f5es, d\u00favidas ou temores que saturam a mente humana! Antes, fazemos a &#8220;retirada para o monte&#8221;, onde comungamos com Deus e nos descobrimos na Consci\u00eancia iluminada e infinita que Deus \u00c9!<\/span><\/h2>\n<h3 align=\"center\"><span style=\"color: #ffffff;\">.<\/span><\/h3>\n<h2 align=\"center\"><span style=\"color: #3d3d5b;\">Jesus passava a noite orando a Deus. Estaria dizendo algo a Ele? Enumerando problemas \u00e0 cata de solu\u00e7\u00e3o? N\u00e3o! Sabia que o Pai j\u00e1 conhecia quais eram todas as suas necessidades! Fa\u00e7a o mesmo! Livre-se da mente e seus problemas! Passe a noite orando a Deus! Ocupe-se em perceber a suave Presen\u00e7a divina em seu pr\u00f3prio ser. Recorde, em prece, a unicidade da Mente:<\/span><\/h2>\n<h2 align=\"center\"><span style=\"color: #ffffff;\">.<\/span><\/h2>\n<h2 align=\"center\"><em><span style=\"color: #3d3d5b;\">A Mente que eu uso, sabendo da<\/span><\/em><\/h2>\n<h2 align=\"center\"><em><span style=\"color: #3d3d5b;\">Presen\u00e7a de Deus em mim, \u00e9 a<\/span><\/em><\/h2>\n<h2 align=\"center\"><em><span style=\"color: #3d3d5b;\">mesma que Deus usa para dar-me o Reino!<\/span><\/em><\/h2>\n<p><span style=\"color: #ffffff;\">.<\/span><em><\/em><\/p>\n<h2 align=\"center\"><span style=\"color: #ffffff;\">.<\/span><span style=\"color: #3d3d5b;\">Habite nesta percep\u00e7\u00e3o! Perceba que &#8220;\u00e9 do agrado do Pai dar-lhe o Reino&#8221;, e que sua ora\u00e7\u00e3o tem por objetivo unicamente &#8220;receb\u00ea-Lo&#8221; por inteiro.<\/span><\/h2>\n<h2 align=\"center\"><span style=\"color: #3d3d5b;\">N\u00e3o existem dois universos! H\u00e1 unicamente o REINO DE DEUS! &#8220;Retire-se para o monte&#8221;; veja-se iluminado e nas Altitudes da Ora\u00e7\u00e3o Atendida! Assim Jesus agia! Fa\u00e7a exatamente o mesmo! Voc\u00ea tamb\u00e9m \u00e9 Filho do Alt\u00edssimo! Honre, pela prece, sua posi\u00e7\u00e3o gloriosa e eterna em Deus.<\/span><\/h2>\n<h2 align=\"center\"><span style=\"color: #ffffff;\">.<\/span><\/h2>\n","protected":false},"excerpt":{"rendered":"<p>. &#8220;RETIRADA PARA O MONTE&#8221; D\u00e1rcio . &#8220;Naqueles dias retirou-se para o monte a fim de orar, e passou a noite orando a Deus.&#8221; Lucas 6 12 . &#8220;Retirar-se para o monte&#8221;, na B\u00edblia, tem o sentido de nos al\u00e7armos interiormente \u00e0 Mente divina, sem mais ter olhos para o mundo da mat\u00e9ria e sua &hellip; <\/p>\n<p class=\"link-more\"><a href=\"https:\/\/www.fachodeluz.blog.br\/wp\/2011\/09\/26\/retirada-para-o-monte\/\" class=\"more-link\">Leia mais<span class=\"screen-reader-text\"> &#8220;Retirada Para o Monte&#8221;<\/span><\/a><\/p>\n","protected":false},"author":2,"featured_media":0,"comment_status":"open","ping_status":"open","sticky":false,"template":"","format":"standard","meta":{"nf_dc_page":"","_crdt_document":"","footnotes":""},"categories":[10],"tags":[],"class_list":["post-8633","post","type-post","status-publish","format-standard","hentry","category-darcio-dezolt"],"featured_media_urls":[],"_links":{"self":[{"href":"https:\/\/www.fachodeluz.blog.br\/wp\/wp-json\/wp\/v2\/posts\/8633","targetHints":{"allow":["GET"]}}],"collection":[{"href":"https:\/\/www.fachodeluz.blog.br\/wp\/wp-json\/wp\/v2\/posts"}],"about":[{"href":"https:\/\/www.fachodeluz.blog.br\/wp\/wp-json\/wp\/v2\/types\/post"}],"author":[{"embeddable":true,"href":"https:\/\/www.fachodeluz.blog.br\/wp\/wp-json\/wp\/v2\/users\/2"}],"replies":[{"embeddable":true,"href":"https:\/\/www.fachodeluz.blog.br\/wp\/wp-json\/wp\/v2\/comments?post=8633"}],"version-history":[{"count":0,"href":"https:\/\/www.fachodeluz.blog.br\/wp\/wp-json\/wp\/v2\/posts\/8633\/revisions"}],"wp:attachment":[{"href":"https:\/\/www.fachodeluz.blog.br\/wp\/wp-json\/wp\/v2\/media?parent=8633"}],"wp:term":[{"taxonomy":"category","embeddable":true,"href":"https:\/\/www.fachodeluz.blog.br\/wp\/wp-json\/wp\/v2\/categories?post=8633"},{"taxonomy":"post_tag","embeddable":true,"href":"https:\/\/www.fachodeluz.blog.br\/wp\/wp-json\/wp\/v2\/tags?post=8633"}],"curies":[{"name":"wp","href":"https:\/\/api.w.org\/{rel}","templated":true}]}}