{"id":8697,"date":"2011-10-04T10:56:40","date_gmt":"2011-10-04T13:56:40","guid":{"rendered":"http:\/\/fachodeluz.blog.br\/wp\/?p=8697"},"modified":"2011-10-04T11:19:49","modified_gmt":"2011-10-04T14:19:49","slug":"fe-significa-contemplar-o-nao-visto","status":"publish","type":"post","link":"https:\/\/www.fachodeluz.blog.br\/wp\/2011\/10\/04\/fe-significa-contemplar-o-nao-visto\/","title":{"rendered":"F\u00e9 Significa Contemplar o &#8220;N\u00e3o Visto&#8221;"},"content":{"rendered":"<h1 style=\"text-align: center;\"><a href=\"https:\/\/i0.wp.com\/fachodeluz.blog.br\/wp\/wp-content\/uploads\/2011\/10\/tempestade2.gif\"><img data-recalc-dims=\"1\" loading=\"lazy\" decoding=\"async\" loading=\"lazy\" class=\"aligncenter size-full wp-image-8702\" title=\"tempestade\" src=\"https:\/\/i0.wp.com\/fachodeluz.blog.br\/wp\/wp-content\/uploads\/2011\/10\/tempestade2.gif?resize=460%2C311\" alt=\"\" width=\"460\" height=\"311\" srcset=\"https:\/\/i0.wp.com\/www.fachodeluz.blog.br\/wp\/wp-content\/uploads\/2011\/10\/tempestade2.gif?w=460&amp;ssl=1 460w, https:\/\/i0.wp.com\/www.fachodeluz.blog.br\/wp\/wp-content\/uploads\/2011\/10\/tempestade2.gif?resize=300%2C202&amp;ssl=1 300w\" sizes=\"auto, (max-width: 460px) 100vw, 460px\" \/><\/a><a href=\"http:\/\/fachodeluz.blog.br\/wp\/wp-content\/uploads\/2011\/10\/tempestade1.gif\"><br \/>\n<\/a><a href=\"http:\/\/fachodeluz.blog.br\/wp\/wp-content\/uploads\/2011\/10\/tempestade.gif\"><br \/>\n<\/a><span style=\"color: #ffffff;\">.<\/span><span style=\"color: #008000;\">F\u00c9 SIGNIFICA CONTEMPLAR<\/span><\/h1>\n<h1 style=\"text-align: center;\"><span style=\"color: #008000;\">O &#8220;N\u00c3O VISTO&#8221;<\/span><\/h1>\n<h3 style=\"text-align: center;\"><span style=\"color: #008000;\">D\u00e1rcio<\/span><\/h3>\n<h3 style=\"text-align: center;\"><span style=\"color: #008000;\">Se durante a &#8220;Pr\u00e1tica do Sil\u00eancio&#8221; nos desviamos do mundo das apar\u00eancias, para contemplar o Reino Absoluto em que DEUS \u00c9 TUDO, em nossa vida di\u00e1ria dispomos da &#8220;f\u00e9&#8221; que nos leva a ter a certeza da Perfei\u00e7\u00e3o n\u00e3o vista como permanente. Quem estuda a Verdade deve estar preparado para n\u00e3o ver &#8220;tempestades&#8221; na apar\u00eancia, mas sim reconhecer a &#8220;calmaria&#8221; da Realidade permanente. Como n\u00e3o ficaremos meditando o dia todo, deveremos ter per\u00edodos de treinamento desta pr\u00e1tica em<em> reconhecer a Verdade frente \u00e0 ilus\u00e3o.<\/em> Quando as contempla\u00e7\u00f5es ficam bem definidas pela nossa assiduidade na &#8220;Pr\u00e1tica do Sil\u00eancio&#8221;, as coisas &#8220;vistas&#8221; naturalmente seguem seu ritmo hamonioso de desdobramento em nossas vidas. Mas, como as cren\u00e7as s\u00e3o coletivas, nada impede que repentinamente nos cheguem apar\u00eancias tempestuosas! E ser\u00e1 quando exercitaremos a &#8220;Mente de Cristo&#8221; que temos, reconhecendo unicamente a &#8220;calmaria&#8221; j\u00e1 presente no lugar da &#8220;tempestade&#8221;. <\/span><\/h3>\n<h3 style=\"text-align: center;\"><span style=\"color: #008000;\">H\u00e1 quem diga:<em> &#8220;Eu sei que devo fazer isto, s\u00f3 que, vendo as apar\u00eancias, elas me amedrontam e fico inseguro!&#8221;\u00a0<\/em> O erro, nesse tipo de argumenta\u00e7\u00e3o, \u00e9 a pessoa tentar &#8220;ter a f\u00e9&#8221; com a mente ilus\u00f3ria! <em>&#8220;Temos a Mente de Cristo!&#8221;<\/em> A primeira coisa a ser feita, diante de inesperadas apar\u00eancias de imperfei\u00e7\u00f5es, \u00e9 recordarmos: <em>&#8220;Tenho a Mente de Cristo! A Mente que unicamente discerne as obras permanentes de Deus! A Mente que desconhece algo al\u00e9m de Deus!&#8221;<\/em> A Mente de Cristo est\u00e1 constantemente em todos n\u00f3s, contemplando unicamente a Realidade divina! Esta &#8220;presen\u00e7a&#8221; precisa ser exercitada, em momentos escolhidos para este fim, exatamente para podermos ter a seguran\u00e7a em sua aplica\u00e7\u00e3o, quando fatos indesej\u00e1veis e inesperados surgirem <em>aparentemente<\/em> diante de n\u00f3s! S\u00e3o &#8220;apar\u00eancias&#8221; e n\u00e3o a Verdade! E isto precisa estar bastante aflorado em n\u00f3s! <em>A Mente de Cristo discerne a UNIDADE PERFEITA, a HARMONIA ONIPRESENTE, A PERFEI\u00c7\u00c3O PERMANENTE.<\/em> Portanto, fique atento e tenha bem claro estes princ\u00edpios em sua\u00a0 mente, uma vez que ser\u00e1 assim que voc\u00ea &#8220;vencer\u00e1 o mundo&#8221;. Observe o &#8220;temporal&#8221; da ilustra\u00e7\u00e3o acima; em seguida, observe o papel tranquilo, subjacente \u00e0 pintura: ir\u00e1 notar que &#8220;o temporal&#8221; existia na\u00a0 mente que o reconhecia! Fa\u00e7a exatamente igual, com os &#8220;temporais&#8221; da vida!<br \/>\n<\/span><\/h3>\n<p style=\"text-align: center;\"><span style=\"color: #008000;\">*<\/span><\/p>\n","protected":false},"excerpt":{"rendered":"<p>.F\u00c9 SIGNIFICA CONTEMPLAR O &#8220;N\u00c3O VISTO&#8221; D\u00e1rcio Se durante a &#8220;Pr\u00e1tica do Sil\u00eancio&#8221; nos desviamos do mundo das apar\u00eancias, para contemplar o Reino Absoluto em que DEUS \u00c9 TUDO, em nossa vida di\u00e1ria dispomos da &#8220;f\u00e9&#8221; que nos leva a ter a certeza da Perfei\u00e7\u00e3o n\u00e3o vista como permanente. Quem estuda a Verdade deve estar &hellip; <\/p>\n<p class=\"link-more\"><a href=\"https:\/\/www.fachodeluz.blog.br\/wp\/2011\/10\/04\/fe-significa-contemplar-o-nao-visto\/\" class=\"more-link\">Leia mais<span class=\"screen-reader-text\"> &#8220;F\u00e9 Significa Contemplar o &#8220;N\u00e3o Visto&#8221;&#8221;<\/span><\/a><\/p>\n","protected":false},"author":2,"featured_media":0,"comment_status":"open","ping_status":"open","sticky":false,"template":"","format":"standard","meta":{"nf_dc_page":"","_crdt_document":"","footnotes":""},"categories":[10],"tags":[],"class_list":["post-8697","post","type-post","status-publish","format-standard","hentry","category-darcio-dezolt"],"featured_media_urls":[],"_links":{"self":[{"href":"https:\/\/www.fachodeluz.blog.br\/wp\/wp-json\/wp\/v2\/posts\/8697","targetHints":{"allow":["GET"]}}],"collection":[{"href":"https:\/\/www.fachodeluz.blog.br\/wp\/wp-json\/wp\/v2\/posts"}],"about":[{"href":"https:\/\/www.fachodeluz.blog.br\/wp\/wp-json\/wp\/v2\/types\/post"}],"author":[{"embeddable":true,"href":"https:\/\/www.fachodeluz.blog.br\/wp\/wp-json\/wp\/v2\/users\/2"}],"replies":[{"embeddable":true,"href":"https:\/\/www.fachodeluz.blog.br\/wp\/wp-json\/wp\/v2\/comments?post=8697"}],"version-history":[{"count":0,"href":"https:\/\/www.fachodeluz.blog.br\/wp\/wp-json\/wp\/v2\/posts\/8697\/revisions"}],"wp:attachment":[{"href":"https:\/\/www.fachodeluz.blog.br\/wp\/wp-json\/wp\/v2\/media?parent=8697"}],"wp:term":[{"taxonomy":"category","embeddable":true,"href":"https:\/\/www.fachodeluz.blog.br\/wp\/wp-json\/wp\/v2\/categories?post=8697"},{"taxonomy":"post_tag","embeddable":true,"href":"https:\/\/www.fachodeluz.blog.br\/wp\/wp-json\/wp\/v2\/tags?post=8697"}],"curies":[{"name":"wp","href":"https:\/\/api.w.org\/{rel}","templated":true}]}}