{"id":8721,"date":"2011-10-08T14:53:40","date_gmt":"2011-10-08T17:53:40","guid":{"rendered":"http:\/\/fachodeluz.blog.br\/wp\/?p=8721"},"modified":"2011-10-08T14:58:09","modified_gmt":"2011-10-08T17:58:09","slug":"as-minhas-palavras-nao-sao-falsas","status":"publish","type":"post","link":"https:\/\/www.fachodeluz.blog.br\/wp\/2011\/10\/08\/as-minhas-palavras-nao-sao-falsas\/","title":{"rendered":"&#8220;As Minhas Palavras N\u00e3o S\u00e3o Falsas&#8221;"},"content":{"rendered":"<h1 style=\"text-align: center;\"><\/h1>\n<h1 style=\"text-align: center;\"><a href=\"https:\/\/i0.wp.com\/fachodeluz.blog.br\/wp\/wp-content\/uploads\/2011\/10\/f60.gif\"><img data-recalc-dims=\"1\" loading=\"lazy\" decoding=\"async\" loading=\"lazy\" class=\"aligncenter size-full wp-image-8723\" title=\"f60\" src=\"https:\/\/i0.wp.com\/fachodeluz.blog.br\/wp\/wp-content\/uploads\/2011\/10\/f60.gif?resize=450%2C288\" alt=\"\" width=\"450\" height=\"288\" srcset=\"https:\/\/i0.wp.com\/www.fachodeluz.blog.br\/wp\/wp-content\/uploads\/2011\/10\/f60.gif?w=450&amp;ssl=1 450w, https:\/\/i0.wp.com\/www.fachodeluz.blog.br\/wp\/wp-content\/uploads\/2011\/10\/f60.gif?resize=300%2C192&amp;ssl=1 300w\" sizes=\"auto, (max-width: 450px) 100vw, 450px\" \/><\/a><a href=\"http:\/\/fachodeluz.blog.br\/wp\/wp-content\/uploads\/2011\/10\/f60.jpg\"><br \/>\n<\/a><span style=\"color: #ffffff;\">.<\/span><em><span style=\"color: #491800;\"><strong>&#8220;AS MINHAS PALAVRAS\u00a0 N\u00c3O S\u00c3O FALSAS&#8221;<\/strong><\/span><\/em><\/h1>\n<h4 style=\"text-align: center;\"><span style=\"color: #491800;\"><strong>D\u00c1RCIO<\/strong><\/span><\/h4>\n<h3 style=\"text-align: center;\"><span style=\"color: #491800;\"><strong>As revela\u00e7\u00f5es da Verdade devem ser recebidas como &#8220;palavras que n\u00e3o s\u00e3o falsas&#8221;, isto \u00e9: sejam quais forem as apar\u00eancias negativas ou pessimistas, reconhecidas pelos sentidos humanos, o que ir\u00e1 prevalecer, e de forma definitiva em nossa aten\u00e7\u00e3o, ser\u00e1 esta Verdade em forma de suas revela\u00e7\u00f5es. O testemunho dos sentidos se mostra convincente; entretanto, \u00e9 um <em>falso testemunho<\/em> do fatos reais em express\u00e3o.Isto precisa ficar bem claro: \u00e9 o testemunho dos sentidos que \u00e9 falso , e n\u00e3o as revela\u00e7\u00f5es. Em vista disso, \u00e9 preciso que nelas permane\u00e7amos!<br \/>\n<\/strong><\/span><\/h3>\n<h3 style=\"text-align: center;\"><span style=\"color: #491800;\"><strong><em>&#8220;Porque na verdade, as minhas palavras n\u00e3o s\u00e3o falsas; contigo est\u00e1 quem \u00e9 o senhor do assunto&#8221;<\/em> (J\u00f3, 36: 4).\u00a0 O fim na aceita\u00e7\u00e3o da dualidade nos conduz \u00e0 &#8220;unidade perfeita&#8221;, que constitui a Harmonia absoluta e permanente. Este &#8220;senhor do assunto&#8221;, <em>que est\u00e1 conosco,<\/em> \u00e9 o Esp\u00edrito de Deus <em>sendo<\/em> o nosso! Por isso, em vez de ficarmos avaliando os quadros da apar\u00eancia, <em>entendamos que a Verdade \u00e9 Deus em n\u00f3s, manifesto como &#8220;senhor do assunto&#8221;.<\/em> Desse modo, a Verdade da Unidade se revelar\u00e1 presente,e\u00a0 n\u00e3o mais\u00a0 teremos a mente que duvida da perfei\u00e7\u00e3o onipresente.As revela\u00e7\u00f5es, por sua vez, ser\u00e3o levadas em conta como fatos absolutos, e n\u00e3o meramente como palavreado de consolo, resigna\u00e7\u00e3o ou\u00a0 expectativa de melhorias. Fatos absolutos s\u00e3o fatos absolutos! E s\u00e3o os \u00fanicos em express\u00e3o! Os demais, s\u00e3o os ilus\u00f3rios quadros hipn\u00f3ticos <em>unsubstanciais,<\/em> supostamente captados pela &#8220;mente humana&#8221;. <\/strong><\/span><\/h3>\n<h3 style=\"text-align: center;\"><\/h3>\n<h3 style=\"text-align: center;\"><span style=\"color: #491800;\"><strong>*<\/strong><\/span><\/h3>\n","protected":false},"excerpt":{"rendered":"<p>.&#8220;AS MINHAS PALAVRAS\u00a0 N\u00c3O S\u00c3O FALSAS&#8221; D\u00c1RCIO As revela\u00e7\u00f5es da Verdade devem ser recebidas como &#8220;palavras que n\u00e3o s\u00e3o falsas&#8221;, isto \u00e9: sejam quais forem as apar\u00eancias negativas ou pessimistas, reconhecidas pelos sentidos humanos, o que ir\u00e1 prevalecer, e de forma definitiva em nossa aten\u00e7\u00e3o, ser\u00e1 esta Verdade em forma de suas revela\u00e7\u00f5es. O testemunho &hellip; <\/p>\n<p class=\"link-more\"><a href=\"https:\/\/www.fachodeluz.blog.br\/wp\/2011\/10\/08\/as-minhas-palavras-nao-sao-falsas\/\" class=\"more-link\">Leia mais<span class=\"screen-reader-text\"> &#8220;&#8220;As Minhas Palavras N\u00e3o S\u00e3o Falsas&#8221;&#8221;<\/span><\/a><\/p>\n","protected":false},"author":2,"featured_media":0,"comment_status":"open","ping_status":"open","sticky":false,"template":"","format":"standard","meta":{"nf_dc_page":"","_crdt_document":"","footnotes":""},"categories":[10],"tags":[],"class_list":["post-8721","post","type-post","status-publish","format-standard","hentry","category-darcio-dezolt"],"featured_media_urls":[],"_links":{"self":[{"href":"https:\/\/www.fachodeluz.blog.br\/wp\/wp-json\/wp\/v2\/posts\/8721","targetHints":{"allow":["GET"]}}],"collection":[{"href":"https:\/\/www.fachodeluz.blog.br\/wp\/wp-json\/wp\/v2\/posts"}],"about":[{"href":"https:\/\/www.fachodeluz.blog.br\/wp\/wp-json\/wp\/v2\/types\/post"}],"author":[{"embeddable":true,"href":"https:\/\/www.fachodeluz.blog.br\/wp\/wp-json\/wp\/v2\/users\/2"}],"replies":[{"embeddable":true,"href":"https:\/\/www.fachodeluz.blog.br\/wp\/wp-json\/wp\/v2\/comments?post=8721"}],"version-history":[{"count":0,"href":"https:\/\/www.fachodeluz.blog.br\/wp\/wp-json\/wp\/v2\/posts\/8721\/revisions"}],"wp:attachment":[{"href":"https:\/\/www.fachodeluz.blog.br\/wp\/wp-json\/wp\/v2\/media?parent=8721"}],"wp:term":[{"taxonomy":"category","embeddable":true,"href":"https:\/\/www.fachodeluz.blog.br\/wp\/wp-json\/wp\/v2\/categories?post=8721"},{"taxonomy":"post_tag","embeddable":true,"href":"https:\/\/www.fachodeluz.blog.br\/wp\/wp-json\/wp\/v2\/tags?post=8721"}],"curies":[{"name":"wp","href":"https:\/\/api.w.org\/{rel}","templated":true}]}}