{"id":8764,"date":"2011-10-17T10:55:37","date_gmt":"2011-10-17T12:55:37","guid":{"rendered":"http:\/\/fachodeluz.blog.br\/wp\/?p=8764"},"modified":"2011-10-17T11:05:05","modified_gmt":"2011-10-17T13:05:05","slug":"o-permanente-estoque-invisivel","status":"publish","type":"post","link":"https:\/\/www.fachodeluz.blog.br\/wp\/2011\/10\/17\/o-permanente-estoque-invisivel\/","title":{"rendered":"O Permanente Estoque Invis\u00edvel"},"content":{"rendered":"<h1 style=\"text-align: center;\"><\/h1>\n<h1 style=\"text-align: center;\"><a href=\"https:\/\/i0.wp.com\/fachodeluz.blog.br\/wp\/wp-content\/uploads\/2011\/10\/FIELD.gif\"><img data-recalc-dims=\"1\" loading=\"lazy\" decoding=\"async\" loading=\"lazy\" class=\"aligncenter size-full wp-image-8766\" title=\"FIELD\" src=\"https:\/\/i0.wp.com\/fachodeluz.blog.br\/wp\/wp-content\/uploads\/2011\/10\/FIELD.gif?resize=450%2C400\" alt=\"\" width=\"450\" height=\"400\" srcset=\"https:\/\/i0.wp.com\/www.fachodeluz.blog.br\/wp\/wp-content\/uploads\/2011\/10\/FIELD.gif?w=450&amp;ssl=1 450w, https:\/\/i0.wp.com\/www.fachodeluz.blog.br\/wp\/wp-content\/uploads\/2011\/10\/FIELD.gif?resize=300%2C266&amp;ssl=1 300w\" sizes=\"auto, (max-width: 450px) 100vw, 450px\" \/><\/a><span style=\"color: #ffffff;\">.<\/span><\/h1>\n<h1 style=\"text-align: center;\"><span style=\"color: #4c0000;\"><strong>O PERMANENTE ESTOQUE<\/strong><\/span><\/h1>\n<h1 style=\"text-align: center;\"><span style=\"color: #4c0000;\"><strong> INVIS\u00cdVEL<\/strong><\/span><\/h1>\n<h4 style=\"text-align: center;\"><span style=\"color: #4c0000;\">D\u00e1rcio<\/span><\/h4>\n<p style=\"text-align: center;\"><span style=\"color: #ffffff;\">.<\/span><\/p>\n<h3 style=\"text-align: center;\"><span style=\"color: #4c0000;\"><strong>Todas as ideias perfeitas s\u00e3o concretas e permanentes obras de Deus, perenemente dispon\u00edveis, independentemente de estarem sendo ou n\u00e3o vistas pela suposta mente humana. Se algu\u00e9m estivesse com uma folha branca em m\u00e3os para fazer alguns c\u00e1lculos que julgasse necess\u00e1rios, ser\u00e1 que deixaria de faz\u00ea-los por n\u00e3o enxergar os algarismos dispon\u00edveis nesta folha? Acreditaria que tanto eles quanto as regras matem\u00e1ticas estariam ausentes? N\u00e3o! Pegaria a folha de papel e uma caneta e trabalharia com os algarismos e com as regras integralmente a ele ali dispon\u00edveis, mas,\u00a0 aparentemente <em>invis\u00edveis.<\/em><\/strong><\/span><\/h3>\n<h3 style=\"text-align: center;\"><span style=\"color: #4c0000;\"><strong>O mesmo se d\u00e1 com as regras de suprimento, de sa\u00fade, de harmonia, e todas as demais, que est\u00e3o inteiramente dispon\u00edveis aqui e agora, para que todos as\u00a0 possamos utilizar! Seja sa\u00fade, seja dinheiro, seja companhia, seja o que for, cada ideia \u00e9 realidade concreta e dispon\u00edvel \u00e0quele que a toma mentalmente no &#8220;invis\u00edvel&#8221;,\u00a0 o <em>permanente estoque divino<\/em> de todas as ideias, coisas e realidades.<em> &#8220;Ao que tem, muito lhe \u00e9 dado; ao que n\u00e3o tem, o pouco que tem lhe ser\u00e1 tirado&#8221;, disse Jesus.<\/em> Explicava a presen\u00e7a inc\u00f3lume de nossa heran\u00e7a celeste, sempre \u00e0 nossa disposi\u00e7\u00e3o, quando a vemos onde sempre se encontra: em nossa Consci\u00eancia, e n\u00e3o nas apar\u00eancias.<\/strong><\/span><\/h3>\n<h3 style=\"text-align: center;\"><span style=\"color: #4c0000;\"><strong>Seja qual for o bem que voc\u00ea constate ser necess\u00e1rio em suas atividades de cada dia, n\u00e3o aceite sequer a possibilidade de ele estar ausente! Assim como est\u00e1 sempre certo da presen\u00e7a dos algarismos, ao fazer suas contas, esteja igualmente certo de estar de posse de tudo de que necessite, sendo, esta certeza, uma admiss\u00e3o incondicional da Verdade de que voc\u00ea e tudo que tem realidade s\u00e3o uma <em>unidade<\/em> insepar\u00e1vel chamada &#8220;Consci\u00eancia iluminada&#8221;. <em>&#8220;Minha uni\u00e3o consciente com Deus unifica-me com todos os seres e ideias espirituais&#8221;.<\/em> Assim diz Joel S. Goldsmith; e, segundo ele, esta frase \u00e9 das mais elevadas e importantes de <em>O Caminho Infinito.<\/em> Habitue-se a aceitar esta Verdade! A partir disso, &#8220;enxergue&#8221; tudo de que necessite &#8220;j\u00e1 em suas m\u00e3os&#8221;. Jamais acredite que algo lhe falte, por estar invisivel \u00e0 mente humana! Esta mente, al\u00e9m de cega e surda, n\u00e3o \u00e9 a sua!\u00a0 Lembre-se: negar a presen\u00e7a de seu bem, por estar ele invis\u00edvel em dado momento, \u00e9 o mesmo que negar os algarismos e as regras matem\u00e1ticas, por estar voc\u00ea diante da folha em branco! A aus\u00eancia \u00e9 ilus\u00f3ria! A <em>perman\u00eancia do estoque invis\u00edvel<\/em> de ideias divinas, e sua &#8220;unifica\u00e7\u00e3o&#8221; com ele, o deixar\u00e1 constantemente suprido de tudo que legitimamente lhe for necess\u00e1rio ou requerido nesta vida.<\/strong><\/span><\/h3>\n<p>&nbsp;<\/p>\n<p style=\"text-align: center;\"><span style=\"color: #4c0000;\">*<\/span><\/p>\n","protected":false},"excerpt":{"rendered":"<p>. O PERMANENTE ESTOQUE INVIS\u00cdVEL D\u00e1rcio . Todas as ideias perfeitas s\u00e3o concretas e permanentes obras de Deus, perenemente dispon\u00edveis, independentemente de estarem sendo ou n\u00e3o vistas pela suposta mente humana. Se algu\u00e9m estivesse com uma folha branca em m\u00e3os para fazer alguns c\u00e1lculos que julgasse necess\u00e1rios, ser\u00e1 que deixaria de faz\u00ea-los por n\u00e3o enxergar &hellip; <\/p>\n<p class=\"link-more\"><a href=\"https:\/\/www.fachodeluz.blog.br\/wp\/2011\/10\/17\/o-permanente-estoque-invisivel\/\" class=\"more-link\">Leia mais<span class=\"screen-reader-text\"> &#8220;O Permanente Estoque Invis\u00edvel&#8221;<\/span><\/a><\/p>\n","protected":false},"author":2,"featured_media":0,"comment_status":"open","ping_status":"open","sticky":false,"template":"","format":"standard","meta":{"nf_dc_page":"","_crdt_document":"","footnotes":""},"categories":[10],"tags":[],"class_list":["post-8764","post","type-post","status-publish","format-standard","hentry","category-darcio-dezolt"],"featured_media_urls":[],"_links":{"self":[{"href":"https:\/\/www.fachodeluz.blog.br\/wp\/wp-json\/wp\/v2\/posts\/8764","targetHints":{"allow":["GET"]}}],"collection":[{"href":"https:\/\/www.fachodeluz.blog.br\/wp\/wp-json\/wp\/v2\/posts"}],"about":[{"href":"https:\/\/www.fachodeluz.blog.br\/wp\/wp-json\/wp\/v2\/types\/post"}],"author":[{"embeddable":true,"href":"https:\/\/www.fachodeluz.blog.br\/wp\/wp-json\/wp\/v2\/users\/2"}],"replies":[{"embeddable":true,"href":"https:\/\/www.fachodeluz.blog.br\/wp\/wp-json\/wp\/v2\/comments?post=8764"}],"version-history":[{"count":0,"href":"https:\/\/www.fachodeluz.blog.br\/wp\/wp-json\/wp\/v2\/posts\/8764\/revisions"}],"wp:attachment":[{"href":"https:\/\/www.fachodeluz.blog.br\/wp\/wp-json\/wp\/v2\/media?parent=8764"}],"wp:term":[{"taxonomy":"category","embeddable":true,"href":"https:\/\/www.fachodeluz.blog.br\/wp\/wp-json\/wp\/v2\/categories?post=8764"},{"taxonomy":"post_tag","embeddable":true,"href":"https:\/\/www.fachodeluz.blog.br\/wp\/wp-json\/wp\/v2\/tags?post=8764"}],"curies":[{"name":"wp","href":"https:\/\/api.w.org\/{rel}","templated":true}]}}