{"id":8832,"date":"2011-10-27T17:16:43","date_gmt":"2011-10-27T19:16:43","guid":{"rendered":"http:\/\/fachodeluz.blog.br\/wp\/?p=8832"},"modified":"2011-10-27T17:26:31","modified_gmt":"2011-10-27T19:26:31","slug":"8832","status":"publish","type":"post","link":"https:\/\/www.fachodeluz.blog.br\/wp\/2011\/10\/27\/8832\/","title":{"rendered":"Sob a Glorifica\u00e7\u00e3o do Pai Celestial"},"content":{"rendered":"<h3 style=\"text-align: center;\"><a href=\"https:\/\/i0.wp.com\/fachodeluz.blog.br\/wp\/wp-content\/uploads\/2011\/10\/0418.jpg\"><img data-recalc-dims=\"1\" loading=\"lazy\" decoding=\"async\" loading=\"lazy\" class=\"aligncenter size-full wp-image-8833\" title=\"0418\" src=\"https:\/\/i0.wp.com\/fachodeluz.blog.br\/wp\/wp-content\/uploads\/2011\/10\/0418.jpg?resize=489%2C360\" alt=\"\" width=\"489\" height=\"360\" srcset=\"https:\/\/i0.wp.com\/www.fachodeluz.blog.br\/wp\/wp-content\/uploads\/2011\/10\/0418.jpg?w=489&amp;ssl=1 489w, https:\/\/i0.wp.com\/www.fachodeluz.blog.br\/wp\/wp-content\/uploads\/2011\/10\/0418.jpg?resize=300%2C220&amp;ssl=1 300w\" sizes=\"auto, (max-width: 489px) 100vw, 489px\" \/><\/a><span style=\"color: #ffffff;\">.<\/span><\/h3>\n<h1 style=\"text-align: center;\"><span style=\"color: #49375b;\"><strong>SOB A GLORIFICA\u00c7\u00c3O DO PAI <\/strong><\/span><\/h1>\n<h1 style=\"text-align: center;\"><span style=\"color: #49375b;\"><strong>CELESTIAL<br \/>\n<\/strong><\/span><\/h1>\n<h4 style=\"text-align: center;\"><span style=\"color: #49375b;\"><strong>D\u00e1rcio<\/strong><\/span><\/h4>\n<h3 style=\"text-align: center;\"><span style=\"color: #49375b;\"><strong>Quando\u00a0 meditamos e contemplamos a Verdade da <em>totalidade<\/em> e <em>unicidade<\/em> de Deus,\u00a0 somente o que <em>dura perpetuamente<\/em> fica recebendo nossa total aten\u00e7\u00e3o e sendo observado. Este cuidado faz com que deixemos de nos identificar com a mente humana para nos integrarmos <em>conscientemente<\/em> \u00e0 Mente divina, universal e onipresente. \u00c9 por esse motivo que ensinamentos como <em>O Caminho Infinito dizem<\/em> que jamais devemos levar pessoas, doen\u00e7as ou problemas \u00e0s nossas medita\u00e7\u00f5es. A ilus\u00e3o \u00e9 barrada logo de in\u00edcio, quando passamos a contemplar unicamente\u00a0 o que<em> &#8220;\u00c9&#8221; &#8211;<\/em> sem deixar que a &#8220;casa se divida&#8221; entre Verdade <em>e<\/em> mentira.<\/strong><\/span><\/h3>\n<h3 style=\"text-align: center;\"><span style=\"color: #49375b;\"><strong>Jesus orava e pedia ao Pai que o glorificasse; isto quer dizer o seguinte: nossas contempla\u00e7\u00f5es partem de<em> Deus Se revelando como o Ser que somos,<\/em> quando, ent\u00e3o, a suposta mente humana fica aquietada e sem fazer qualquer esfor\u00e7o no sentido de que conhe\u00e7amos a Verdade. \u00c9 comum iniciarmos as medita\u00e7\u00f5es acreditando que a fraudulenta e ilus\u00f3ria mente humana seja a nossa. Assim, estas coloca\u00e7\u00f5es, aparentemente dualistas empregadas no in\u00edcio delas,\u00a0 s\u00e3o \u00fateis nesse sentido: evitam que achemos que somos mente humana ou que ela ir\u00e1 atuar de algum modo para que a medita\u00e7\u00e3o transcorra dentro da meta almejada: a percep\u00e7\u00e3o de que <em>Deus e Filho s\u00e3o UM.<\/em> O que &#8220;dura perpetuamente&#8221; \u00e9 o que Deus faz, o que \u00e9 Realidade, o que \u00e9 Verdade. Dessa forma, quando meditamos a partir disso, pedindo que &#8220;o Pai nos glorifique&#8221;, estaremos, de fato, retirando toda a aten\u00e7\u00e3o daquilo que <em>&#8220;n\u00e3o \u00c9&#8221;,<\/em> e que apenas<em> aparenta<\/em> ser, para o que de fato <em>&#8220;\u00c9&#8221;<\/em>: o Reino de Deus onipresente, do qual fazemos parte agora e eternamente.<\/strong><\/span><\/h3>\n<h3 style=\"text-align: center;\"><span style=\"color: #49375b;\"><strong>Fa\u00e7a das contempla\u00e7\u00f5es momentos de puro reconhecimento das Verdades absolutas! Permane\u00e7a aquietando a suposta &#8220;mente humana&#8221; e deixando que &#8220;o Pai o glorifique&#8221;. Isto evitar\u00e1 esfor\u00e7os mentais v\u00e3os, e far\u00e1 com que suas contempla\u00e7\u00f5es realmente lhe sirvam para que possa se conhecer como j\u00e1 estando &#8220;revestido do Poder do Alto&#8221;. Voc\u00ea \u00e9 glorificado discernindo espiritual e diretamente a Presen\u00e7a Gloriosa do Pai<em> sendo<\/em> exatamente a SUA Presen\u00e7a!<br \/>\n<\/strong><\/span><\/h3>\n<h3 style=\"text-align: center;\"><span style=\"color: #49375b;\"><strong>.<\/strong><\/span><\/h3>\n","protected":false},"excerpt":{"rendered":"<p>. SOB A GLORIFICA\u00c7\u00c3O DO PAI CELESTIAL D\u00e1rcio Quando\u00a0 meditamos e contemplamos a Verdade da totalidade e unicidade de Deus,\u00a0 somente o que dura perpetuamente fica recebendo nossa total aten\u00e7\u00e3o e sendo observado. Este cuidado faz com que deixemos de nos identificar com a mente humana para nos integrarmos conscientemente \u00e0 Mente divina, universal e &hellip; <\/p>\n<p class=\"link-more\"><a href=\"https:\/\/www.fachodeluz.blog.br\/wp\/2011\/10\/27\/8832\/\" class=\"more-link\">Leia mais<span class=\"screen-reader-text\"> &#8220;Sob a Glorifica\u00e7\u00e3o do Pai Celestial&#8221;<\/span><\/a><\/p>\n","protected":false},"author":2,"featured_media":0,"comment_status":"open","ping_status":"open","sticky":false,"template":"","format":"standard","meta":{"nf_dc_page":"","_crdt_document":"","footnotes":""},"categories":[10],"tags":[],"class_list":["post-8832","post","type-post","status-publish","format-standard","hentry","category-darcio-dezolt"],"featured_media_urls":[],"_links":{"self":[{"href":"https:\/\/www.fachodeluz.blog.br\/wp\/wp-json\/wp\/v2\/posts\/8832","targetHints":{"allow":["GET"]}}],"collection":[{"href":"https:\/\/www.fachodeluz.blog.br\/wp\/wp-json\/wp\/v2\/posts"}],"about":[{"href":"https:\/\/www.fachodeluz.blog.br\/wp\/wp-json\/wp\/v2\/types\/post"}],"author":[{"embeddable":true,"href":"https:\/\/www.fachodeluz.blog.br\/wp\/wp-json\/wp\/v2\/users\/2"}],"replies":[{"embeddable":true,"href":"https:\/\/www.fachodeluz.blog.br\/wp\/wp-json\/wp\/v2\/comments?post=8832"}],"version-history":[{"count":0,"href":"https:\/\/www.fachodeluz.blog.br\/wp\/wp-json\/wp\/v2\/posts\/8832\/revisions"}],"wp:attachment":[{"href":"https:\/\/www.fachodeluz.blog.br\/wp\/wp-json\/wp\/v2\/media?parent=8832"}],"wp:term":[{"taxonomy":"category","embeddable":true,"href":"https:\/\/www.fachodeluz.blog.br\/wp\/wp-json\/wp\/v2\/categories?post=8832"},{"taxonomy":"post_tag","embeddable":true,"href":"https:\/\/www.fachodeluz.blog.br\/wp\/wp-json\/wp\/v2\/tags?post=8832"}],"curies":[{"name":"wp","href":"https:\/\/api.w.org\/{rel}","templated":true}]}}