{"id":8845,"date":"2011-10-29T17:05:11","date_gmt":"2011-10-29T19:05:11","guid":{"rendered":"http:\/\/fachodeluz.blog.br\/wp\/?p=8845"},"modified":"2011-10-29T17:10:44","modified_gmt":"2011-10-29T19:10:44","slug":"voce-e-emanacao-da-inteligencia-infinita","status":"publish","type":"post","link":"https:\/\/www.fachodeluz.blog.br\/wp\/2011\/10\/29\/voce-e-emanacao-da-inteligencia-infinita\/","title":{"rendered":"Voc\u00ea \u00c9 Emana\u00e7\u00e3o da Intelig\u00eancia Infinita"},"content":{"rendered":"<h1 style=\"text-align: center;\"><a><img data-recalc-dims=\"1\" loading=\"lazy\" decoding=\"async\" loading=\"lazy\" class=\"aligncenter size-full wp-image-8846\" title=\"emana\u00e7\u00e3o\" src=\"https:\/\/i0.wp.com\/fachodeluz.blog.br\/wp\/wp-content\/uploads\/2011\/10\/emana%C3%A7%C3%A3o.gif?resize=450%2C312\" alt=\"\" width=\"450\" height=\"312\" \/><\/a><\/h1>\n<h1 style=\"text-align: center;\"><span style=\"color: #ffffff;\">.<\/span><\/h1>\n<h1 style=\"text-align: center;\"><span style=\"color: #996600;\"><strong>VOC\u00ca \u00c9 EMANA\u00c7\u00c3O <\/strong><\/span><\/h1>\n<h1 style=\"text-align: center;\"><span style=\"color: #996600;\"><strong>DA INTELIG\u00caNCIA<\/strong><\/span><\/h1>\n<h1 style=\"text-align: center;\"><span style=\"color: #996600;\"><strong> INFINITA<\/strong><\/span><\/h1>\n<h4 style=\"text-align: center;\"><span style=\"color: #996600;\"><strong>D\u00e1rcio<\/strong><\/span><\/h4>\n<h3 style=\"text-align: center;\"><span style=\"color: #996600;\"><strong>A Intelig\u00eancia suprema, infinita, todo-sapiente, emana de Si, e em Si mesma, a &#8220;sua&#8221; exist\u00eancia. Esta Intelig\u00eancia \u00e9 a que Se revelou a Jesus, dizendo:<em> &#8220;Tu \u00e9s o meu Filho amado em quem me comprazo&#8221;.<\/em> Que faz a suposta mente humana? Gera um <em>conceito visivel,<\/em> uma imagem <em>hipn\u00f3tica<\/em> em tr\u00eas dimens\u00f5es, e praticamente tenta impor-nos este <em>conceito,<\/em> como se fosse ele o que realmente somos! Por\u00e9m, podem ser gerados infinitos<em> conceitos falsos<\/em> sobre VOC\u00ca, o que prevalece, ou o que permanece intacto, \u00e9 o Fato, \u00e9 a VERDADE: <em>voc\u00ea \u00e9 emana\u00e7\u00e3o da Intelig\u00eancia Infinita!<\/em> Ou, como dizem as Escrituras, <em>VOC\u00ca<\/em> \u00c9 FILHO DE DEUS!<\/strong><\/span><\/h3>\n<h3 style=\"text-align: center;\"><span style=\"color: #996600;\"><strong>Munido desta informa\u00e7\u00e3o, voc\u00ea se capacita a desprezar todos os conceitos, ideias ou avalia\u00e7\u00f5es feitas sobre o seu ser, e que estejam sendo de natureza inferior ou diferente da Natureza de Deus. Por isso \u00e9 preciso partir da Verdade: <em>Deus e Voc\u00ea s\u00e3o UM!<\/em> Aceitando com &#8220;cora\u00e7\u00e3o de menino&#8221; esta revela\u00e7\u00e3o, voc\u00ea ficar\u00e1 na posi\u00e7\u00e3o real e absoluta de &#8220;estar sendo Emanado da Intelig\u00eancia Infinita&#8221;! Permane\u00e7a nesta simples e absoluta posi\u00e7\u00e3o, durante a &#8220;Pr\u00e1tica do Sil\u00eancio&#8221;: d\u00ea testemunho claro deste Fato espiritual! Sem mais nada a lhe tirar a aten\u00e7\u00e3o, d\u00ea testemunho de que VOC\u00ca est\u00e1 vivendo por estar sendo vivificado pela Intelig\u00eancia Infinita,<em> e que Ela o conhece tal como VOC\u00ca permanentemente \u00c9!<\/em> Mantenha-se por alguns instantes nesta simples contempla\u00e7\u00e3o! Acima da percep\u00e7\u00e3o do mundo, ou da suposta mente humana, a Intelig\u00eancia Infinita Universal j\u00e1 est\u00e1 <em>SENDO!<\/em> E, onde VOC\u00ca est\u00e1, exatamente AGORA, esta Intelig\u00eancia est\u00e1 sendo<em> &#8220;VOC\u00ca&#8221;!<\/em> Medite, contemple e vivencie esta Verdade!<\/strong><\/span><\/h3>\n<h3 style=\"text-align: center;\"><span style=\"color: #996600;\"><strong>*<\/strong><\/span><\/h3>\n","protected":false},"excerpt":{"rendered":"<p>. VOC\u00ca \u00c9 EMANA\u00c7\u00c3O DA INTELIG\u00caNCIA INFINITA D\u00e1rcio A Intelig\u00eancia suprema, infinita, todo-sapiente, emana de Si, e em Si mesma, a &#8220;sua&#8221; exist\u00eancia. Esta Intelig\u00eancia \u00e9 a que Se revelou a Jesus, dizendo: &#8220;Tu \u00e9s o meu Filho amado em quem me comprazo&#8221;. Que faz a suposta mente humana? Gera um conceito visivel, uma imagem &hellip; <\/p>\n<p class=\"link-more\"><a href=\"https:\/\/www.fachodeluz.blog.br\/wp\/2011\/10\/29\/voce-e-emanacao-da-inteligencia-infinita\/\" class=\"more-link\">Leia mais<span class=\"screen-reader-text\"> &#8220;Voc\u00ea \u00c9 Emana\u00e7\u00e3o da Intelig\u00eancia Infinita&#8221;<\/span><\/a><\/p>\n","protected":false},"author":2,"featured_media":0,"comment_status":"open","ping_status":"open","sticky":false,"template":"","format":"standard","meta":{"nf_dc_page":"","_crdt_document":"","footnotes":""},"categories":[10],"tags":[],"class_list":["post-8845","post","type-post","status-publish","format-standard","hentry","category-darcio-dezolt"],"featured_media_urls":[],"_links":{"self":[{"href":"https:\/\/www.fachodeluz.blog.br\/wp\/wp-json\/wp\/v2\/posts\/8845","targetHints":{"allow":["GET"]}}],"collection":[{"href":"https:\/\/www.fachodeluz.blog.br\/wp\/wp-json\/wp\/v2\/posts"}],"about":[{"href":"https:\/\/www.fachodeluz.blog.br\/wp\/wp-json\/wp\/v2\/types\/post"}],"author":[{"embeddable":true,"href":"https:\/\/www.fachodeluz.blog.br\/wp\/wp-json\/wp\/v2\/users\/2"}],"replies":[{"embeddable":true,"href":"https:\/\/www.fachodeluz.blog.br\/wp\/wp-json\/wp\/v2\/comments?post=8845"}],"version-history":[{"count":0,"href":"https:\/\/www.fachodeluz.blog.br\/wp\/wp-json\/wp\/v2\/posts\/8845\/revisions"}],"wp:attachment":[{"href":"https:\/\/www.fachodeluz.blog.br\/wp\/wp-json\/wp\/v2\/media?parent=8845"}],"wp:term":[{"taxonomy":"category","embeddable":true,"href":"https:\/\/www.fachodeluz.blog.br\/wp\/wp-json\/wp\/v2\/categories?post=8845"},{"taxonomy":"post_tag","embeddable":true,"href":"https:\/\/www.fachodeluz.blog.br\/wp\/wp-json\/wp\/v2\/tags?post=8845"}],"curies":[{"name":"wp","href":"https:\/\/api.w.org\/{rel}","templated":true}]}}