{"id":8889,"date":"2011-11-05T17:24:42","date_gmt":"2011-11-05T19:24:42","guid":{"rendered":"http:\/\/fachodeluz.blog.br\/wp\/?p=8889"},"modified":"2011-11-05T17:24:54","modified_gmt":"2011-11-05T19:24:54","slug":"o-modelo-unico","status":"publish","type":"post","link":"https:\/\/www.fachodeluz.blog.br\/wp\/2011\/11\/05\/o-modelo-unico\/","title":{"rendered":"O Modelo \u00danico"},"content":{"rendered":"<h1 style=\"text-align: center;\"><a href=\"https:\/\/i0.wp.com\/fachodeluz.blog.br\/wp\/wp-content\/uploads\/2011\/11\/modelo.gif\"><img data-recalc-dims=\"1\" loading=\"lazy\" decoding=\"async\" loading=\"lazy\" class=\"aligncenter size-full wp-image-8890\" title=\"modelo\" src=\"https:\/\/i0.wp.com\/fachodeluz.blog.br\/wp\/wp-content\/uploads\/2011\/11\/modelo.gif?resize=450%2C297\" alt=\"\" width=\"450\" height=\"297\" srcset=\"https:\/\/i0.wp.com\/www.fachodeluz.blog.br\/wp\/wp-content\/uploads\/2011\/11\/modelo.gif?w=450&amp;ssl=1 450w, https:\/\/i0.wp.com\/www.fachodeluz.blog.br\/wp\/wp-content\/uploads\/2011\/11\/modelo.gif?resize=300%2C198&amp;ssl=1 300w\" sizes=\"auto, (max-width: 450px) 100vw, 450px\" \/><\/a><span style=\"color: #ffffff;\">.<\/span><\/h1>\n<h1 style=\"text-align: center;\"><span style=\"color: #5c5c00;\">O\u00a0 <\/span><\/h1>\n<h1 style=\"text-align: center;\"><span style=\"color: #5c5c00;\">MODELO \u00daNICO<\/span><\/h1>\n<h4 style=\"text-align: center;\"><span style=\"color: #5c5c00;\">D\u00e1rcio<\/span><\/h4>\n<h2 style=\"text-align: center;\"><\/h2>\n<h2 style=\"text-align: center;\"><span style=\"color: #5c5c00;\">O &#8220;cora\u00e7\u00e3o de menino&#8221;, exemplificado por Jesus, ao revelar de que modo poderemos discernir a Verdade, &#8211; o Reino do Absoluto e nossa pr\u00f3pria Identidade eterna &#8211;\u00a0 \u00e9 o estado de<em> receptividade<\/em> e, ao mesmo tempo, de<em> ilumina\u00e7\u00e3o<\/em> que apresentamos quando meditamos. Aparentemente deixamos um mundo problem\u00e1tico e material para &#8220;retornar ao Reino de Deus&#8221;. Por\u00e9m, uma vez conhecido que a chamada &#8220;exist\u00eancia humana&#8221; \u00e9 puramente hipn\u00f3tica, de imediato nos discerniremos como eternamente somos: sendo o Absoluto, o Verbo, expresso como Forma individual.<\/span><\/h2>\n<h2 style=\"text-align: center;\"><span style=\"color: #5c5c00;\">Mary Baker Eddy coloca a seguinte quest\u00e3o:<em> &#8220;Qual quadro mental ou pensamento exteriorizado ser-te-\u00e1 real &#8211; o material ou o espiritual?&#8221;<\/em>\u00a0 E ela responde o seguinte: <em>&#8220;S\u00f3 um \u00e9 que pode ser. Est\u00e1s manifestando teu pr\u00f3prio ideal. Esse ideal ou \u00e9 temporal, ou \u00e9 eterno. Ou o Esp\u00edrito ou a mat\u00e9ria \u00e9 teu modelo. Se tentas ter dois modelos, ent\u00e3o praticamente n\u00e3o tens nenhum. Qual um p\u00eandulo de rel\u00f3gio, ser\u00e1s atirado de um lado para outro, indo de encontro \u00e0 carca\u00e7a da mat\u00e9ria e oscilando entre o real e o irreal&#8221;.<\/em><\/span><\/h2>\n<h2 style=\"text-align: center;\"><span style=\"color: #5c5c00;\">O estudo da Verdade parte do absoluto: <em>N\u00e3o h\u00e1 nada, sen\u00e3o Deus!<\/em> Esta Verdade requer dedica\u00e7\u00e3o, radicalismo e identifica\u00e7\u00e3o! N\u00e3o por existir algo al\u00e9m desta Verdade; antes, justamente por a Verdade ser TUDO, esta perman\u00eancia nos \u00e9 requerida t\u00e3o somente para nos impedir de ser iludidos por simples<em> imagens mentais hipn\u00f3ticas<\/em> que pretendem se fazer passar por realidades.<\/span><\/h2>\n<h2 style=\"text-align: center;\"><span style=\"color: #5c5c00;\">Durante a &#8220;Pr\u00e1tica do Sil\u00eancio&#8221;,\u00a0 lembre-se de que o &#8220;modelo&#8221; a ser admitido, e o \u00fanico em exist\u00eancia, \u00e9 o Esp\u00edrito! N\u00e3o existe mat\u00e9ria! A Sra. Eddy mostra o que acontece, quando Esp\u00edrito e mat\u00e9ria s\u00e3o levados juntos em considera\u00e7\u00e3o: <em>voc\u00ea ficar\u00e1 sendo jogado de um lado para o outro, sempre oscilando entre o real e o irreal!<\/em> O ensinamento absoluto requer a admiss\u00e3o total deste princ\u00edpio absoluto! Unicamente Deus, Esp\u00edrito, \u00e9 Realidade!\u00a0 Medite unicamente para reconhecer esta Verdade, e, ao mesmo tempo, discernir a &#8220;sua&#8221; presen\u00e7a sendo uma <em>Unidade<\/em> com Ela! Esta \u00e9 a <em>identifica\u00e7\u00e3o<\/em> que precisa ser feita e mantida com dedica\u00e7\u00e3o e radicalismo, mediante este\u00a0 estudo.<\/span><\/h2>\n<h2 style=\"text-align: center;\"><span style=\"color: #5c5c00;\">*<\/span><\/h2>\n<p>&nbsp;<\/p>\n","protected":false},"excerpt":{"rendered":"<p>. O\u00a0 MODELO \u00daNICO D\u00e1rcio O &#8220;cora\u00e7\u00e3o de menino&#8221;, exemplificado por Jesus, ao revelar de que modo poderemos discernir a Verdade, &#8211; o Reino do Absoluto e nossa pr\u00f3pria Identidade eterna &#8211;\u00a0 \u00e9 o estado de receptividade e, ao mesmo tempo, de ilumina\u00e7\u00e3o que apresentamos quando meditamos. Aparentemente deixamos um mundo problem\u00e1tico e material para &hellip; <\/p>\n<p class=\"link-more\"><a href=\"https:\/\/www.fachodeluz.blog.br\/wp\/2011\/11\/05\/o-modelo-unico\/\" class=\"more-link\">Leia mais<span class=\"screen-reader-text\"> &#8220;O Modelo \u00danico&#8221;<\/span><\/a><\/p>\n","protected":false},"author":2,"featured_media":0,"comment_status":"open","ping_status":"open","sticky":false,"template":"","format":"standard","meta":{"nf_dc_page":"","_crdt_document":"","footnotes":""},"categories":[10],"tags":[],"class_list":["post-8889","post","type-post","status-publish","format-standard","hentry","category-darcio-dezolt"],"featured_media_urls":[],"_links":{"self":[{"href":"https:\/\/www.fachodeluz.blog.br\/wp\/wp-json\/wp\/v2\/posts\/8889","targetHints":{"allow":["GET"]}}],"collection":[{"href":"https:\/\/www.fachodeluz.blog.br\/wp\/wp-json\/wp\/v2\/posts"}],"about":[{"href":"https:\/\/www.fachodeluz.blog.br\/wp\/wp-json\/wp\/v2\/types\/post"}],"author":[{"embeddable":true,"href":"https:\/\/www.fachodeluz.blog.br\/wp\/wp-json\/wp\/v2\/users\/2"}],"replies":[{"embeddable":true,"href":"https:\/\/www.fachodeluz.blog.br\/wp\/wp-json\/wp\/v2\/comments?post=8889"}],"version-history":[{"count":0,"href":"https:\/\/www.fachodeluz.blog.br\/wp\/wp-json\/wp\/v2\/posts\/8889\/revisions"}],"wp:attachment":[{"href":"https:\/\/www.fachodeluz.blog.br\/wp\/wp-json\/wp\/v2\/media?parent=8889"}],"wp:term":[{"taxonomy":"category","embeddable":true,"href":"https:\/\/www.fachodeluz.blog.br\/wp\/wp-json\/wp\/v2\/categories?post=8889"},{"taxonomy":"post_tag","embeddable":true,"href":"https:\/\/www.fachodeluz.blog.br\/wp\/wp-json\/wp\/v2\/tags?post=8889"}],"curies":[{"name":"wp","href":"https:\/\/api.w.org\/{rel}","templated":true}]}}