{"id":9015,"date":"2011-11-29T14:55:35","date_gmt":"2011-11-29T16:55:35","guid":{"rendered":"http:\/\/fachodeluz.blog.br\/wp\/?p=9015"},"modified":"2011-11-29T14:55:35","modified_gmt":"2011-11-29T16:55:35","slug":"tesouros-da-metafisica-5","status":"publish","type":"post","link":"https:\/\/www.fachodeluz.blog.br\/wp\/2011\/11\/29\/tesouros-da-metafisica-5\/","title":{"rendered":"Tesouros da Metaf\u00edsica-5"},"content":{"rendered":"<h1 align=\"center\"><a href=\"https:\/\/i0.wp.com\/fachodeluz.blog.br\/wp\/wp-content\/uploads\/2011\/11\/tm5.gif\"><img data-recalc-dims=\"1\" loading=\"lazy\" decoding=\"async\" loading=\"lazy\" class=\"aligncenter size-full wp-image-9016\" title=\"tm5\" src=\"https:\/\/i0.wp.com\/fachodeluz.blog.br\/wp\/wp-content\/uploads\/2011\/11\/tm5.gif?resize=450%2C344\" alt=\"\" width=\"450\" height=\"344\" srcset=\"https:\/\/i0.wp.com\/www.fachodeluz.blog.br\/wp\/wp-content\/uploads\/2011\/11\/tm5.gif?w=450&amp;ssl=1 450w, https:\/\/i0.wp.com\/www.fachodeluz.blog.br\/wp\/wp-content\/uploads\/2011\/11\/tm5.gif?resize=300%2C229&amp;ssl=1 300w\" sizes=\"auto, (max-width: 450px) 100vw, 450px\" \/><\/a><\/h1>\n<h1 align=\"center\"><span style=\"color: #ffffff;\">.<\/span><\/h1>\n<h1 align=\"center\"><span style=\"color: #003838;\">Tesouros da Metaf\u00edsica<\/span><\/h1>\n<p style=\"text-align: center;\"><span style=\"color: #003838;\"><strong>D\u00e1rcio<\/strong><\/span><\/p>\n<h1 style=\"text-align: center;\" align=\"center\"><span style=\"color: #003838;\">5<\/span><\/h1>\n<p style=\"text-align: center;\"><span style=\"color: #ffffff;\">.<\/span><\/p>\n<h2 align=\"center\"><span style=\"color: #003838;\">A demonstra\u00e7\u00e3o \u00e9, em ess\u00eancia, a mostra de Deus, ou o bem. \u00c9 o aparecimento do ser real, a exposi\u00e7\u00e3o ou descoberta, para o sentido humano, do que \u00e9 ver\u00eddico e divino. Por outro lado, o pecado, a doen\u00e7a, a mortalidade expressam a cren\u00e7a de que a mente carnal possa demonstrar-se, ou manifestar-se. Cada vez que ocorre a cura espiritual, tal alega\u00e7\u00e3o \u00e9 refutada. A demonstra\u00e7\u00e3o n\u00e3o origina uma nova situa\u00e7\u00e3o, mas revela o que j\u00e1 est\u00e1 presente. Demonstrar \u00e9 remover o v\u00e9u que obscurece a Realidade espiritual presente. \u00c9 trazer \u00e0 luz o que sempre existiu e sempre existir\u00e1.<\/span><\/h2>\n<h3 align=\"center\"><span style=\"color: #003838;\">(Geoffrey J. Barrat).<\/span><\/h3>\n<p align=\"center\">\n<h3 align=\"center\"><span style=\"color: #003838;\"><strong>O trecho acima assinala o princ\u00edpio da chamada \u201ccura espiritual\u201d. O Universo real, este em que estamos e n\u00e3o vemos com os sentidos humanos, j\u00e1 \u00e9 espiritual e perfeito. As imagens vis\u00edveis atuam como neblina, procurando ocultar esta perfei\u00e7\u00e3o presente. Se soubermos separar internamente este nevoeiro(quadro mental) da Realidade perfeita inc\u00f3lume, pelo reconhecimento constante de que a Mente divina \u00e9 a Mente real e \u00fanica que est\u00e1 em atividade como nossa mente, teremos o que na Metaf\u00edsica chamamos de \u201cdemonstra\u00e7\u00e3o\u201d, ou seja, teremos a prova vis\u00edvel desta Verdade.<\/strong><\/span><\/h3>\n<h3 align=\"center\"><span style=\"color: #003838;\"><strong>Nosso ponto de partida est\u00e1 no reconhecimento de que DEUS \u00c9 TUDO COMO TUDO. Assim, contemplamos esta Verdade de que Deus \u00e9 a Atividade \u00fanica e onipresente. Continua Geoffrey J. Barrat: <em>Ceder a Deus como a fonte da cura n\u00e3o \u00e9 uma quest\u00e3o de ficar inativo, pensando: \u201cGra\u00e7as a Deus, n\u00e3o tenho de fazer nada\u201d.Dar tudo a Deus n\u00e3o \u00e9 uma a\u00e7\u00e3o passiva. N\u00e3o significa tomar atitude neutra ou ap\u00e1tica. \u00c9 uma responsabilidade ativa, uma exig\u00eancia de reconhecer constantemente que \u201ca Mente divina \u00e9 o sanador cient\u00edfico\u201d.<\/em> Nossa ocupa\u00e7\u00e3o \u00e9 agu\u00e7ar o sentido espiritual, a fim de discernirmos cura e demonstra\u00e7\u00e3o.<\/strong><\/span><\/h3>\n<h3 align=\"center\"><span style=\"color: #003838;\"><strong>O segredo \u00e9 este: contemplarmos a perfei\u00e7\u00e3o j\u00e1 realizada, exatamente agora, apesar de todas as miragens ou nevoeiros parecerem ocult\u00e1-la de nossa percep\u00e7\u00e3o. Joel S. Goldsmith costumava orar da seguinte maneira: <em>\u201cEu te agrade\u00e7o, meu Pai. Tudo que de Teu Verbo espero \u00e9 que rasgues o v\u00e9u que me encobre a harmonia, que j\u00e1 existe. Aqui n\u00e3o estaria eu na expectativa de ouvir a Tua Voz se acreditasse na exist\u00eancia duma desarmonia, duma disc\u00f3rdia\u201d.<\/em><\/strong><\/span><\/h3>\n<p align=\"center\">\n<p align=\"center\">\n<h4 style=\"text-align: right;\" align=\"center\"><em>Continua..&gt;<\/em><\/h4>\n","protected":false},"excerpt":{"rendered":"<p>. Tesouros da Metaf\u00edsica D\u00e1rcio 5 . A demonstra\u00e7\u00e3o \u00e9, em ess\u00eancia, a mostra de Deus, ou o bem. \u00c9 o aparecimento do ser real, a exposi\u00e7\u00e3o ou descoberta, para o sentido humano, do que \u00e9 ver\u00eddico e divino. Por outro lado, o pecado, a doen\u00e7a, a mortalidade expressam a cren\u00e7a de que a mente &hellip; <\/p>\n<p class=\"link-more\"><a href=\"https:\/\/www.fachodeluz.blog.br\/wp\/2011\/11\/29\/tesouros-da-metafisica-5\/\" class=\"more-link\">Leia mais<span class=\"screen-reader-text\"> &#8220;Tesouros da Metaf\u00edsica-5&#8221;<\/span><\/a><\/p>\n","protected":false},"author":2,"featured_media":0,"comment_status":"open","ping_status":"open","sticky":false,"template":"","format":"standard","meta":{"nf_dc_page":"","_crdt_document":"","footnotes":""},"categories":[10],"tags":[],"class_list":["post-9015","post","type-post","status-publish","format-standard","hentry","category-darcio-dezolt"],"featured_media_urls":[],"_links":{"self":[{"href":"https:\/\/www.fachodeluz.blog.br\/wp\/wp-json\/wp\/v2\/posts\/9015","targetHints":{"allow":["GET"]}}],"collection":[{"href":"https:\/\/www.fachodeluz.blog.br\/wp\/wp-json\/wp\/v2\/posts"}],"about":[{"href":"https:\/\/www.fachodeluz.blog.br\/wp\/wp-json\/wp\/v2\/types\/post"}],"author":[{"embeddable":true,"href":"https:\/\/www.fachodeluz.blog.br\/wp\/wp-json\/wp\/v2\/users\/2"}],"replies":[{"embeddable":true,"href":"https:\/\/www.fachodeluz.blog.br\/wp\/wp-json\/wp\/v2\/comments?post=9015"}],"version-history":[{"count":0,"href":"https:\/\/www.fachodeluz.blog.br\/wp\/wp-json\/wp\/v2\/posts\/9015\/revisions"}],"wp:attachment":[{"href":"https:\/\/www.fachodeluz.blog.br\/wp\/wp-json\/wp\/v2\/media?parent=9015"}],"wp:term":[{"taxonomy":"category","embeddable":true,"href":"https:\/\/www.fachodeluz.blog.br\/wp\/wp-json\/wp\/v2\/categories?post=9015"},{"taxonomy":"post_tag","embeddable":true,"href":"https:\/\/www.fachodeluz.blog.br\/wp\/wp-json\/wp\/v2\/tags?post=9015"}],"curies":[{"name":"wp","href":"https:\/\/api.w.org\/{rel}","templated":true}]}}